{"id":163860,"date":"2025-10-08T22:26:10","date_gmt":"2025-10-08T22:26:10","guid":{"rendered":"https:\/\/www.europesays.com\/es\/163860\/"},"modified":"2025-10-08T22:26:10","modified_gmt":"2025-10-08T22:26:10","slug":"asi-se-fraguo-el-volantazo-del-psoe-con-la-iniciativa-antitaurina-la-presion-de-cuatro-federaciones-y-el-no-nos-vamos-a-pegar-un-tiro-en-el-pie-de-moncloa-el-mundo","status":"publish","type":"post","link":"https:\/\/www.europesays.com\/es\/163860\/","title":{"rendered":"As\u00ed se fragu\u00f3 el volantazo del PSOE con la iniciativa antitaurina: la presi\u00f3n de cuatro federaciones y el &quot;no nos vamos a pegar un tiro en el pie&quot; de Moncloa &#8211; El Mundo"},"content":{"rendered":"<ol>\n<li><a href=\"https:\/\/news.google.com\/rss\/articles\/CBMie0FVX3lxTE1lTG1lNE9xdEtORVYtaUQzVENSZFBnSFZGaDBPNXQ3dGdNRTMwWnhwWXdrbHNtUldfbUFUY1dOYllVVWJ0cDJjbmdaQ0NGSGlGaHo4bjVYNmI5aFZWR0doSkIzOTdYZ1Q5NGJzNmh4T181amJMYzJ0UVV6WdIBe0FVX3lxTE9keEg0bjZiZ21vZnJ2Tk42RnpxWGVfSTQ3cGpPUkYtN1k5TXVQcGRKYmxVaWV0ZEF4Xzc5TXJrRkNrbnlLdnVsemp2VXVjVG5LVjBkcUQ4RnVmZ0xBdmNBZXQwMHVvbmprMXh4czlrbWdYS0xfX3Vvb3pGVQ?oc=5\" target=\"_blank\" rel=\"nofollow noopener\">As\u00ed se fragu\u00f3 el volantazo del PSOE con la iniciativa antitaurina: la presi\u00f3n de cuatro federaciones y el \u00abno nos vamos a pegar un tiro en el pie\u00bb de Moncloa<\/a>&nbsp;&nbsp;El Mundo<\/li>\n<li><a href=\"https:\/\/news.google.com\/rss\/articles\/CBMilwFBVV95cUxQczhBU1ZJXzhBNnQzdnh6cnBwRUFmWS1ZMWpFZTFXcVJuQmRkQkhRT3c2YjNfakFxeVFab3FUVFpuRmRRLUZGZlVxTnhJV2c2VHk1cmdxOXRlNmFLS09yaFpfSHBzY01BVWNTeXk3WFRLQ3lqUWRXUWVrQmhzaFdxWC1EVU1rTTZUaGoteVNiMVUxOU9IcThv?oc=5\" target=\"_blank\" rel=\"nofollow noopener\">El Socialista: \u00ab\u00a1Abajo las corridas de toros!\u00bb<\/a>&nbsp;&nbsp;elDiario.es<\/li>\n<li><a href=\"https:\/\/news.google.com\/rss\/articles\/CBMi_AFBVV95cUxPYlFSdlg2aXU2WmpwR3l3NXJMZHkwTVc5VlN0UHpZdHU5TWVnWUVEQ0pZampLMjBseFNkWDcxRmpVcFkzWmVVRzROaElpOTY0blhJT0xnSGN5aXl0TFU2NmdsdWNsV1kwaE1WSkxyS2dOZmo0WUpwYkI3ZmZGRG03Tlc2d2EtSDZlQVN6RDRJeVU3ZzVvUGhkU2pRR2RvbWF0THZvdzM1TkVtc0I2ODZDa1BMYUlPdF9MRnBMc0FBUzhpMjVVU3kzckFITjFzR0IxTUZnZWgyUnd1cGQ0TTREcXpya0xwcDZRd2xQSS1JSmlvNEpaMVlMM25QeXHSAYICQVVfeXFMT3FtV3hGcUhKNUhqWGs3S0JJVFVCOGR0Y3IwLUIxTV85UzJnOVFzS0x3MHpJSGlvS2djM1RJSHNvUkhjVkUtZV9YM1Y2Z3liUzM2ZzRrMWlqSm5hWkh1Z0oxY25kaXJ1YVJLTXZwVjNzeGJ4SEtXb05YZ1pxZUtNa3ptOWJUVlZzcVpGZGRYcjk4amx6djd5REgtb2FCTVZsQ3E4ZVpERnpKdHdiaE5DNEV0amJRcE55X2RzMk03d0E1Rm5OQlhMZUNXZlAwUDBNVFdkelAxZUpjUzNmcDY2SFlkNGh0LW9iYWViaWV3NVg5RTFyT3h4MUpUTGRENW5ZSFJR?oc=5\" target=\"_blank\" rel=\"nofollow noopener\">Pepa Mill\u00e1n reivindica la tauromaquia: \u2018Lo que nace del alma de un pueblo nunca desaparecer\u00e1\u2019<\/a>&nbsp;&nbsp;VOX Espa\u00f1a<\/li>\n<li><a href=\"https:\/\/news.google.com\/rss\/articles\/CBMivgFBVV95cUxObzNuREFUcVJqdi1selE1aWk5WWFtUHpvRGZUSEYySUFpQ19BQTFTWXM1Vjd1VmxSaTJKbW9yVC1oeldCWWNMeDZ6bXo4aUpmcXluaUdhTjB3d2RoLU1sYXZkVHRGYm5CbzJEUEVUS0JnSlpuX2paXzdiWU4xR2h3U1p3cG83ZlpNQ0FPM3oyN09oSjZGV29lSDdFdjdxOFRtMktnY3psaGxQQ19NN3VmSU1lNmktdlhSZlV3NmN30gHDAUFVX3lxTE1zTDhIcWltRW9HVEtFcUFsNFZXdTdaS3JSazN2c19kejZ6ZmVlSHlOMTc1X0plcURQcDVjdmlNXzRFTWRoYnVES3hucUhfSWhDT1JqSURCSy11N2gtUTMzakEya2htNnd6aUdCd3VfalFnWlZPaklTaXVTQ0dUMlFod3l4WkwtN0ZEY1hTX2RkQUZZMExFWU9PLWNtbDZvTlhEbEE1MUZKaGpEdFlnRFphY2tna3lpOHI5dEFZQkFjQ2RlVQ?oc=5\" target=\"_blank\" rel=\"nofollow noopener\">La abstenci\u00f3n del PSOE impide que el Congreso tramite la iniciativa para acabar con el blindaje legal de la tauromaquia<\/a>&nbsp;&nbsp;El Confidencial<\/li>\n<li><a href=\"https:\/\/news.google.com\/rss\/articles\/CBMiwwFBVV95cUxOTFQzSkxRWE5FakhxVWM2QzB5YlBRTTNGZTY3VkZQd2p4aV9vMjRjV3RVQTFpS1hfYWhtaHNEUWUtei1lQ1dRYWdzeXl3d05Cc2UyTlZYZ2FfSzVJY2lVYVA2Zk8xaGEwX2dDMGUyZzBtVVNZLXQtSUhuU0pXODBuQVRnbmRXWVJkdlc5MHE4VVUwaEQtbXpWbGNvUkQzZmlTUkFlLUtGN3VVNWxrSUJLMUVDVkZ1UGJFaFBvaTcyNVpuWkE?oc=5\" target=\"_blank\" rel=\"nofollow noopener\">El presidente de Castilla-La Mancha defiende la tauromaquia como se\u00f1a de identidad cultural y rechaza los \u00abcaprichos de un ministro\u00bb<\/a>&nbsp;&nbsp;ABC<\/li>\n<\/ol>\n","protected":false},"excerpt":{"rendered":"As\u00ed se fragu\u00f3 el volantazo del PSOE con la iniciativa antitaurina: la presi\u00f3n de cuatro federaciones y el&hellip;\n","protected":false},"author":2,"featured_media":163861,"comment_status":"","ping_status":"","sticky":false,"template":"","format":"standard","meta":{"footnotes":""},"categories":[277],"tags":[373,209,168,25,24,1699,23,167,374,444],"class_list":{"0":"post-163860","1":"post","2":"type-post","3":"status-publish","4":"format-standard","5":"has-post-thumbnail","7":"category-toreo","8":"tag-bullfighting","9":"tag-cultura","10":"tag-deportes","11":"tag-es","12":"tag-espana","13":"tag-psoe","14":"tag-spain","15":"tag-sports","16":"tag-toreo","17":"tag-toros"},"share_on_mastodon":{"url":"","error":""},"_links":{"self":[{"href":"https:\/\/www.europesays.com\/es\/wp-json\/wp\/v2\/posts\/163860","targetHints":{"allow":["GET"]}}],"collection":[{"href":"https:\/\/www.europesays.com\/es\/wp-json\/wp\/v2\/posts"}],"about":[{"href":"https:\/\/www.europesays.com\/es\/wp-json\/wp\/v2\/types\/post"}],"author":[{"embeddable":true,"href":"https:\/\/www.europesays.com\/es\/wp-json\/wp\/v2\/users\/2"}],"replies":[{"embeddable":true,"href":"https:\/\/www.europesays.com\/es\/wp-json\/wp\/v2\/comments?post=163860"}],"version-history":[{"count":0,"href":"https:\/\/www.europesays.com\/es\/wp-json\/wp\/v2\/posts\/163860\/revisions"}],"wp:featuredmedia":[{"embeddable":true,"href":"https:\/\/www.europesays.com\/es\/wp-json\/wp\/v2\/media\/163861"}],"wp:attachment":[{"href":"https:\/\/www.europesays.com\/es\/wp-json\/wp\/v2\/media?parent=163860"}],"wp:term":[{"taxonomy":"category","embeddable":true,"href":"https:\/\/www.europesays.com\/es\/wp-json\/wp\/v2\/categories?post=163860"},{"taxonomy":"post_tag","embeddable":true,"href":"https:\/\/www.europesays.com\/es\/wp-json\/wp\/v2\/tags?post=163860"}],"curies":[{"name":"wp","href":"https:\/\/api.w.org\/{rel}","templated":true}]}}