{"id":163862,"date":"2025-10-08T22:28:08","date_gmt":"2025-10-08T22:28:08","guid":{"rendered":"https:\/\/www.europesays.com\/es\/163862\/"},"modified":"2025-10-08T22:28:08","modified_gmt":"2025-10-08T22:28:08","slug":"jon-rahm-desembarca-en-el-open-de-madrid","status":"publish","type":"post","link":"https:\/\/www.europesays.com\/es\/163862\/","title":{"rendered":"Jon Rahm desembarca en el Open de Madrid"},"content":{"rendered":"<p style=\"\">Arranca una nueva edici\u00f3n del <strong>Open de Espa\u00f1a<\/strong> en el Club de Campo Villa de Madrid y los focos del golf europeo se dirigen hacia la capital espa\u00f1ola. El torneo llega este a\u00f1o con un cartel de lujo, tanto nacional como internacional, y con  &#8230; un recorrido negro de Javier Arana hacia el que no escatiman sus elogios los profesionales. El propio <strong>Sergio Garc\u00eda<\/strong>, que llevaba seis temporadas ausent\u00e1ndose de la cita nacional, ha sido el primero en piropear el campo: \u00abLo he visto mejor que nunca. Est\u00e1 muy bien cuidado y los cambios de estos a\u00f1os le han sentado fenomenal. En los entrenamientos me he sentido c\u00f3modo y, aunque he tomado notas y analizado las nuevas l\u00edneas de tiro, sigue siendo un dise\u00f1o que me gusta mucho\u00bb.<\/p>\n<p class=\"voc-p\" style=\"\">El otro jugador m\u00e1s seguido por la afici\u00f3n local va a ser <a href=\"https:\/\/www.abc.es\/deportes\/rahm-lidera-defensa-europa-ante-eeuu-trump-20250925201550-nt.html\" target=\"_self\" data-voc-vtm-id=\"in-text-traffic\" title=\"Jon Rahm\" rel=\"nofollow noopener\">Jon Rahm<\/a>, que acude feliz y agradecido a una sede madrile\u00f1a que conoce a la perfecci\u00f3n de su \u00e9poca amateur en la Resisencia Blume. Y como no le duelen prendas en reconocer, \u00abes una cita con la que intento devolver lo mucho que apost\u00f3 por mi el golf espa\u00f1ol en mi \u00e9poca de formaci\u00f3n con la Real Federaci\u00f3n Espa\u00f1ola de Golf\u00bb. Por todos los valores que le inculcaron entonces, su mayor aspiraci\u00f3n es \u00abdejar huella en la historia de nuestro golf, pues ha habido muchos golfistas delante de m\u00ed y espero ser uno m\u00e1s en esa lista\u00bb afirm\u00f3 esperanzado. \u00abSin Seve, por ejemplo, no habr\u00eda habido un Rahm. Eso est\u00e1 claro. Juego en casa porque quiero seguir construyendo la historia del golf en Espa\u00f1a. Si Seve gan\u00f3 tres Open de Espa\u00f1a, yo quiero ganar cuatro. Y si alguien tiene cuatro, intentar\u00e9 ganar m\u00e1s\u00bb, a\u00f1adi\u00f3 desafiante.<\/p>\n<p class=\"voc-p\" style=\"\">Al margen de los jugadores profesionales, uno de los principales embajadores que tiene el golf hoy en d\u00eda no es otro que <a href=\"https:\/\/www.abc.es\/deportes\/tenis\/millon-ganarle-punto-carlos-alcaraz-20251007171310-nt.html\" target=\"_self\" data-voc-vtm-id=\"in-text-traffic\" title=\"Carlos Alcaraz\" rel=\"nofollow noopener\">Carlos Alcaraz<\/a>. El n\u00famero uno del tenis mundial es otro enganchado a este deporte, como lo demostr\u00f3 en el pasado <strong>Open USA<\/strong> cuando celebr\u00f3 sus victorias con \u00abswings\u00bb, y aprovecha cualquier resquicio de su apretado calendario para jugar unos hoyos. La ocasi\u00f3n era perfecta y aprovech\u00f3 para jugar nueve hoyos con Jon Rahm y Feliciano L\u00f3pez y otros tantos con el h\u00e9roe de la reciente Ryder Cip, Shane Lowrie. Y el irland\u00e9s qued\u00f3 encantado con las cualidades del murciano con los palos. \u00abEs un deportista encantador y con mucho talento, seguro que sigue mejorando en el futuro\u00bb, afirm\u00f3 el autor del &#8216;putt&#8217; ganador para Europa en la \u00faltima Ryder.<\/p>\n<p class=\"voc-p\" style=\"\">Otros de los grandes alicientes de la presente edici\u00f3n es que ahora forma parte de los &#8216;Back Nine&#8217; del <strong>Circuito Europeo<\/strong>, que dan m\u00e1s puntos de cara a la carrera a Dub\u00e1i de dentro de un mes. Y, adem\u00e1s, desde este a\u00f1o el Open de Espa\u00f1a pone en juego un puesto para disputar el Masters y el Open Brit\u00e1nico para el ganador, lo que ha sido todo un acicate para que muchos profesionales de relumbr\u00f3n se hayan apuntado a disputarlo. Figuras del LIV Golf como<strong> Joaqu\u00edn Niemann<\/strong> o <strong>Patrick Ree<\/strong>d, y otro antiguo ganador de grande, como Danny Willett, juegan desde hoy con la esperanza de darle un giro a su pr\u00f3xima temporada.<\/p>\n","protected":false},"excerpt":{"rendered":"Arranca una nueva edici\u00f3n del Open de Espa\u00f1a en el Club de Campo Villa de Madrid y los&hellip;\n","protected":false},"author":2,"featured_media":163863,"comment_status":"","ping_status":"","sticky":false,"template":"","format":"standard","meta":{"footnotes":""},"categories":[275],"tags":[168,614,25,24,329,205,1684,48385,23,167],"class_list":{"0":"post-163862","1":"post","2":"type-post","3":"status-publish","4":"format-standard","5":"has-post-thumbnail","7":"category-golf","8":"tag-deportes","9":"tag-disfruta","10":"tag-es","11":"tag-espana","12":"tag-golf","13":"tag-madrid","14":"tag-mejor","15":"tag-otonal","16":"tag-spain","17":"tag-sports"},"share_on_mastodon":{"url":"","error":""},"_links":{"self":[{"href":"https:\/\/www.europesays.com\/es\/wp-json\/wp\/v2\/posts\/163862","targetHints":{"allow":["GET"]}}],"collection":[{"href":"https:\/\/www.europesays.com\/es\/wp-json\/wp\/v2\/posts"}],"about":[{"href":"https:\/\/www.europesays.com\/es\/wp-json\/wp\/v2\/types\/post"}],"author":[{"embeddable":true,"href":"https:\/\/www.europesays.com\/es\/wp-json\/wp\/v2\/users\/2"}],"replies":[{"embeddable":true,"href":"https:\/\/www.europesays.com\/es\/wp-json\/wp\/v2\/comments?post=163862"}],"version-history":[{"count":0,"href":"https:\/\/www.europesays.com\/es\/wp-json\/wp\/v2\/posts\/163862\/revisions"}],"wp:featuredmedia":[{"embeddable":true,"href":"https:\/\/www.europesays.com\/es\/wp-json\/wp\/v2\/media\/163863"}],"wp:attachment":[{"href":"https:\/\/www.europesays.com\/es\/wp-json\/wp\/v2\/media?parent=163862"}],"wp:term":[{"taxonomy":"category","embeddable":true,"href":"https:\/\/www.europesays.com\/es\/wp-json\/wp\/v2\/categories?post=163862"},{"taxonomy":"post_tag","embeddable":true,"href":"https:\/\/www.europesays.com\/es\/wp-json\/wp\/v2\/tags?post=163862"}],"curies":[{"name":"wp","href":"https:\/\/api.w.org\/{rel}","templated":true}]}}