{"id":163876,"date":"2025-10-08T22:35:10","date_gmt":"2025-10-08T22:35:10","guid":{"rendered":"https:\/\/www.europesays.com\/es\/163876\/"},"modified":"2025-10-08T22:35:10","modified_gmt":"2025-10-08T22:35:10","slug":"fotos-chileno-instalo-figura-de-netanyahu-como-chucky-y-de-milei-como-perro-de-trump-en-museo-de-madrid","status":"publish","type":"post","link":"https:\/\/www.europesays.com\/es\/163876\/","title":{"rendered":"[Fotos] Chileno instal\u00f3 figura de Netanyahu como Chucky y de Milei como perro de Trump en museo de Madrid"},"content":{"rendered":"<p>Un artista chileno intervino de forma ef\u00edmera el Museo de Cera de Madrid para colocar, al lado del presidente estadounidense, Donald Trump, en el Despacho Oval una figura del primer ministro israel\u00ed, Benjam\u00edn Netanyahu, vestido del mu\u00f1eco diab\u00f3lico Chucky con un perro faldero con la cara del argentino Javier Milei.<\/p>\n<p>\u00abYo trabajo el arte de acci\u00f3n y el arte contextual, que tienen que ver con leer situaciones ya dadas, en este caso la escena que hay en el museo, y mezclarlas con situaciones a nivel global, como es el genocidio en Gaza\u00bb, explic\u00f3 este jueves a EFE el artista, Nicol\u00e1s Miranda.<\/p>\n<p>La escena, &#8216;Child&#8217;s play&#8217; (&#8216;Juego de ni\u00f1os&#8217;), apenas dur\u00f3 media hora. El artista entr\u00f3 ayer por la tarde con algunos acompa\u00f1antes al museo madrile\u00f1o con las figuras escondidas en mochilas y bolsos, los instal\u00f3 en el Despacho Oval que ya exist\u00eda y, despu\u00e9s de un tiempo y unas cuantas fotograf\u00edas, desmont\u00f3 la muestra y se la llev\u00f3 a su casa.<\/p>\n<p class=\"prompt\">\n    <a class=\"leer-articulo\" id=\"leer-articulo-completo\" data-categoria=\"Cultura\" href=\"https:\/\/cooperativa.cl\/noticias\/cultura\/museos\/chileno-instalo-figura-de-netanyahu-como-chucky-y-de-milei-como-perro-de\/2025-10-08\/javascript:void(0);\" rel=\"nofollow noopener\" target=\"_blank\">LEER ARTICULO COMPLETO<\/a>\n  <\/p>\n","protected":false},"excerpt":{"rendered":"Un artista chileno intervino de forma ef\u00edmera el Museo de Cera de Madrid para colocar, al lado del&hellip;\n","protected":false},"author":2,"featured_media":163877,"comment_status":"","ping_status":"","sticky":false,"template":"","format":"standard","meta":{"footnotes":""},"categories":[173],"tags":[229,233,231,230,209,232,234,146,147,25,24,3873,23],"class_list":{"0":"post-163876","1":"post","2":"type-post","3":"status-publish","4":"format-standard","5":"has-post-thumbnail","7":"category-arte-y-diseno","8":"tag-arte","9":"tag-arte-y-diseno","10":"tag-arts","11":"tag-arts-and-design","12":"tag-cultura","13":"tag-design","14":"tag-diseno","15":"tag-entertainment","16":"tag-entretenimiento","17":"tag-es","18":"tag-espana","19":"tag-museos","20":"tag-spain"},"share_on_mastodon":{"url":"","error":""},"_links":{"self":[{"href":"https:\/\/www.europesays.com\/es\/wp-json\/wp\/v2\/posts\/163876","targetHints":{"allow":["GET"]}}],"collection":[{"href":"https:\/\/www.europesays.com\/es\/wp-json\/wp\/v2\/posts"}],"about":[{"href":"https:\/\/www.europesays.com\/es\/wp-json\/wp\/v2\/types\/post"}],"author":[{"embeddable":true,"href":"https:\/\/www.europesays.com\/es\/wp-json\/wp\/v2\/users\/2"}],"replies":[{"embeddable":true,"href":"https:\/\/www.europesays.com\/es\/wp-json\/wp\/v2\/comments?post=163876"}],"version-history":[{"count":0,"href":"https:\/\/www.europesays.com\/es\/wp-json\/wp\/v2\/posts\/163876\/revisions"}],"wp:featuredmedia":[{"embeddable":true,"href":"https:\/\/www.europesays.com\/es\/wp-json\/wp\/v2\/media\/163877"}],"wp:attachment":[{"href":"https:\/\/www.europesays.com\/es\/wp-json\/wp\/v2\/media?parent=163876"}],"wp:term":[{"taxonomy":"category","embeddable":true,"href":"https:\/\/www.europesays.com\/es\/wp-json\/wp\/v2\/categories?post=163876"},{"taxonomy":"post_tag","embeddable":true,"href":"https:\/\/www.europesays.com\/es\/wp-json\/wp\/v2\/tags?post=163876"}],"curies":[{"name":"wp","href":"https:\/\/api.w.org\/{rel}","templated":true}]}}