{"id":163878,"date":"2025-10-08T22:36:21","date_gmt":"2025-10-08T22:36:21","guid":{"rendered":"https:\/\/www.europesays.com\/es\/163878\/"},"modified":"2025-10-08T22:36:21","modified_gmt":"2025-10-08T22:36:21","slug":"soy-experta-en-cultura-y-he-probado-el-unico-libro-electronico-por-el-que-dejaria-de-leer-en-papel","status":"publish","type":"post","link":"https:\/\/www.europesays.com\/es\/163878\/","title":{"rendered":"Soy experta en cultura y he probado el \u00fanico libro electr\u00f3nico por el que dejar\u00eda de leer en papel"},"content":{"rendered":"<p data-journey-content=\"true\" data-node-id=\"0\" class=\"css-6wxqfj emevuu60\"><strong data-node-id=\"0.0\">En el momento de escribir este art\u00edculo, estoy leyendo mi libro 106 del a\u00f1o. <\/strong>O, mejor, releyendo, porque estoy sumergida en la brillante y fascinante prosa de &#8216;La pen\u00ednsula de las casas vac\u00edas&#8217;, de David Ucl\u00e9s. Siruela, la editorial, me mand\u00f3 la edici\u00f3n especial que han sacado por los 200.000 ejemplares de la que es, sin duda, la <a href=\"https:\/\/www.elle.com\/es\/living\/ocio-cultura\/g65664523\/mejores-libros-espanoles-ultimas-decadas\/\" data-vars-ga-outbound-link=\"https:\/\/www.elle.com\/es\/living\/ocio-cultura\/g65664523\/mejores-libros-espanoles-ultimas-decadas\/\" data-vars-ga-ux-element=\"Hyperlink\" data-vars-ga-call-to-action=\"mejor novela espa\u00f1ola de la d\u00e9cada\" data-node-id=\"0.2\" class=\"body-link css-103hk4r emevuu60\" rel=\"nofollow noopener\" target=\"_blank\">mejor novela espa\u00f1ola de la d\u00e9cada<\/a>. Es deliciosa, pero llevarla en el metro, con su tapa dura y sus 700 p\u00e1ginas, es un reto para mis manos (y mi espalda).<\/p>\n<p data-journey-content=\"true\" data-node-id=\"1\" class=\"css-6wxqfj emevuu60\"><strong data-node-id=\"1.0\">Cuando viajo en el transporte p\u00fablico con la novela de Ucl\u00e9s, no paro de acordarme de mi nuevo Kindle Colorsoft,<\/strong> el libro electr\u00f3nico que he probado \u00faltimamente y por el que estoy dispuesta a dejar el papel (y mira que soy un poco integrista de los libros &#8216;de toda la vida&#8217;). Ya hab\u00eda probado el \u00faltimo Kindle, pero esta versi\u00f3n con pantalla a color me parece de lo m\u00e1s interesante, sobre todo si lees muchos libros con ilustraciones, c\u00f3mics, revistas o tambi\u00e9n novela rom\u00e1ntica.<\/p>\n<p data-journey-content=\"true\" data-node-id=\"2\" class=\"css-6wxqfj emevuu60\">Lo primero de todo, decirte que <strong data-node-id=\"2.1\">la calidad del Kindle Colorsoft, el primer reader que Amazon lanza en color, es muy buena.<\/strong> El color est\u00e1 muy bien y resulta bastante contrastado; yo lo he probado con un c\u00f3mic, el color se mantiene al pasar las p\u00e1ginas y te puedes desplazar con bastante comodidad y agilidad por las vi\u00f1etas.<\/p>\n<p> Amazon Kindle Colorsoft<\/p>\n<p><a target=\"_blank\" rel=\"nofollow noopener\" data-theme-key=\"product-image-wrapper\" href=\"https:\/\/www.amazon.es\/dp\/B0CX8MQF7R?tag=ellespain-21\" aria-label=\"184\u00a0\u20ac en Amazon for  Amazon Kindle Colorsoft\" data-href=\"https:\/\/www.amazon.es\/dp\/B0CX8MQF7R\" data-product-url=\"https:\/\/www.amazon.es\/dp\/B0CX8MQF7R\" data-affiliate=\"true\" data-affiliate-url=\"https:\/\/www.amazon.es\/dp\/B0CX8MQF7R?tag=ellespain-21\" data-affiliate-network=\"{&quot;site_id&quot;:&quot;5545cc0d-2c00-4ffe-8b27-aa070fd2db3c&quot;,&quot;metadata&quot;:{&quot;links&quot;:{&quot;default&quot;:&quot;https:\/\/www.amazon.es\/dp\/B0CX8MQF7R?tag=ellespain-21&quot;}},&quot;network&quot;:{&quot;name&quot;:&quot;Amazon&quot;},&quot;afflink_redirect&quot;:&quot;\/_p\/afflink\/yZ4U\/amazon-nuevo-amazon-kindle-colorsoft-con&quot;}\" data-vars-ga-call-to-action=\"184\u00a0\u20ac en Amazon\" data-vars-ga-media-role=\"\" data-vars-ga-media-type=\"Single Product Embed\" data-vars-ga-outbound-link=\"https:\/\/www.amazon.es\/dp\/B0CX8MQF7R\" data-vars-ga-product-brand=\"Amazon\" data-vars-ga-product-id=\"6e2e7e88-475c-47f1-acbd-4757fc762ecb\" data-vars-ga-product-price=\"184,00\u00a0\u20ac\" data-vars-ga-product-retailer-id=\"8dcbc6ec-5385-4ee9-af07-788d35f784a6\" data-vars-ga-product-sem3-brand=\"Amazon\" data-vars-ga-product-sem3-category=\"Lectores de eBooks\" data-vars-ga-link-treatment=\"sale | (not set)\" data-vars-ga-sku=\"B0CX8MQF7R\" data-vars-ga-magento-tracking=\"1\" class=\"product-image-link ebgq4gw2 e1b8bpvs0 css-g6od0w e1c1bym14\"><img  alt=\" Amazon Kindle Colorsoft\" title=\" Amazon Kindle Colorsoft\" src=\"https:\/\/www.europesays.com\/es\/wp-content\/uploads\/2025\/10\/1754473300-5106Tbq5ycL.jpg\" width=\"1000\" height=\"1000\" decoding=\"async\" loading=\"lazy\"\/><\/a><\/p>\n<p data-journey-content=\"true\" data-node-id=\"5\" class=\"css-6wxqfj emevuu60\">La principal duda que ten\u00eda con este modelo era si saturaba demasiado el color de las im\u00e1genes, pero no me lo ha parecido; creo que el brillo es el justo y, adem\u00e1s, en la calidad de la lectura influye tambi\u00e9n el paso a las 7&#8243; de las pantallas de estos dispositivos.<strong data-node-id=\"5.1\"> Y si sigues leyendo en blanco y negro, gozar\u00e1s de un buen confort de lectura, gracias al modo de alto contraste y al dise\u00f1o antirreflectante.<\/strong><\/p>\n<p data-journey-content=\"true\" data-node-id=\"6\" class=\"css-6wxqfj emevuu60\">Otra de las funcionalidades que me ha parecido muy interesante del Kindle Colorsoft es que<strong data-node-id=\"6.1\"> te permite subrayar en varios colores y luego hacer b\u00fasquedas por color.<\/strong> As\u00ed que si tienes en Kindle Colorsoft tu libro de texto, es perfecto para estudiar por c\u00f3digos de color, por ejemplo. Despu\u00e9s puedes revisarlo todo desde el apartado &#8216;Notas y destacados&#8217; o exportar las notas.<\/p>\n<p data-journey-content=\"true\" data-node-id=\"7\" class=\"css-6wxqfj emevuu60\">Alguna cosa m\u00e1s que me ha gustado: <strong data-node-id=\"7.1\">la bater\u00eda, que me ha durado sin recargarla casi un mes;<\/strong><strong data-node-id=\"7.2\"> el peso, poco m\u00e1s de 200 gramos; <\/strong>los 32 GB de almacenamiento (yo prob\u00e9 la Signature Edition; en la normal parte con 16 GB) y, en general, un dise\u00f1o muy vers\u00e1til para distintos escenarios de lectura, incluso bajo luz fuerte o exteriores -aunque en zonas muy soleadas me cost\u00f3 m\u00e1s leer-. <\/p>\n<p data-journey-content=\"true\" data-node-id=\"8\" class=\"css-6wxqfj emevuu60\">Es verdad que el precio del Kindle Colorsoft es algo m\u00e1s elevado que el del resto de la gama y, si solo lees novelas sin contenido en color puede que pagar por ello no tenga sentido. Pero piensa que, en <strong data-node-id=\"8.1\">el Prime Day de Amazon, que termina hoy, tiene un descuento s\u00faper del 31%. El precio, hoy solo, se queda en 184,99 euros (el precio original es de 269,99 euros). Nada menos que 85 euros de rebaja.<\/strong> \u00bfMi opini\u00f3n? Vale la pena la inversi\u00f3n. <\/p>\n<p><img src=\"https:\/\/www.europesays.com\/es\/wp-content\/uploads\/2025\/10\/1759962981_87_b1a4d5e6-08b9-4f30-abc3-fb139534505c_1547635299.file\" alt=\"Headshot of Bego\u00f1a Alonso\" title=\"Headshot of Bego\u00f1a Alonso\" width=\"100%\" height=\"100%\" decoding=\"async\" loading=\"lazy\" class=\"css-o0wq4v ev8dhu53\"\/><\/p>\n<p>Bego\u00f1a Alonso es experta en ocio, cultura y estilo de vida, coordinando la secci\u00f3n de Living en Elle.es desde hace m\u00e1s de seis a\u00f1os. Llevar la secci\u00f3n de Living supone que lo mismo escribe un reportaje sobre las mejores series de terror de Netflix, que un art\u00edculo de viajes y lunas de miel, un perfil de una activista feminista o un listado de los mejores libros de la historia que tienes que leer.\u00a0<\/p>\n<p>Siempre suele decir que la vida no le da para todo: libros, agenda, m\u00fasica, ocio, cine, series, plataformas de streaming (Netflix, Amazon, HBO, Disney+, Filmin, Movistar+, Apple TV+\u2026), maternidad, televisi\u00f3n, feminismo, viajes, cultura, \u2018lifestyle\u2019, motor, tecnolog\u00eda\u2026 Pero es capaz de llegar a todas partes para ofrecer siempre los contenidos m\u00e1s actuales e interesantes.\u00a0<\/p>\n<p>Bego\u00f1a Alonso se licenci\u00f3 en 1999 en Periodismo en la Universidad Complutense de Madrid, pero cuenta casi con 30 a\u00f1os de experiencia en la profesi\u00f3n. Se estren\u00f3 en medios locales como Huelva Informaci\u00f3n o Las Provincias, pas\u00f3 por radios vecinales haciendo programas de cine y luego aterriz\u00f3 en el mundo del papel, en medios como La Raz\u00f3n, Maxim o Reporter.\u00a0<\/p>\n<p>Tras 9 a\u00f1os dedicada al \u2018branded content\u2019, Bego\u00f1a lleva una d\u00e9cada en ELLE, el mismo tiempo que ha transcurrido desde que consiguiera el Premio 20 Blogs por \u2018The Best of the 80s\u2019, un blog de m\u00fasica de los 80, una de sus pasiones. Tambi\u00e9n adora las pel\u00edculas de boda y se pasa m\u00e1s tiempo planificando viajes que llev\u00e1ndolos a cabo, pero eso es otra historia. \u00a0<\/p>\n","protected":false},"excerpt":{"rendered":"En el momento de escribir este art\u00edculo, estoy leyendo mi libro 106 del a\u00f1o. O, mejor, releyendo, porque&hellip;\n","protected":false},"author":2,"featured_media":163879,"comment_status":"","ping_status":"","sticky":false,"template":"","format":"standard","meta":{"footnotes":""},"categories":[172],"tags":[1655,224,146,147,25,24,225,23],"class_list":{"0":"post-163878","1":"post","2":"type-post","3":"status-publish","4":"format-standard","5":"has-post-thumbnail","7":"category-libros","8":"tag-afiliacion","9":"tag-books","10":"tag-entertainment","11":"tag-entretenimiento","12":"tag-es","13":"tag-espana","14":"tag-libros","15":"tag-spain"},"share_on_mastodon":{"url":"","error":""},"_links":{"self":[{"href":"https:\/\/www.europesays.com\/es\/wp-json\/wp\/v2\/posts\/163878","targetHints":{"allow":["GET"]}}],"collection":[{"href":"https:\/\/www.europesays.com\/es\/wp-json\/wp\/v2\/posts"}],"about":[{"href":"https:\/\/www.europesays.com\/es\/wp-json\/wp\/v2\/types\/post"}],"author":[{"embeddable":true,"href":"https:\/\/www.europesays.com\/es\/wp-json\/wp\/v2\/users\/2"}],"replies":[{"embeddable":true,"href":"https:\/\/www.europesays.com\/es\/wp-json\/wp\/v2\/comments?post=163878"}],"version-history":[{"count":0,"href":"https:\/\/www.europesays.com\/es\/wp-json\/wp\/v2\/posts\/163878\/revisions"}],"wp:featuredmedia":[{"embeddable":true,"href":"https:\/\/www.europesays.com\/es\/wp-json\/wp\/v2\/media\/163879"}],"wp:attachment":[{"href":"https:\/\/www.europesays.com\/es\/wp-json\/wp\/v2\/media?parent=163878"}],"wp:term":[{"taxonomy":"category","embeddable":true,"href":"https:\/\/www.europesays.com\/es\/wp-json\/wp\/v2\/categories?post=163878"},{"taxonomy":"post_tag","embeddable":true,"href":"https:\/\/www.europesays.com\/es\/wp-json\/wp\/v2\/tags?post=163878"}],"curies":[{"name":"wp","href":"https:\/\/api.w.org\/{rel}","templated":true}]}}