{"id":163888,"date":"2025-10-08T22:41:09","date_gmt":"2025-10-08T22:41:09","guid":{"rendered":"https:\/\/www.europesays.com\/es\/163888\/"},"modified":"2025-10-08T22:41:09","modified_gmt":"2025-10-08T22:41:09","slug":"investigadores-espanoles-disenan-nanoanillos-de-proteinas-que-detectan-y-neutralizan-el-sars-cov-2","status":"publish","type":"post","link":"https:\/\/www.europesays.com\/es\/163888\/","title":{"rendered":"Investigadores espa\u00f1oles dise\u00f1an nanoanillos de prote\u00ednas que detectan y neutralizan el Sars-Cov-2"},"content":{"rendered":"<p>Un estudio liderado por el Instituto de Biotecnolog\u00eda y Biomedicina de la Universitat Aut\u00f2noma de Barcelona (IBB-UAB) y del Consejos Nacional de Investigaciones Cient\u00edficas y T\u00e9cnicas (Conicet) de Argentina ha dise\u00f1ado <b>un nanomaterial de prote\u00ednas con forma de anillo que puede detectar, unirse y neutralizar el virus Sars-Cov-2<\/b>.<\/p>\n<p>En profundidad<\/p>\n<p>El trabajo, publicado en la revista &#8216;Advanced Healthcare Materials&#8217;, destaca la \u00ab<b>polivalencia<\/b>\u00bb del sistema ideada para dise\u00f1ar los nanoanillos, que puede integrar capacidades terap\u00e9uticas y diagn\u00f3sticas y adaptarse para combatir otros virus, informa la UAB en un comunicado de este mi\u00e9rcoles.<\/p>\n<p>El nanomaterial est\u00e1 formado por un andamio de prote\u00ednas recombinantes en forma de anillo (&#8216;ring-like particles&#8217;, RLP) al que han incorporado unas miniprote\u00ednas creadas por el equipo investigador en un estudio previo.<\/p>\n<p>La estructura (RLP-1,3), que contiene hasta 20 puntos de uni\u00f3n de las miniprote\u00ednas al virus, se autoensambla en nanopart\u00edculas estables, biocompatibles y homog\u00e9neas que se adhieren \u00ab<b>de manera muy potente<\/b>\u00bb a la part\u00edcula infectiva del virus &#8211;Spike-ACE2&#8211; y la neutralizan.<\/p>\n<p>M\u00e1s detalles<\/p>\n<p>El col\u00edder de la investigaci\u00f3n, investigador del IBB-UAB y director del Instituto de Investigaci\u00f3n e Innovaci\u00f3n Parc Taul\u00ed (I3PT), Salvador Ventura, ha explicado que la actividad de uni\u00f3n al virus de la nueva nanopart\u00edcula \u00ab<b>supera los anticuerpos monoclonales de referencia y las terapias hiperinmunes cl\u00ednicamente aprobadas<\/b>\u00ab.<\/p>\n<p>\u00abAdem\u00e1s, hemos visto que tambi\u00e9n<b> se puede adaptar para el diagn\u00f3stico de la infecci\u00f3n, con un nivel de detecci\u00f3n superior al de los ensayos comerciales<\/b>\u00ab, ha apuntado.<\/p>\n<p>El director del Laboratorio de Nanobioingenier\u00eda del Conicet, Dami\u00e1n \u00c1lvarez Paggi, ha asegurado que el resultado obtenido \u00abdemuestra c\u00f3mo integrar nanoandamios basados en estas estructuras con el dise\u00f1o de miniprote\u00ednas con IA permite<b> crear biomateriales multifuncionales de \u00faltima generaci\u00f3n<\/b>\u00ab.<\/p>\n<p>A tener en cuenta<\/p>\n<p>El sistema dise\u00f1ado, patentado por la UAB y el Conicet, permite cambiar las miniprote\u00ednas por otras de inter\u00e9s para inhibir otros virus, por lo que se pueden \u00ab<b>enchufar <\/b>y <b>desenchufar<\/b>\u00bb nuevas mol\u00e9culas con capacidad terap\u00e9utica y diagn\u00f3stica.<\/p>\n<p>Esto lo posiciona como una \u00ab<b>alternativa flexible<\/b>\u00bb ante brotes infecciosos o pandemias, seg\u00fan los investigadores.<\/p>\n<p>WhatsApp<a href=\"https:\/\/api.whatsapp.com\/send?text=https:\/\/www.eleconomista.es\/salud-bienestar\/ultimas-noticias\/noticias\/13583890\/10\/25\/investigadores-espanoles-disenan-nanoanillos-de-proteinas-que-detectan-y-neutralizan-el-sarscov2.html?utm_source%3Dwhatsapp%26utm_medium%3Dshare_button&amp;id=1648118629957_whatsapp\" target=\"_blank\" data-action=\"share\/whatsapp\/share\" aria-label=\"Compartir en Whatsapp\" rel=\"nofollow noopener\"><\/a>Facebook<a id=\"fb-share\" href=\"#\" target=\"_blank\" rel=\"noopener noreferrer\" aria-label=\"Compartir en Facebook\"><\/a>Twitter<a href=\"https:\/\/twitter.com\/share?text=Investigadores+espa%C3%B1oles+dise%C3%B1an+nanoanillos+de+prote%C3%ADnas+que+detectan+y+neutralizan+el+Sars-Cov-2&amp;url=https:\/\/www.eleconomista.es\/salud-bienestar\/ultimas-noticias\/noticias\/13583890\/10\/25\/investigadores-espanoles-disenan-nanoanillos-de-proteinas-que-detectan-y-neutralizan-el-sarscov2.html&amp;via=elEconomistaes&amp;id=1648118839245_twitter\" target=\"_blank\" aria-label=\"Compartir en Twitter\" rel=\"nofollow noopener\"><\/a>Linkedin<a href=\"https:\/\/linkedin.com\/share?text=https:\/\/www.eleconomista.es\/salud-bienestar\/ultimas-noticias\/noticias\/13583890\/10\/25\/investigadores-espanoles-disenan-nanoanillos-de-proteinas-que-detectan-y-neutralizan-el-sarscov2.html&amp;via=elEconomistaes\" target=\"_blank\" aria-label=\"Compartir en linkedin\" rel=\"nofollow noopener\"><\/a>Beloud<a href=\"https:\/\/beloud.com\/share?text=Investigadores+espa%C3%B1oles+dise%C3%B1an+nanoanillos+de+prote%C3%ADnas+que+detectan+y+neutralizan+el+Sars-Cov-2&amp;url=https:\/\/www.eleconomista.es\/salud-bienestar\/ultimas-noticias\/noticias\/13583890\/10\/25\/investigadores-espanoles-disenan-nanoanillos-de-proteinas-que-detectan-y-neutralizan-el-sarscov2.html&amp;via=elEconomistaes&amp;id=1648118839245_beloud\" target=\"_blank\" aria-label=\"Compartir en beloud\" rel=\"nofollow noopener\"><\/a>Bluesky<a href=\"https:\/\/bsky.app\/intent\/compose?text=https:\/\/bsky.app\/intent\/compose?text=https:\/\/www.eleconomista.es\/salud-bienestar\/ultimas-noticias\/noticias\/13583890\/10\/25\/investigadores-espanoles-disenan-nanoanillos-de-proteinas-que-detectan-y-neutralizan-el-sarscov2.html&amp;url=https:\/\/www.eleconomista.es\/salud-bienestar\/ultimas-noticias\/noticias\/13583890\/10\/25\/investigadores-espanoles-disenan-nanoanillos-de-proteinas-que-detectan-y-neutralizan-el-sarscov2.html&amp;via=elEconomistaes&amp;id=1648118839245_bluesky\" target=\"_blank\" aria-label=\"Compartir en bluesky\" rel=\"nofollow noopener\"><\/a><\/p>\n<p><script async src=\"https:\/\/platform.twitter.com\/widgets.js\" charset=\"utf-8\"><\/script><\/p>\n","protected":false},"excerpt":{"rendered":"Un estudio liderado por el Instituto de Biotecnolog\u00eda y Biomedicina de la Universitat Aut\u00f2noma de Barcelona (IBB-UAB) y&hellip;\n","protected":false},"author":2,"featured_media":163889,"comment_status":"","ping_status":"","sticky":false,"template":"","format":"standard","meta":{"footnotes":""},"categories":[92],"tags":[25,24,165,166,4134,23],"class_list":{"0":"post-163888","1":"post","2":"type-post","3":"status-publish","4":"format-standard","5":"has-post-thumbnail","7":"category-salud","8":"tag-es","9":"tag-espana","10":"tag-health","11":"tag-salud","12":"tag-salud-bienestar","13":"tag-spain"},"share_on_mastodon":{"url":"","error":""},"_links":{"self":[{"href":"https:\/\/www.europesays.com\/es\/wp-json\/wp\/v2\/posts\/163888","targetHints":{"allow":["GET"]}}],"collection":[{"href":"https:\/\/www.europesays.com\/es\/wp-json\/wp\/v2\/posts"}],"about":[{"href":"https:\/\/www.europesays.com\/es\/wp-json\/wp\/v2\/types\/post"}],"author":[{"embeddable":true,"href":"https:\/\/www.europesays.com\/es\/wp-json\/wp\/v2\/users\/2"}],"replies":[{"embeddable":true,"href":"https:\/\/www.europesays.com\/es\/wp-json\/wp\/v2\/comments?post=163888"}],"version-history":[{"count":0,"href":"https:\/\/www.europesays.com\/es\/wp-json\/wp\/v2\/posts\/163888\/revisions"}],"wp:featuredmedia":[{"embeddable":true,"href":"https:\/\/www.europesays.com\/es\/wp-json\/wp\/v2\/media\/163889"}],"wp:attachment":[{"href":"https:\/\/www.europesays.com\/es\/wp-json\/wp\/v2\/media?parent=163888"}],"wp:term":[{"taxonomy":"category","embeddable":true,"href":"https:\/\/www.europesays.com\/es\/wp-json\/wp\/v2\/categories?post=163888"},{"taxonomy":"post_tag","embeddable":true,"href":"https:\/\/www.europesays.com\/es\/wp-json\/wp\/v2\/tags?post=163888"}],"curies":[{"name":"wp","href":"https:\/\/api.w.org\/{rel}","templated":true}]}}