{"id":163890,"date":"2025-10-08T22:42:09","date_gmt":"2025-10-08T22:42:09","guid":{"rendered":"https:\/\/www.europesays.com\/es\/163890\/"},"modified":"2025-10-08T22:42:09","modified_gmt":"2025-10-08T22:42:09","slug":"me-estais-dando-la-noche","status":"publish","type":"post","link":"https:\/\/www.europesays.com\/es\/163890\/","title":{"rendered":"\u00abMe est\u00e1is dando la noche\u00bb"},"content":{"rendered":"<p style=\"\"><a href=\"https:\/\/www.abc.es\/play\/television\/noticias\/ana-mena-sorprende-pablo-motos-invitacion-boda-20241001223512-nt.html\" target=\"_self\" data-voc-vtm-id=\"in-text-traffic\" title=\"Ana Mena es una de las visitas habituales de &#039;El Hormiguero&#039;\" data-mrf-link=\"www.abc.es\" rel=\"nofollow noopener\">Ana Mena es una de las visitas habituales de &#8216;El Hormiguero&#8217;<\/a>, y este mi\u00e9rcoles 8 de octubre volvi\u00f3 a sentarse con <strong>Pablo Motos<\/strong> con muchos proyecto que promocionar. La artista present\u00f3 en primicia en el programa de las hormigas su nueva canci\u00f3n <strong>&#8216;<\/strong> &#8230; <strong>L\u00e1rgate&#8217;<\/strong>, disponible en las plataformas desde el pr\u00f3ximo viernes. <\/p>\n<p class=\"voc-p\" style=\"\">Adem\u00e1s, la malague\u00f1a vuelve a la gran pantalla en enero del a\u00f1o que viene. Tras participar en <strong>&#8216;La piel que habito&#8217;<\/strong> y &#8216;<strong>Viaje al cuarto de una madre<\/strong>&#8216;, Mena estrena <strong>&#8216;\u00cddolos&#8217;<\/strong>, una historia de amor ambientada en el mundo del motociclismo profesional que la joven protagoniza junto a<a href=\"https:\/\/www.abc.es\/gente\/ana-mena-exnovio-real-madrid-cambio-fisico-20251008200000-nt.html\" target=\"_self\" data-voc-vtm-id=\"in-text-traffic\" title=\" \u00d3scar Casas, su actual pareja\" data-mrf-link=\"www.abc.es\" rel=\"nofollow noopener\"> \u00d3scar Casas, su actual pareja<\/a>. \u00abVa a ser incre\u00edble. Es la primera peli que se hace del Mundial de MotoGP. Vais a flipar, rodamos en circuitos reales, en carreras reales y con carreras reales\u00bb, adelant\u00f3. <\/p>\n<p class=\"voc-p\" style=\"\">En esta nueva etapa de su carrera musical, la cantante asegura haberse cansado de ser pol\u00edticamente correcta. Para muestra, su nuevo tema, de la que Motos ley\u00f3 parte de la letra. \u2018No est\u00e1 bien desearle la muerte a nadie, pero quisiera que te faltara el aire. Abrirte el coraz\u00f3n y sacarte mi parte\u2026 Tengo 10.000 maneras para matarte\u2019, reza la canci\u00f3n. \u00ab<a href=\"https:\/\/www.abc.es\/cultura\/musica\/cancion-shakira-pique-fuerte-frases-censuradas-sesion-20230119130633-nt.html\" target=\"_self\" data-voc-vtm-id=\"in-text-traffic\" title=\"Shakira a tu lado\" data-mrf-link=\"www.abc.es\" rel=\"nofollow noopener\">Shakira a tu lado<\/a> es el Padre \u00c1ngel\u00bb, se burl\u00f3 el de Requena. <\/p>\n<p class=\"voc-p\" style=\"\"> \u00abMe ves aqu\u00ed tan rubiecita y tal, pero te puedo dar la tarde, amigo\u00bb, constat\u00f3 la invitada. Obviamente el anfitri\u00f3n quiso saber a qui\u00e9n va dirigida <strong>\u2018L\u00e1rgate<\/strong>\u2019. A lo que <strong>Ana Mena<\/strong> especific\u00f3 que \u00abse la podemos aplicar a cualquier que nos haya hecho una putada\u00bb, si bien ella se la dedica a algunos de sus exs.<\/p>\n<p>\nEl test &#8216;pol\u00edticamente incorrecto&#8217; de Motos a Ana Mena\n<\/p>\n<p class=\"voc-p\" style=\"\">Adem\u00e1s, Motos comprob\u00f3 si era cierto que la artista no es pol\u00edticamente correcta 24\/7 y se mojaba contestando algunas preguntas comprometidas. Primero indag\u00f3 si hab\u00eda robado algo alguna vez, pero sustraer un paquete de Donettes a los 13 a\u00f1os en un camping no lo consideraron como tal. Tampoco echarse m\u00e1s perfume de lo normal en el \u2018duty free\u2019 del aeropuerto. \u00abEres muy honrada\u00bb, reconoci\u00f3 el presentador.<\/p>\n<p class=\"voc-p\" style=\"\">La segunda pregunta la puso en el compromiso de confesar qu\u00e9 canci\u00f3n famosa le parece horrorosa. <strong>\u2018Call Me Maybe\u2019<\/strong>, de <strong>Carly Rae Jepsen<\/strong>, fue la elegida por la invitada. Y la \u00faltima cuesti\u00f3n del test se refiri\u00f3 a las aplicaciones para ligar. Ella neg\u00f3 tajantemente haberlas usado alguna vez. \u00abNo, nunca. Ni falta\u2026 \u00bfT\u00fa te has visto tus MD, los mensajes directos de Instagram? Es como Tinder\u00bb, esgrimi\u00f3 la invitada. Acertadamente, Trancas y Barrancas adivinaron que Motos no sab\u00eda a qu\u00e9 se estaba refiriendo. Y cuanto m\u00e1s intentaron explic\u00e1rselo las mascotas y la invitada, m\u00e1s se agobi\u00f3. \u00abMe est\u00e1is dando la noche\u2026 \u00bfEs lo de que hay un avi\u00f3n? Me he puesto a sudar\u2026 \u00bfD\u00f3nde pone mensajes directos?\u00bb, inquiri\u00f3, hasta que finalmente encontr\u00f3 el icono.<\/p>\n","protected":false},"excerpt":{"rendered":"Ana Mena es una de las visitas habituales de &#8216;El Hormiguero&#8217;, y este mi\u00e9rcoles 8 de octubre volvi\u00f3&hellip;\n","protected":false},"author":2,"featured_media":163891,"comment_status":"","ping_status":"","sticky":false,"template":"","format":"standard","meta":{"footnotes":""},"categories":[91],"tags":[683,146,147,25,24,28018,23],"class_list":{"0":"post-163890","1":"post","2":"type-post","3":"status-publish","4":"format-standard","5":"has-post-thumbnail","7":"category-entretenimiento","8":"tag-ana","9":"tag-entertainment","10":"tag-entretenimiento","11":"tag-es","12":"tag-espana","13":"tag-mena","14":"tag-spain"},"share_on_mastodon":{"url":"","error":""},"_links":{"self":[{"href":"https:\/\/www.europesays.com\/es\/wp-json\/wp\/v2\/posts\/163890","targetHints":{"allow":["GET"]}}],"collection":[{"href":"https:\/\/www.europesays.com\/es\/wp-json\/wp\/v2\/posts"}],"about":[{"href":"https:\/\/www.europesays.com\/es\/wp-json\/wp\/v2\/types\/post"}],"author":[{"embeddable":true,"href":"https:\/\/www.europesays.com\/es\/wp-json\/wp\/v2\/users\/2"}],"replies":[{"embeddable":true,"href":"https:\/\/www.europesays.com\/es\/wp-json\/wp\/v2\/comments?post=163890"}],"version-history":[{"count":0,"href":"https:\/\/www.europesays.com\/es\/wp-json\/wp\/v2\/posts\/163890\/revisions"}],"wp:featuredmedia":[{"embeddable":true,"href":"https:\/\/www.europesays.com\/es\/wp-json\/wp\/v2\/media\/163891"}],"wp:attachment":[{"href":"https:\/\/www.europesays.com\/es\/wp-json\/wp\/v2\/media?parent=163890"}],"wp:term":[{"taxonomy":"category","embeddable":true,"href":"https:\/\/www.europesays.com\/es\/wp-json\/wp\/v2\/categories?post=163890"},{"taxonomy":"post_tag","embeddable":true,"href":"https:\/\/www.europesays.com\/es\/wp-json\/wp\/v2\/tags?post=163890"}],"curies":[{"name":"wp","href":"https:\/\/api.w.org\/{rel}","templated":true}]}}