{"id":163896,"date":"2025-10-08T22:45:09","date_gmt":"2025-10-08T22:45:09","guid":{"rendered":"https:\/\/www.europesays.com\/es\/163896\/"},"modified":"2025-10-08T22:45:09","modified_gmt":"2025-10-08T22:45:09","slug":"condenan-a-quienes-intentaron-asesinar-a-cristina-fernandez-de-kirchner","status":"publish","type":"post","link":"https:\/\/www.europesays.com\/es\/163896\/","title":{"rendered":"Condenan a quienes intentaron asesinar a Cristina Fern\u00e1ndez de Kirchner"},"content":{"rendered":"<p>      CNN Espa\u00f1ol<br \/>\n        \u00a0\u2014\u00a0<\/p>\n<p class=\"paragraph inline-placeholder vossi-paragraph\" data-uri=\"es.cms.cnn.com\/_components\/paragraph\/instances\/cmgibqi3a000r27o0geeh76ss@published\" data-editable=\"text\" data-component-name=\"paragraph\" data-article-gutter=\"true\">\n            Un juzgado argentino conden\u00f3 este mi\u00e9rcoles a los autores del intento de asesinato de la expresidenta Cristina Fern\u00e1ndez, ocurrido en septiembre de 2022, tras m\u00e1s de un a\u00f1o de juicio.\n    <\/p>\n<p class=\"paragraph inline-placeholder vossi-paragraph\" data-uri=\"es.cms.cnn.com\/_components\/paragraph\/instances\/cmgibrkpn0004356n32drujt5@published\" data-editable=\"text\" data-component-name=\"paragraph\" data-article-gutter=\"true\">\n            El fallo del Tribunal Oral Federal N\u00b0 6 fij\u00f3 una pena de 10 a\u00f1os a Fernando Sabag Montiel, de 37 a\u00f1os, quien cumplir\u00e1 una condena total de 14 a\u00f1os por un fallo de mayo sobre tenencia de material de explotaci\u00f3n sexual infantil.\n    <\/p>\n<p class=\"paragraph inline-placeholder vossi-paragraph\" data-uri=\"es.cms.cnn.com\/_components\/paragraph\/instances\/cmgibrkpn0005356nnmqqx163@published\" data-editable=\"text\" data-component-name=\"paragraph\" data-article-gutter=\"true\">\n            Adem\u00e1s, los jueces condenaron a Brenda Uliarte a 8 a\u00f1os de prisi\u00f3n al considerarla part\u00edcipe necesaria del hecho y absolvieron a Nicol\u00e1s Carrizo, quien hab\u00eda sido se\u00f1alado durante el proceso como part\u00edcipe secundario.\n    <\/p>\n<p class=\"paragraph inline-placeholder vossi-paragraph\" data-uri=\"es.cms.cnn.com\/_components\/paragraph\/instances\/cmgibrkpn0006356nvoyy2gp6@published\" data-editable=\"text\" data-component-name=\"paragraph\" data-article-gutter=\"true\">\n            En su alegato final, <a href=\"https:\/\/cnnespanol.cnn.com\/2024\/06\/26\/empieza-juicio-oral-intento-asesinato-cristina-fernandez-de-kirchner-orix\" rel=\"nofollow noopener\" target=\"_blank\">Sabag Montiel<\/a>, que reconoci\u00f3 el crimen en una entrevista de 2023, afirm\u00f3 este mi\u00e9rcoles que la causa \u201cestuvo armada\u201d (fabricada). Su abogado hab\u00eda solicitado que fuera declarado inimputable, pero el tribunal rechaz\u00f3 el pedido. Por su parte, Uliarte, que se declar\u00f3 inocente durante el juicio, no hizo uso de la palabra.\n    <\/p>\n<p class=\"paragraph inline-placeholder vossi-paragraph\" data-uri=\"es.cms.cnn.com\/_components\/paragraph\/instances\/cmgibrkpn0007356ncy9psfb6@published\" data-editable=\"text\" data-component-name=\"paragraph\" data-article-gutter=\"true\">\n            La Fiscal\u00eda sostuvo en el juicio que Sabag Montiel y Uliarte \u201cse infiltraron entre la multitud con la finalidad de matar a la entonces vicepresidenta\u201d, frente al domicilio de Fern\u00e1ndez en Buenos Aires. All\u00ed, Sabag Montiel activ\u00f3 el gatillo del arma ante el rostro de la dirigente peronista, pero el disparo no sali\u00f3.\n    <\/p>\n<p class=\"paragraph inline-placeholder vossi-paragraph\" data-uri=\"es.cms.cnn.com\/_components\/paragraph\/instances\/cmgibrkpn0008356n356o6psv@published\" data-editable=\"text\" data-component-name=\"paragraph\" data-article-gutter=\"true\">\n            El tribunal inform\u00f3 que los fundamentos del fallo se conocer\u00e1n en diciembre.\n    <\/p>\n","protected":false},"excerpt":{"rendered":"CNN Espa\u00f1ol \u00a0\u2014\u00a0 Un juzgado argentino conden\u00f3 este mi\u00e9rcoles a los autores del intento de asesinato de la&hellip;\n","protected":false},"author":2,"featured_media":163897,"comment_status":"","ping_status":"","sticky":false,"template":"","format":"standard","meta":{"footnotes":""},"categories":[42],"tags":[283,17,18,29954,13,14,11,61,62,63,64,19,20,9,10,15,16,12,21,22,65,66,67],"class_list":{"0":"post-163896","1":"post","2":"type-post","3":"status-publish","4":"format-standard","5":"has-post-thumbnail","7":"category-internacional","8":"tag-argentina","9":"tag-breaking-news","10":"tag-breakingnews","11":"tag-cristina-fernandez-de-kirchner","12":"tag-featured-news","13":"tag-featurednews","14":"tag-headlines","15":"tag-internacional","16":"tag-international","17":"tag-international-news","18":"tag-internationalnews","19":"tag-latest-news","20":"tag-latestnews","21":"tag-news","22":"tag-noticias","23":"tag-noticias-destacadas","24":"tag-noticiasdestacadas","25":"tag-titulares","26":"tag-ultimas-noticias","27":"tag-ultimasnoticias","28":"tag-world","29":"tag-world-news","30":"tag-worldnews"},"share_on_mastodon":{"url":"","error":""},"_links":{"self":[{"href":"https:\/\/www.europesays.com\/es\/wp-json\/wp\/v2\/posts\/163896","targetHints":{"allow":["GET"]}}],"collection":[{"href":"https:\/\/www.europesays.com\/es\/wp-json\/wp\/v2\/posts"}],"about":[{"href":"https:\/\/www.europesays.com\/es\/wp-json\/wp\/v2\/types\/post"}],"author":[{"embeddable":true,"href":"https:\/\/www.europesays.com\/es\/wp-json\/wp\/v2\/users\/2"}],"replies":[{"embeddable":true,"href":"https:\/\/www.europesays.com\/es\/wp-json\/wp\/v2\/comments?post=163896"}],"version-history":[{"count":0,"href":"https:\/\/www.europesays.com\/es\/wp-json\/wp\/v2\/posts\/163896\/revisions"}],"wp:featuredmedia":[{"embeddable":true,"href":"https:\/\/www.europesays.com\/es\/wp-json\/wp\/v2\/media\/163897"}],"wp:attachment":[{"href":"https:\/\/www.europesays.com\/es\/wp-json\/wp\/v2\/media?parent=163896"}],"wp:term":[{"taxonomy":"category","embeddable":true,"href":"https:\/\/www.europesays.com\/es\/wp-json\/wp\/v2\/categories?post=163896"},{"taxonomy":"post_tag","embeddable":true,"href":"https:\/\/www.europesays.com\/es\/wp-json\/wp\/v2\/tags?post=163896"}],"curies":[{"name":"wp","href":"https:\/\/api.w.org\/{rel}","templated":true}]}}