{"id":163921,"date":"2025-10-08T23:00:08","date_gmt":"2025-10-08T23:00:08","guid":{"rendered":"https:\/\/www.europesays.com\/es\/163921\/"},"modified":"2025-10-08T23:00:08","modified_gmt":"2025-10-08T23:00:08","slug":"la-revuelta-valeria-ros-volvio-a-la-revuelta-y-bromeo-con-tener-una-segunda-oportunidad-meti-muchas-patas","status":"publish","type":"post","link":"https:\/\/www.europesays.com\/es\/163921\/","title":{"rendered":"La Revuelta: Valeria Ros volvi\u00f3 a &#8216;La Revuelta&#8217; y brome\u00f3 con tener una segunda oportunidad: \u00abMet\u00ed muchas patas\u00bb"},"content":{"rendered":"<p class=\"article-text\">\n        <strong>Valeria Ros <\/strong>regres\u00f3 a <strong>La Revuelta<\/strong> tras estar \u201cmuchos meses\u201d sin aparecer en ella. La colaboradora del programa de<strong> TVE <\/strong>volvi\u00f3 para ajustar cuentas con<strong> Grison<\/strong>, despu\u00e9s de que bromeara con su ausencia: \u201cAh\u00ed abajo guardamos las cosas que no se usan, malo ser\u00e1 que no te encuentres a Valeria Ros, Pantomima Full&#8230;\u201d, fue su comentario refiri\u00e9ndose a la parte inferior del teatro.\n    <\/p>\n<p>    <a href=\"https:\/\/www.eldiario.es\/vertele\/videos\/actualidad\/eva-soriano-la-revuelta-mete-jardin-pregunta-sexo-broncano-habeis-humillado-espana_7_12667647.html\" data-mrf-recirculation=\"saber-mas\" data-dl-event=\"saber-mas\" rel=\"nofollow noopener\" target=\"_blank\"><\/p>\n<p class=\"know-more__title\">Eva Soriano se \u00abmete en un jard\u00edn\u00bb con la pregunta del sexo de Broncano: \u00abMe hab\u00e9is humillado ante toda Espa\u00f1a\u00bb<\/p>\n<p>            <img decoding=\"async\" class=\"lazy\" loading=\"lazy\" data-src=\"https:\/\/static.eldiario.es\/clip\/043000ed-c264-451c-bcdc-d3ea0c13bc2b_16-9-aspect-ratio_default_0.jpg\" src=\"data:image\/svg+xml,%3Csvg xmlns=\" http:=\"\" viewbox=\"0 0 880 495\" alt=\"Eva Soriano se &quot;mete en un jard\u00edn&quot; con la pregunta del sexo de Broncano: &quot;Me hab\u00e9is humillado ante toda Espa\u00f1a&quot;\"\/><\/p>\n<p>                            <img decoding=\"async\" class=\"ni-multimedia\" src=\"https:\/\/www.eldiario.es\/assets\/img\/svg\/icons\/gallery-video.h-2e826467718e0ad0cb33a0bdb174f603.svg\" alt=\"Eva Soriano se &quot;mete en un jard\u00edn&quot; con la pregunta del sexo de Broncano: &quot;Me hab\u00e9is humillado ante toda Espa\u00f1a&quot;\"\/><br \/>\n                        <\/a><\/p>\n<p class=\"article-text\">\n        Cuando el m\u00fasico la vio entrar se disculp\u00f3 y justific\u00f3 sus palabras: \u201c<strong>Pensaba que no ibas a venir m\u00e1s<\/strong>. Hac\u00eda meses que no ven\u00edas\u201d, lament\u00f3. Y la c\u00f3mica le dio la raz\u00f3n, agradeci\u00e9ndole que \u201cabriera el mel\u00f3n\u201d porque ella misma tambi\u00e9n pensaba que no iba a colaborar m\u00e1s en el programa.\n    <\/p>\n<p class=\"article-text\">\n        \u201c\u00bfCuento todo?\u201d, pregunt\u00f3 al p\u00fablico que la anim\u00f3 a hacerlo. \u201cEn verano estaba tranquila en casa, hasta que recibo un mail de <strong>un periodista diciendo que se hab\u00eda enterado de que no seguir\u00eda en la nueva temporada<\/strong> de La Revuelta. Le contest\u00e9 que qui\u00e9n se lo hab\u00eda dicho y no me respondi\u00f3 nunca m\u00e1s\u201d.\n    <\/p>\n<blockquote class=\"twitter-tweet\" data-lang=\"es\"><p><a href=\"https:\/\/twitter.com\/X\/status\/1976033106751541326?ref_src=twsrc%5Etfw\" rel=\"nofollow noopener\" target=\"_blank\"><\/p><\/blockquote>\n<p class=\"article-text\">\n        Broncano mostraba su asombro y aseguraba que nunca se hab\u00eda decidido eso. Por lo que Ros prosigui\u00f3: \u201cSemanas despu\u00e9s m<strong>e encontr\u00e9 con una noticia que dec\u00eda que hab\u00edais vuelto con la nueva temporada y el \u00fanico cambio es que prescind\u00edais de m\u00ed\u201d<\/strong>, lament\u00f3.\n    <\/p>\n<p class=\"article-text\">\n        Y aunque Broncano desminti\u00f3 la informaci\u00f3n, la humorista quiso entonar el mea culpa mirando a c\u00e1mara: \u201c<strong>Es verdad que met\u00ed muchas patas, vamos a ser sinceros, a ti nunca te he visto re\u00edrte conmigo con el jijiji\u201d<\/strong>, le dijo a Broncano. \u201cNo he hecho bien la secci\u00f3n, estaba nerviosa, insult\u00e9 a una chica del p\u00fablico. Y resulta que la conoc\u00edan m\u00e1s que a m\u00ed\u201d, record\u00f3 entre risas.\n    <\/p>\n<p>    <a href=\"https:\/\/www.eldiario.es\/vertele\/noticias\/carlos-areces-llego-irritado-late-xou-olvido-promocionar-pelicula_1_12665372.html\" data-mrf-recirculation=\"saber-mas-abajo\" data-dl-event=\"saber-mas-abajo\" rel=\"nofollow noopener\" target=\"_blank\"><\/p>\n<p class=\"know-more__title\">Carlos Areces lleg\u00f3 tan \u201cirritado\u201d al &#8216;Late Xou&#8217; que hasta se neg\u00f3 a promocionar su pel\u00edcula<\/p>\n<p>            <img decoding=\"async\" class=\"lazy\" loading=\"lazy\" data-src=\"https:\/\/static.eldiario.es\/clip\/d423186f-3344-4263-9942-4e5252085964_16-9-aspect-ratio_default_0.jpg\" src=\"data:image\/svg+xml,%3Csvg xmlns=\" http:=\"\" viewbox=\"0 0 880 495\" alt=\"Carlos Areces lleg\u00f3 tan &quot;irritado&quot; al 'Late Xou' que hasta se neg\u00f3 a promocionar su pel\u00edcula\"\/><\/p>\n<p>                        <\/a><\/p>\n<p class=\"article-text\">\n        \u201cYo s\u00ed creo en las segundas oportunidades, ahora mismo me siento como <strong>Pedro S\u00e1nchez<\/strong>. He perdido las primarias\u201d, bromeaba y daba paso a un v\u00eddeo en el que se disfraz\u00f3 para salir a calle a preguntar si quer\u00edan verla m\u00e1s en La Revuelta. Un experimento que no sali\u00f3 del todo bien porque casi no la recordaban, pero demostr\u00f3 que \u201cno estaba muerta, estaba de parranda\u201d.\n    <\/p>\n<p>                                <script async src=\"https:\/\/platform.twitter.com\/widgets.js\" charset=\"utf-8\"><\/script><\/p>\n","protected":false},"excerpt":{"rendered":"Valeria Ros regres\u00f3 a La Revuelta tras estar \u201cmuchos meses\u201d sin aparecer en ella. La colaboradora del programa&hellip;\n","protected":false},"author":2,"featured_media":163922,"comment_status":"","ping_status":"","sticky":false,"template":"","format":"standard","meta":{"footnotes":""},"categories":[171],"tags":[48392,146,147,25,24,48393,2082,10798,528,34682,3745,23,214,28981,24632],"class_list":{"0":"post-163921","1":"post","2":"type-post","3":"status-publish","4":"format-standard","5":"has-post-thumbnail","7":"category-tv","8":"tag-bromeo","9":"tag-entertainment","10":"tag-entretenimiento","11":"tag-es","12":"tag-espana","13":"tag-meti","14":"tag-oportunidad","15":"tag-patas","16":"tag-revuelta","17":"tag-ros","18":"tag-segunda","19":"tag-spain","20":"tag-tv","21":"tag-valeria","22":"tag-volvio"},"share_on_mastodon":{"url":"","error":""},"_links":{"self":[{"href":"https:\/\/www.europesays.com\/es\/wp-json\/wp\/v2\/posts\/163921","targetHints":{"allow":["GET"]}}],"collection":[{"href":"https:\/\/www.europesays.com\/es\/wp-json\/wp\/v2\/posts"}],"about":[{"href":"https:\/\/www.europesays.com\/es\/wp-json\/wp\/v2\/types\/post"}],"author":[{"embeddable":true,"href":"https:\/\/www.europesays.com\/es\/wp-json\/wp\/v2\/users\/2"}],"replies":[{"embeddable":true,"href":"https:\/\/www.europesays.com\/es\/wp-json\/wp\/v2\/comments?post=163921"}],"version-history":[{"count":0,"href":"https:\/\/www.europesays.com\/es\/wp-json\/wp\/v2\/posts\/163921\/revisions"}],"wp:featuredmedia":[{"embeddable":true,"href":"https:\/\/www.europesays.com\/es\/wp-json\/wp\/v2\/media\/163922"}],"wp:attachment":[{"href":"https:\/\/www.europesays.com\/es\/wp-json\/wp\/v2\/media?parent=163921"}],"wp:term":[{"taxonomy":"category","embeddable":true,"href":"https:\/\/www.europesays.com\/es\/wp-json\/wp\/v2\/categories?post=163921"},{"taxonomy":"post_tag","embeddable":true,"href":"https:\/\/www.europesays.com\/es\/wp-json\/wp\/v2\/tags?post=163921"}],"curies":[{"name":"wp","href":"https:\/\/api.w.org\/{rel}","templated":true}]}}