{"id":163923,"date":"2025-10-08T23:01:09","date_gmt":"2025-10-08T23:01:09","guid":{"rendered":"https:\/\/www.europesays.com\/es\/163923\/"},"modified":"2025-10-08T23:01:09","modified_gmt":"2025-10-08T23:01:09","slug":"confirmado-cast-y-fecha-de-estreno","status":"publish","type":"post","link":"https:\/\/www.europesays.com\/es\/163923\/","title":{"rendered":"Confirmado cast y fecha de estreno"},"content":{"rendered":"<p>\t\t\t\t\tLo que necesitas saber:<\/p>\n<p>&#8216;The Beatles &#8211; A Four-Film Cinematic Event&#8217; ser\u00e1 la primera biopic conformada por cuatro partes. Todas dirigidas por Sam Mendes.<\/p>\n<p>Lo que se fue diciendo por partes, ahora queda completamente confirmado: <strong>el cast de la biopic de cuatro partes de The Beatles que el director Sam Mendes est\u00e1 trabajando desde hace unos meses.<\/strong><\/p>\n<p><img loading=\"lazy\" decoding=\"async\" width=\"1581\" height=\"1054\" src=\"https:\/\/www.europesays.com\/es\/wp-content\/uploads\/2025\/10\/beatles-new-song.webp.webp\" alt=\"The Beatles las mejores canciones en ingl\u00e9s del 2023\" class=\"wp-image-1670574\"\/>Foto: The Beatles<\/p>\n<p>Cast fue confirmado por Sam Mendes y Sony Pictures<\/p>\n<p>Oficialmente, el elenco de la biopic (que, al parecer tiene el raro t\u00edtulo de The Beatles \u2013 A Four-Film Cinematic Event),queda as\u00ed: <strong>Harris Dickinson como John Lennon, Paul Mescal ser\u00e1 Paul McCartney, Joseph Quinn como George Harrison y Barry Keoghan como el gran Ringo Starr.<\/strong><\/p>\n<p>El cast de la ambiciosa biopic que estar\u00e1 conformada por cuatro pel\u00edculas (todas bajo la direcci\u00f3n de Sam Mendes) fue confirmada por Sony Pictures. El anuncio se hizo tanto por el director en un evento de CinemaCon, como por la productora <a href=\"https:\/\/x.com\/SonyPictures\" target=\"_blank\" rel=\"noreferrer noopener nofollow\">en un breve pero emocionante anuncio en redes sociales.<\/a><\/p>\n<p><strong>\u201cCada hombre tiene su propia historia, pero juntos son legendarios\u201d, <\/strong>es la sinopsis de The Beatles \u2013 A Four-Film Cinematic Event, el tetrafilm de The Beatles\u2026 cuya historia est\u00e1s que conocida por todo buen fan de The Fab Four, pero no por eso deja de crear expectativas que su historia sea llevada a la gran pantalla (y m\u00e1s por la forma en que se har\u00e1).<\/p>\n<p><img loading=\"lazy\" decoding=\"async\" width=\"1024\" height=\"530\" src=\"https:\/\/www.europesays.com\/es\/wp-content\/uploads\/2025\/10\/cast-The-Beatles-A-Four-Film-Cinematic-Event-1-1024x530.jpeg\" alt=\"cast-The-Beatles-A-Four-Film-Cinematic-Event\" class=\"wp-image-1862747\"  \/>Cast de la biopic de The Beatles \/ Foto: Sony Pictures<\/p>\n<p>Claro, cuando se habla de la vida de los Beatles no es posible limitarse a los cuatro miembros de la banda.<strong> En el caso de la vida de Paul McCartney, una figura central fue Linda, su esposa. Ella tambi\u00e9n ser\u00e1 parte de la historia que contar\u00e1 Sam Mendes.<\/strong><\/p>\n<p>De acuerdo con Deadline, Linda McCartney ser\u00e1 interpretada por la actriz <strong>Saoirse Ronan, a quien muchos recordar\u00e1n como <a href=\"https:\/\/www.sopitas.com\/cine-y-tv\/lady-bird-pelicula-mejor-calificada-tres-razones\/\" target=\"_blank\" rel=\"noreferrer noopener nofollow\">protagonista de Lady Bird. <\/a><\/strong><\/p>\n<p>\u00bfCu\u00e1ndo se estrena The Beatles \u2013 A Four-Film Cinematic Event?<\/p>\n<p>La biopic de cuatro partes de The Beatles<strong> ser\u00e1 la \u201cprimera experiencia cinematogr\u00e1fica que se puede ver en marat\u00f3n\u201d, <\/strong>prometi\u00f3 Sam Mendes\u2026 no lo s\u00e9, Rick. <a href=\"https:\/\/www.sopitas.com\/musica\/the-beatles-get-back-documental-disney-plus-cambia-vision-ultimos-anos-banda-resena\/\" target=\"_blank\" rel=\"noreferrer noopener nofollow\">Tambi\u00e9n lo era el documental Get Back\u00a0 de Peter Jackson<\/a>, y muchos fans prefirieron ech\u00e1rselo por partes,\u00a0 y no sus m\u00e1s de 8 horas de jal\u00f3n. Pero, igual y s\u00ed.<\/p>\n<p>Sony Pictures tambi\u00e9n confirm\u00f3 la fecha de estreno de The Beatles \u2013 A Four-Film Cinematic Event\u2026 y, pues habr\u00e1 que esperar un poquito m\u00e1s. <strong>Ser\u00e1 en abril de 2028 cuando esta producci\u00f3n pueda verse en las salas de cine.<\/strong><\/p>\n<p>Aunque Sam Mendes asegura que la biopic de cuatro partes podr\u00e1 verse \u201cen marat\u00f3n\u201d<strong>, no se sabe si realmente las cuatro pel\u00edculas ser\u00e1n proyectadas una tras otras (en secuencia) o se estrenar\u00e1n una a la vez<\/strong>\u2026 y ya luego cada quien decidir\u00e1 cu\u00e1l ver primero.<\/p>\n<p>\t\tTodo lo que no sab\u00edas que necesitas saber lo encuentras en Sopitas.com<\/p>\n","protected":false},"excerpt":{"rendered":"Lo que necesitas saber: &#8216;The Beatles &#8211; A Four-Film Cinematic Event&#8217; ser\u00e1 la primera biopic conformada por cuatro&hellip;\n","protected":false},"author":2,"featured_media":163924,"comment_status":"","ping_status":"","sticky":false,"template":"","format":"standard","meta":{"footnotes":""},"categories":[170],"tags":[6458,146,147,25,24,184,185,48394,48395,23,6620],"class_list":{"0":"post-163923","1":"post","2":"type-post","3":"status-publish","4":"format-standard","5":"has-post-thumbnail","7":"category-musica","8":"tag-biopic","9":"tag-entertainment","10":"tag-entretenimiento","11":"tag-es","12":"tag-espana","13":"tag-music","14":"tag-musica","15":"tag-sam-mendes","16":"tag-sony-pictures","17":"tag-spain","18":"tag-the-beatles"},"share_on_mastodon":{"url":"","error":""},"_links":{"self":[{"href":"https:\/\/www.europesays.com\/es\/wp-json\/wp\/v2\/posts\/163923","targetHints":{"allow":["GET"]}}],"collection":[{"href":"https:\/\/www.europesays.com\/es\/wp-json\/wp\/v2\/posts"}],"about":[{"href":"https:\/\/www.europesays.com\/es\/wp-json\/wp\/v2\/types\/post"}],"author":[{"embeddable":true,"href":"https:\/\/www.europesays.com\/es\/wp-json\/wp\/v2\/users\/2"}],"replies":[{"embeddable":true,"href":"https:\/\/www.europesays.com\/es\/wp-json\/wp\/v2\/comments?post=163923"}],"version-history":[{"count":0,"href":"https:\/\/www.europesays.com\/es\/wp-json\/wp\/v2\/posts\/163923\/revisions"}],"wp:featuredmedia":[{"embeddable":true,"href":"https:\/\/www.europesays.com\/es\/wp-json\/wp\/v2\/media\/163924"}],"wp:attachment":[{"href":"https:\/\/www.europesays.com\/es\/wp-json\/wp\/v2\/media?parent=163923"}],"wp:term":[{"taxonomy":"category","embeddable":true,"href":"https:\/\/www.europesays.com\/es\/wp-json\/wp\/v2\/categories?post=163923"},{"taxonomy":"post_tag","embeddable":true,"href":"https:\/\/www.europesays.com\/es\/wp-json\/wp\/v2\/tags?post=163923"}],"curies":[{"name":"wp","href":"https:\/\/api.w.org\/{rel}","templated":true}]}}