{"id":163925,"date":"2025-10-08T23:02:09","date_gmt":"2025-10-08T23:02:09","guid":{"rendered":"https:\/\/www.europesays.com\/es\/163925\/"},"modified":"2025-10-08T23:02:09","modified_gmt":"2025-10-08T23:02:09","slug":"timothee-chalamet-toma-una-drastica-decision-sobre-su-aspecto","status":"publish","type":"post","link":"https:\/\/www.europesays.com\/es\/163925\/","title":{"rendered":"Timoth\u00e9e Chalamet toma una dr\u00e1stica decisi\u00f3n sobre su aspecto"},"content":{"rendered":"<p class=\"c-paragraph\">A sus casi 30 a\u00f1os, el actor franc\u00e9s Timothee Chalamet ya ha sido nominado a un Oscar y sigue cosechando \u00e9xitos en taquilla.<b> Su popularidad y buen hacer van &#8216;in crescendo&#8217;.<\/b><\/p>\n<p class=\"c-paragraph\">Durante todos estos a\u00f1os, la abundante melena formaba parte de un estilo inquebrantable en la filmograf\u00eda de Chalamet.<b><b>\u00a0Un estilo que lo llev\u00f3 a interpretar a Bob Dylan<\/b><\/b>, papel por el que ha sido muy elogiado. Sin embargo, eso acaba de cambiar.<\/p>\n<p class=\"c-paragraph\">El actor se prepara para\u00a0su pr\u00f3xima pel\u00edcula: <b>Marty Supreme. Es una comedia<\/b> que adaptar\u00e1 la vida de un campe\u00f3n de pingpong. Pero en plena promoci\u00f3n,\u00a0Chalamet ha mostrado su nuevo look.<\/p>\n<p class=\"c-paragraph\">El actor, novio de Kylie Jenner,\u00a0se ha rapado la cabeza, y se prepara para retomar su papel como Paul Atreides en\u00a0<b><b>la tercera entrega de Dune, una de las pel\u00edculas que m\u00e1s fama le ha dado.\u00a0<\/b><\/b>Dune: Messiah llegar\u00e1 a los cines el 18 de diciembre de 2026.<\/p>\n","protected":false},"excerpt":{"rendered":"A sus casi 30 a\u00f1os, el actor franc\u00e9s Timothee Chalamet ya ha sido nominado a un Oscar y&hellip;\n","protected":false},"author":2,"featured_media":163926,"comment_status":"","ping_status":"","sticky":false,"template":"","format":"standard","meta":{"footnotes":""},"categories":[169],"tags":[48397,177,24450,146,147,25,24,176,175,23,48396,4350,20877],"class_list":{"0":"post-163925","1":"post","2":"type-post","3":"status-publish","4":"format-standard","5":"has-post-thumbnail","7":"category-cine","8":"tag-chalamet","9":"tag-cine","10":"tag-drastica","11":"tag-entertainment","12":"tag-entretenimiento","13":"tag-es","14":"tag-espana","15":"tag-film","16":"tag-movies","17":"tag-spain","18":"tag-timothee","19":"tag-toma","20":"tag-una"},"share_on_mastodon":{"url":"","error":""},"_links":{"self":[{"href":"https:\/\/www.europesays.com\/es\/wp-json\/wp\/v2\/posts\/163925","targetHints":{"allow":["GET"]}}],"collection":[{"href":"https:\/\/www.europesays.com\/es\/wp-json\/wp\/v2\/posts"}],"about":[{"href":"https:\/\/www.europesays.com\/es\/wp-json\/wp\/v2\/types\/post"}],"author":[{"embeddable":true,"href":"https:\/\/www.europesays.com\/es\/wp-json\/wp\/v2\/users\/2"}],"replies":[{"embeddable":true,"href":"https:\/\/www.europesays.com\/es\/wp-json\/wp\/v2\/comments?post=163925"}],"version-history":[{"count":0,"href":"https:\/\/www.europesays.com\/es\/wp-json\/wp\/v2\/posts\/163925\/revisions"}],"wp:featuredmedia":[{"embeddable":true,"href":"https:\/\/www.europesays.com\/es\/wp-json\/wp\/v2\/media\/163926"}],"wp:attachment":[{"href":"https:\/\/www.europesays.com\/es\/wp-json\/wp\/v2\/media?parent=163925"}],"wp:term":[{"taxonomy":"category","embeddable":true,"href":"https:\/\/www.europesays.com\/es\/wp-json\/wp\/v2\/categories?post=163925"},{"taxonomy":"post_tag","embeddable":true,"href":"https:\/\/www.europesays.com\/es\/wp-json\/wp\/v2\/tags?post=163925"}],"curies":[{"name":"wp","href":"https:\/\/api.w.org\/{rel}","templated":true}]}}