{"id":163955,"date":"2025-10-08T23:19:16","date_gmt":"2025-10-08T23:19:16","guid":{"rendered":"https:\/\/www.europesays.com\/es\/163955\/"},"modified":"2025-10-08T23:19:16","modified_gmt":"2025-10-08T23:19:16","slug":"el-uno-a-uno-del-unicaja-en-la-victoria-ante-el-mersin","status":"publish","type":"post","link":"https:\/\/www.europesays.com\/es\/163955\/","title":{"rendered":"El uno a uno del Unicaja en la victoria ante el Mersin"},"content":{"rendered":"<p>Impuso su intensidad cada vez que entr\u00f3 al partido. Los buenos minutos de Casta\u00f1eda permitieron que Ibon Navarro lo reservase.<\/p>\n<p>Su partido fue bueno, pero  &#8230; no sobresaliente. Lo mejor es que asumi\u00f3 responsabilidades y anot\u00f3 los lanzamientos que otros d\u00edas fall\u00f3.<\/p>\n<p><img decoding=\"async\" loading=\"lazy\" class=\"v-cmp-chp__img\" src=\"https:\/\/www.europesays.com\/es\/wp-content\/uploads\/2025\/10\/jugador_malagacf_446621759955940_20251008.jpg\" alt=\"7\"\/><\/p>\n<p>7<\/p>\n<p class=\"v-p\">Antes del partido la Champions lo se\u00f1al\u00f3 como el mejor jugador de la competici\u00f3n y no va descaminada. Cuando apret\u00f3 estuvo imparable. Esta vez le acompa\u00f1\u00f3 el acierto en los lanzamientos.<\/p>\n<p><img decoding=\"async\" loading=\"lazy\" class=\"v-cmp-chp__img\" src=\"https:\/\/www.europesays.com\/es\/wp-content\/uploads\/2025\/10\/jugador_malagacf_314431759955940_20251008.jpg\" alt=\"7\"\/><\/p>\n<p>7<\/p>\n<p class=\"v-p\">Otro partido a gran nivel y con mucho acierto desde la l\u00ednea de tres puntos. Dinamit\u00f3 el choque con sus triples.<\/p>\n<p><img decoding=\"async\" loading=\"lazy\" class=\"v-cmp-chp__img\" src=\"https:\/\/www.europesays.com\/es\/wp-content\/uploads\/2025\/10\/jugador_malagacf_350141759955940_20251008.jpg\" alt=\"7\"\/><\/p>\n<p>7<\/p>\n<p class=\"v-p\">Buenas decisiones cada vez que recibi\u00f3 el bal\u00f3n. Est\u00e1 con confianza y se le nota.<\/p>\n<p><img decoding=\"async\" loading=\"lazy\" class=\"v-cmp-chp__img\" src=\"https:\/\/www.europesays.com\/es\/wp-content\/uploads\/2025\/10\/jugador_malagacf_312951759955940_20251008.jpg\" alt=\"6\"\/><\/p>\n<p>6<\/p>\n<p class=\"v-p\">Da la sensaci\u00f3n de que todav\u00eda no ha llegado su momento. Pocos minutos para lo que est\u00e1 acostumbrado. Mal en los triples.<\/p>\n<p><img decoding=\"async\" loading=\"lazy\" class=\"v-cmp-chp__img\" src=\"https:\/\/www.europesays.com\/es\/wp-content\/uploads\/2025\/10\/jugador_malagacf_481161759955940_20251008.jpg\" alt=\"7\"\/><\/p>\n<p>7<\/p>\n<p class=\"v-p\">Volvi\u00f3 a ser el jugador diferencial de la pretemporada con un derroche de energ\u00eda y dominio total del rebote.<\/p>\n<p><img decoding=\"async\" loading=\"lazy\" class=\"v-cmp-chp__img\" src=\"https:\/\/www.europesays.com\/es\/wp-content\/uploads\/2025\/10\/jugador_malagacf_251571759955940_20251008.jpg\" alt=\"4\"\/><\/p>\n<p class=\"v-a-pre-t__c\">\nJames Webb III<br \/>\nAla-P\u00edvot        <\/p>\n<p>4<\/p>\n<p class=\"v-p\">No se le puede reprochar su lucha, pero sigue negado desde la l\u00ednea de tres. En un partido c\u00f3modo, fall\u00f3 los cuatro lanzamientos que intent\u00f3.<\/p>\n<p><img decoding=\"async\" loading=\"lazy\" class=\"v-cmp-chp__img\" src=\"https:\/\/www.europesays.com\/es\/wp-content\/uploads\/2025\/10\/jugador_malagacf_875581759955940_20251008.jpg\" alt=\"6\"\/><\/p>\n<p class=\"v-a-pre-t__c\">\nEmir Sulejmanovi\u0107<br \/>\nAla-P\u00edvot        <\/p>\n<p>6<\/p>\n<p class=\"v-p\">Le falt\u00f3 meter alguna canasta clara que tuvo, pero volvi\u00f3 a dominar en el rebote. Jug\u00f3 de cuatro y de cinco.<\/p>\n<p><img decoding=\"async\" loading=\"lazy\" class=\"v-cmp-chp__img\" src=\"https:\/\/www.europesays.com\/es\/wp-content\/uploads\/2025\/10\/jugador_malagacf_502991759955940_20251008.jpg\" alt=\"5\"\/><\/p>\n<p class=\"v-a-pre-t__c\">\nKillian Tillie<br \/>\nAla-P\u00edvot        <\/p>\n<p>5<\/p>\n<p class=\"v-p\">Debe elevar sus prestaciones. No fueron malas, pero pueden ser mejores.<\/p>\n<p><img decoding=\"async\" loading=\"lazy\" class=\"v-cmp-chp__img\" src=\"https:\/\/www.europesays.com\/es\/wp-content\/uploads\/2025\/10\/jugador_malagacf_2951101759955940_20251008.jpg\" alt=\"5\"\/><\/p>\n<p>5<\/p>\n<p class=\"v-p\">No se le puede suspender porque su actuaci\u00f3n no lo mejor\u00f3, pero se qued\u00f3 sin anotar ante un rival sin p\u00edvots de entidad.<\/p>\n<p><img decoding=\"async\" loading=\"lazy\" class=\"v-cmp-chp__img\" src=\"https:\/\/www.europesays.com\/es\/wp-content\/uploads\/2025\/10\/jugador_malagacf_5268111759955940_20251008.jpg\" alt=\"6\"\/><\/p>\n<p>6<\/p>\n<p class=\"v-p\">Muy inteligente, casi perfecto en el tiempo que estuvo en la pista. Meti\u00f3 dos triples para abrir el campo y fue muy superior a sus pares.<\/p>\n<p class=\"v-p\">\u00a0<\/p>\n","protected":false},"excerpt":{"rendered":"Impuso su intensidad cada vez que entr\u00f3 al partido. Los buenos minutos de Casta\u00f1eda permitieron que Ibon Navarro&hellip;\n","protected":false},"author":2,"featured_media":20028,"comment_status":"","ping_status":"","sticky":false,"template":"","format":"standard","meta":{"footnotes":""},"categories":[269],"tags":[1575,299,298,168,25,24,38688,23,167,2246,1261],"class_list":{"0":"post-163955","1":"post","2":"type-post","3":"status-publish","4":"format-standard","5":"has-post-thumbnail","7":"category-baloncesto","8":"tag-ante","9":"tag-baloncesto","10":"tag-basketball","11":"tag-deportes","12":"tag-es","13":"tag-espana","14":"tag-mersin","15":"tag-spain","16":"tag-sports","17":"tag-unicaja","18":"tag-victoria"},"share_on_mastodon":{"url":"","error":""},"_links":{"self":[{"href":"https:\/\/www.europesays.com\/es\/wp-json\/wp\/v2\/posts\/163955","targetHints":{"allow":["GET"]}}],"collection":[{"href":"https:\/\/www.europesays.com\/es\/wp-json\/wp\/v2\/posts"}],"about":[{"href":"https:\/\/www.europesays.com\/es\/wp-json\/wp\/v2\/types\/post"}],"author":[{"embeddable":true,"href":"https:\/\/www.europesays.com\/es\/wp-json\/wp\/v2\/users\/2"}],"replies":[{"embeddable":true,"href":"https:\/\/www.europesays.com\/es\/wp-json\/wp\/v2\/comments?post=163955"}],"version-history":[{"count":0,"href":"https:\/\/www.europesays.com\/es\/wp-json\/wp\/v2\/posts\/163955\/revisions"}],"wp:featuredmedia":[{"embeddable":true,"href":"https:\/\/www.europesays.com\/es\/wp-json\/wp\/v2\/media\/20028"}],"wp:attachment":[{"href":"https:\/\/www.europesays.com\/es\/wp-json\/wp\/v2\/media?parent=163955"}],"wp:term":[{"taxonomy":"category","embeddable":true,"href":"https:\/\/www.europesays.com\/es\/wp-json\/wp\/v2\/categories?post=163955"},{"taxonomy":"post_tag","embeddable":true,"href":"https:\/\/www.europesays.com\/es\/wp-json\/wp\/v2\/tags?post=163955"}],"curies":[{"name":"wp","href":"https:\/\/api.w.org\/{rel}","templated":true}]}}