{"id":163960,"date":"2025-10-08T23:22:14","date_gmt":"2025-10-08T23:22:14","guid":{"rendered":"https:\/\/www.europesays.com\/es\/163960\/"},"modified":"2025-10-08T23:22:14","modified_gmt":"2025-10-08T23:22:14","slug":"bodegones-de-lo-pintado-a-lo-vivo-en-el-museo-de-cajagranada-fundacion","status":"publish","type":"post","link":"https:\/\/www.europesays.com\/es\/163960\/","title":{"rendered":"&#8216;Bodegones&#8217;, de lo pintado a lo vivo en el Museo de CajaGranada Fundaci\u00f3n"},"content":{"rendered":"<p>El Museo de CajaGranada Fundaci\u00f3n es a partir de hoy y hasta el 11 de enero el escenario de la exposici\u00f3n &#8216;Bodeg\u00f3n. La eternidad de  &#8230; lo inerte&#8217;, que, comisariada por Mar\u00eda Toral, re\u00fane a autores de dos momentos claves de la historia del arte: el siglo XVII y el XX, en torno a esta tem\u00e1tica pict\u00f3rica, tambi\u00e9n conocida como &#8216;naturaleza muerta&#8217;. Como ha afirmado la presidenta de CajaGranada Fundaci\u00f3n, Mar\u00eda Elena Mart\u00edn-Vivaldi, \u00abeste ha sido uno de los grandes temas de la pintura a lo largo de la historia del arte, y ya estaba presente en el antiguo Egipto y tambi\u00e9n en el mundo grecolatino, aunque no fue hasta comienzos del siglo XVII cuando tom\u00f3 verdadera importancia como g\u00e9nero en s\u00ed mismo. El buen arte nos hace mejores, y esta es una muestra de arte que podemos disfrutar todos\u00bb. En el acto de inauguraci\u00f3n tambi\u00e9n estuvo presente el director comercial de CaixaBank en Granada y Ja\u00e9n, Amador Carmona.<\/p>\n<p class=\"v-p\">Los bodegones, m\u00e1s all\u00e1 de su materialidad, atesoran una fuerte carga simb\u00f3lica, mostrando elementos perecederos que aluden a la fugacidad de la vida, y por ende, la necesidad de una mayor relaci\u00f3n con la trascendencia, uno de los elementos ideol\u00f3gicos claves de la Contrarreforma iniciada tras el Concilio de Trento.<\/p>\n<p><img decoding=\"async\" loading=\"lazy\" src=\"https:\/\/www.europesays.com\/es\/wp-content\/uploads\/2025\/10\/WhatsApp Image 2025-10-08 at 12.33.23 (1)-k2iH-U2303312865604TSG-1200x841@Ideal.jpeg\" class=\"v-mdl__img-z\" width=\"1200\" height=\"841\" alt=\"Imagen principal - 'Bodegones', de lo pintado a lo vivo en el Museo de CajaGranada Fundaci\u00f3n\"\/><\/p>\n<p><img decoding=\"async\" loading=\"lazy\" src=\"https:\/\/www.europesays.com\/es\/wp-content\/uploads\/2025\/10\/WhatsApp Image 2025-10-08 at 12.33.22 (1)-k2iH-U2303312865604n4C-1200x851@Ideal.jpeg\" class=\"v-mdl__img-z\" width=\"1200\" height=\"851\" alt=\"Imagen secundaria 1 - 'Bodegones', de lo pintado a lo vivo en el Museo de CajaGranada Fundaci\u00f3n\"\/><\/p>\n<p><img decoding=\"async\" loading=\"lazy\" src=\"https:\/\/www.europesays.com\/es\/wp-content\/uploads\/2025\/10\/WhatsApp Image 2025-10-08 at 12.33.24 (1)-k2iH-U2303312865604WeF-711x841@Ideal.jpeg\" class=\"v-mdl__img-z\" width=\"711\" height=\"841\" alt=\"Imagen secundaria 2 - 'Bodegones', de lo pintado a lo vivo en el Museo de CajaGranada Fundaci\u00f3n\"\/><\/p>\n<p class=\"v-p\">En total, la muestra incluye algo m\u00e1s de medio centenar de piezas, las cuales muestran, como en un crisol, las distintas procedencias y sensibilidades pict\u00f3ricas y escult\u00f3ricas. Algunas de las piezas pertenecen a colecciones privadas y es poco habitual verlas expuestas, lo que incrementa el valor de la propia muestra. Entre los autores, destaca la presencia de nombres como el de Juan van der Hamen, Pablo Picasso, Antonio L\u00f3pez, Juan Gris y Fernando Botero, entre otros. Reunirlas ha sido posible, record\u00f3 la presidenta de la Fundaci\u00f3n, gracias a la generosidad de Caixa Bank y un buen n\u00famero de prestadores privados.<\/p>\n<p class=\"v-p\">La comisaria de la muestra, Mar\u00eda Toral, coloc\u00f3 el origen del bodeg\u00f3n alrededor de 1550, \u00abcuando en el arte empezaron a aparecer las primeras escenas de mercados, e incluso de interiores de cocinas, convirti\u00e9ndose en nuevos temas recurrentes. Es entonces cuando los artistas comienzan a pintar distintos tipos de frutas y vegetales con el objetivo de mostrar su virtuosismo t\u00e9cnico, lo que erigi\u00f3 al bodeg\u00f3n como un g\u00e9nero propio e independiente\u00bb. El otro gran momento para el g\u00e9nero, seg\u00fan la comisaria, tuvo lugar a principios del siglo pasado, cuando el bodeg\u00f3n volvi\u00f3 a demostrar su capacidad extraordinaria para reflejar rupturas y cambios en el arte. \u00abEl cubismo, movimiento que rompe con todo lo anteriormente establecido, concentr\u00f3 sus desarrollos intelectuales y art\u00edsticos en los bodegones\u00bb, coment\u00f3 Toral.<\/p>\n<p class=\"v-p\"><strong>Objetos de arte<\/strong><\/p>\n<p class=\"v-p\">La representaci\u00f3n del bodeg\u00f3n se remonta al antiguo Egipto, cuando se dibujaban alimentos y objetos inanimados en el interior de las tumbas. En la Edad de Oro de la pintura flamenca, el tema fue tan popular que hasta los propios artistas pose\u00edan colgaban de las paredes de sus hogares bodegones hechos por otros creadores. Por citar un ejemplo, Rubens ten\u00eda dos obras de Willem Claesz Heda colgadas en la cocina y el comedor de su casa. Para \u00e9l, era un recordatorio de la necesidad de comer sano y variado. A veces, se inclu\u00edan frutas como el lim\u00f3n, al que se atribu\u00edan propiedades medicinales, en obras donde aparec\u00edan licores, lanzando el mensaje de que era mejor beber con moderaci\u00f3n. En cuanto a las flores, se convirtieron en recordatorio de que los inviernos no eran eternos. Seg\u00fan el cardenal Federico Borromeo, \u00abcuando el hielo lo cubre todo, es un placer para la vista ver en estas flores los colores e incluso el aroma de las que se encuentran en la naturaleza, pero estable y permanente\u00bb. Los cubistas vieron en ellos una oportunidad para poner sobre el lienzo sus postulados est\u00e9ticos, reformulando los vol\u00famenes y adapt\u00e1ndolos a la fragmentaci\u00f3n geom\u00e9trica, algo que, seg\u00fan Mar\u00eda Toral, a veces hac\u00eda dif\u00edcil reconocer frutas y flores, lo que llev\u00f3 a la introducci\u00f3n de la t\u00e9cnica del &#8216;collage&#8217; como refuerzo pict\u00f3rico. Este resultado se puede apreciar, afirma, especialmente, en obras como las de Juan Gris o Mar\u00eda Blanchard.<\/p>\n<p><img decoding=\"async\" loading=\"lazy\" src=\"https:\/\/www.europesays.com\/es\/wp-content\/uploads\/2025\/10\/WhatsApp Image 2025-10-08 at 12.33.25 (2)-k2iH-U2303312865604Y8G-1200x841@Ideal.jpeg\" class=\"v-mdl__img-z\" width=\"1200\" height=\"841\" alt=\"Imagen principal - 'Bodegones', de lo pintado a lo vivo en el Museo de CajaGranada Fundaci\u00f3n\"\/><\/p>\n<p><img decoding=\"async\" loading=\"lazy\" src=\"https:\/\/www.europesays.com\/es\/wp-content\/uploads\/2025\/10\/WhatsApp Image 2025-10-08 at 12.33.24 (2).jpeg\" class=\"v-mdl__img-z\" width=\"1200\" height=\"851\" alt=\"Imagen secundaria 1 - 'Bodegones', de lo pintado a lo vivo en el Museo de CajaGranada Fundaci\u00f3n\"\/><\/p>\n<p><img decoding=\"async\" loading=\"lazy\" src=\"https:\/\/www.europesays.com\/es\/wp-content\/uploads\/2025\/10\/WhatsApp Image 2025-10-08 at 12.33.25 (1)-k2iH-U2303312865604u0B-711x841@Ideal.jpeg\" class=\"v-mdl__img-z\" width=\"711\" height=\"841\" alt=\"Imagen secundaria 2 - 'Bodegones', de lo pintado a lo vivo en el Museo de CajaGranada Fundaci\u00f3n\"\/><\/p>\n<p class=\"v-p\">Entre los autores representados en la exposici\u00f3n que hoy inaugura CajaGranada Fundaci\u00f3n est\u00e1n el mencionado Juan van der Hammen (con dos obras muy diversas en \u00f3ptica y objetos, desde la caza a las frutas de oto\u00f1o), Pedro de Camprob\u00edn (quien integra la arquitectura y el mobiliario en sus representaciones), Abraham Bruegel (gran exponente de la escuela flamenca), Gabriel de la Corte (con objetos florales en sus obras), Anglada Camarasa (con la perfecta esfericidad y definici\u00f3n como detalle), Juan de Echevarr\u00eda (influido por Van Gogh), Raoul Dufy (esquem\u00e1tico y evocador), la mencionada Mar\u00eda Blanchard (que cambia el punto de vista, ahondando en la verticalidad), Picasso (quien introduce elementos como la guitarra en su composici\u00f3n), Juan Gris (quien aporta elementos artificiales compartiendo espacio con frutas), Lipchitz (quien mezcla escorzo y objeto en una de las esculturas expuestas), Manuel \u00c1ngeles Ortiz (pura carnalidad), Ismael Gonz\u00e1lez de la Serna (quien dota de un matiz intelectual a sus dibujos en blanco y negro), Magritte (muy bellos sus bocetos), Zabaleta (que mezcla elementos de tierra y mar, como tambi\u00e9n hace Fernando Botero), Crist\u00f3bal Toral (realista hasta el extremo), Antonio L\u00f3pez, quien retrata en el declive lo que otros idealizan, y Carmen Laff\u00f3n, que envuelve su bodeg\u00f3n en una naturaleza et\u00e9rea que une lo cortado por lo que se adivina por cortar.<\/p>\n<p class=\"v-p\">&#8216;Bodegones&#8217; es una oportunidad de ver las distintas expresiones de lo pintado a lo vivo, o viceversa. Una experiencia que conecta al visitante con esa realidad a veces esquiva. Y sobre todo, una panoplia de arte con may\u00fasculas, a caballo entre dos de los siglos m\u00e1s productivos y cualificados de la historia de las artes pl\u00e1sticas <\/p>\n","protected":false},"excerpt":{"rendered":"El Museo de CajaGranada Fundaci\u00f3n es a partir de hoy y hasta el 11 de enero el escenario&hellip;\n","protected":false},"author":2,"featured_media":163961,"comment_status":"","ping_status":"","sticky":false,"template":"","format":"standard","meta":{"footnotes":""},"categories":[173],"tags":[229,233,231,230,48398,48400,232,234,146,147,25,24,2881,470,48399,23,1852],"class_list":{"0":"post-163960","1":"post","2":"type-post","3":"status-publish","4":"format-standard","5":"has-post-thumbnail","7":"category-arte-y-diseno","8":"tag-arte","9":"tag-arte-y-diseno","10":"tag-arts","11":"tag-arts-and-design","12":"tag-bodegones","13":"tag-cajagranada","14":"tag-design","15":"tag-diseno","16":"tag-entertainment","17":"tag-entretenimiento","18":"tag-es","19":"tag-espana","20":"tag-fundacion","21":"tag-museo","22":"tag-pintado","23":"tag-spain","24":"tag-vivo"},"share_on_mastodon":{"url":"","error":""},"_links":{"self":[{"href":"https:\/\/www.europesays.com\/es\/wp-json\/wp\/v2\/posts\/163960","targetHints":{"allow":["GET"]}}],"collection":[{"href":"https:\/\/www.europesays.com\/es\/wp-json\/wp\/v2\/posts"}],"about":[{"href":"https:\/\/www.europesays.com\/es\/wp-json\/wp\/v2\/types\/post"}],"author":[{"embeddable":true,"href":"https:\/\/www.europesays.com\/es\/wp-json\/wp\/v2\/users\/2"}],"replies":[{"embeddable":true,"href":"https:\/\/www.europesays.com\/es\/wp-json\/wp\/v2\/comments?post=163960"}],"version-history":[{"count":0,"href":"https:\/\/www.europesays.com\/es\/wp-json\/wp\/v2\/posts\/163960\/revisions"}],"wp:featuredmedia":[{"embeddable":true,"href":"https:\/\/www.europesays.com\/es\/wp-json\/wp\/v2\/media\/163961"}],"wp:attachment":[{"href":"https:\/\/www.europesays.com\/es\/wp-json\/wp\/v2\/media?parent=163960"}],"wp:term":[{"taxonomy":"category","embeddable":true,"href":"https:\/\/www.europesays.com\/es\/wp-json\/wp\/v2\/categories?post=163960"},{"taxonomy":"post_tag","embeddable":true,"href":"https:\/\/www.europesays.com\/es\/wp-json\/wp\/v2\/tags?post=163960"}],"curies":[{"name":"wp","href":"https:\/\/api.w.org\/{rel}","templated":true}]}}