{"id":163962,"date":"2025-10-08T23:23:08","date_gmt":"2025-10-08T23:23:08","guid":{"rendered":"https:\/\/www.europesays.com\/es\/163962\/"},"modified":"2025-10-08T23:23:08","modified_gmt":"2025-10-08T23:23:08","slug":"salen-a-la-luz-las-publicaciones-contos-da-costa-da-morte-y-o-vixia","status":"publish","type":"post","link":"https:\/\/www.europesays.com\/es\/163962\/","title":{"rendered":"Salen a la luz las publicaciones \u00abContos da Costa da Morte\u00bb y \u00abO Vix\u00eda\u00bb"},"content":{"rendered":"<p>\t\t\t\t\t\tEste viernes, a las 20.30 horas, presentaciones en la biblioteca Santiago Rey de Muxia<br \/>\n\t\t\t\t\t\t\t\t\t\t\t\t<strong>08 oct 2025<\/strong> . Actualizado a las 23:35 h.\t\t\t\t\t\t<\/p>\n<p class=\"first-paragraph txt\">La biblioteca municipal Santiago Rey Fern\u00e1ndez-Latorre de <strong>Mux\u00eda<\/strong> acoger\u00e1 este viernes, a las 20.30 horas, la presentaci\u00f3n de los libros Contos da Costa da Morte y O Vix\u00eda: contos \u00e1 luz do monte Corpi\u00f1o, primer y segundo volumen de <strong>Publicaci\u00f3ns Abalar.<\/strong> En edici\u00f3n biling\u00fce, son relatos de la autor\u00eda de <strong>alumnado del IES Ram\u00f3n Caama\u00f1o<\/strong>, estudiantes que han tenido la colaboraci\u00f3n en las ilustraciones de los artistas Yano Yoro y Eduardo Baamonde, as\u00ed como de los escritores Estevo Creus, David Creus y Beatriz Gim\u00e9nez. A mayores de algunos de estos nombres, acudir\u00e1n a la puesta de largo Xurxo Fern\u00e1ndez, director del IES; Jorge de Barnola, docente y director del proyecto, y Sandra Vilela, edila de Cultura. Ha brindado su colaboraci\u00f3n al proyecto el Concello.\u00a0<\/p>\n<p>&#13;<br \/>\n\tArchivado en:&#13;<br \/>\n\t\t\t\t\t<a href=\"https:\/\/www.lavozdegalicia.es\/temas\/muxia\/\" target=\"_blank\" class=\"mg-l\" rel=\"nofollow noopener\">Mux\u00eda<\/a>&#13;<br \/>\n\t\t\t\t\t<a href=\"https:\/\/www.lavozdegalicia.es\/temas\/libros\/\" target=\"_blank\" class=\"mg-l\" rel=\"nofollow noopener\">Libros<\/a>&#13;<br \/>\n\t&#13;<\/p>\n","protected":false},"excerpt":{"rendered":"Este viernes, a las 20.30 horas, presentaciones en la biblioteca Santiago Rey de Muxia 08 oct 2025 .&hellip;\n","protected":false},"author":2,"featured_media":163963,"comment_status":"","ping_status":"","sticky":false,"template":"","format":"standard","meta":{"footnotes":""},"categories":[172],"tags":[224,146,147,25,24,225,23],"class_list":{"0":"post-163962","1":"post","2":"type-post","3":"status-publish","4":"format-standard","5":"has-post-thumbnail","7":"category-libros","8":"tag-books","9":"tag-entertainment","10":"tag-entretenimiento","11":"tag-es","12":"tag-espana","13":"tag-libros","14":"tag-spain"},"share_on_mastodon":{"url":"","error":""},"_links":{"self":[{"href":"https:\/\/www.europesays.com\/es\/wp-json\/wp\/v2\/posts\/163962","targetHints":{"allow":["GET"]}}],"collection":[{"href":"https:\/\/www.europesays.com\/es\/wp-json\/wp\/v2\/posts"}],"about":[{"href":"https:\/\/www.europesays.com\/es\/wp-json\/wp\/v2\/types\/post"}],"author":[{"embeddable":true,"href":"https:\/\/www.europesays.com\/es\/wp-json\/wp\/v2\/users\/2"}],"replies":[{"embeddable":true,"href":"https:\/\/www.europesays.com\/es\/wp-json\/wp\/v2\/comments?post=163962"}],"version-history":[{"count":0,"href":"https:\/\/www.europesays.com\/es\/wp-json\/wp\/v2\/posts\/163962\/revisions"}],"wp:featuredmedia":[{"embeddable":true,"href":"https:\/\/www.europesays.com\/es\/wp-json\/wp\/v2\/media\/163963"}],"wp:attachment":[{"href":"https:\/\/www.europesays.com\/es\/wp-json\/wp\/v2\/media?parent=163962"}],"wp:term":[{"taxonomy":"category","embeddable":true,"href":"https:\/\/www.europesays.com\/es\/wp-json\/wp\/v2\/categories?post=163962"},{"taxonomy":"post_tag","embeddable":true,"href":"https:\/\/www.europesays.com\/es\/wp-json\/wp\/v2\/tags?post=163962"}],"curies":[{"name":"wp","href":"https:\/\/api.w.org\/{rel}","templated":true}]}}