{"id":163964,"date":"2025-10-08T23:24:13","date_gmt":"2025-10-08T23:24:13","guid":{"rendered":"https:\/\/www.europesays.com\/es\/163964\/"},"modified":"2025-10-08T23:24:13","modified_gmt":"2025-10-08T23:24:13","slug":"terelu-campos-se-sincera-con-toni-moreno-en-gente-maravillosa-sobre-como-ha-sido-convertirse-en-abuela","status":"publish","type":"post","link":"https:\/\/www.europesays.com\/es\/163964\/","title":{"rendered":"Terelu Campos se sincera con To\u00f1i Moreno en &#8216;Gente Maravillosa&#8217; sobre c\u00f3mo ha sido convertirse en abuela"},"content":{"rendered":"<p>Terelu Campos ha vuelto a demostrar <strong>por qu\u00e9 sigue siendo una de las mujeres m\u00e1s queridas<\/strong> de la televisi\u00f3n. Su visita a \u2018Gente Maravillosa\u2019, el programa de To\u00f1i Moreno en Canal Sur, ha sido mucho m\u00e1s que una entrevista: ha sido un reencuentro lleno de emociones, risas y confesiones que solo alguien con su trayectoria y sentido del humor podr\u00eda regalar.<\/p>\n<p>La mayor de las Campos ha regresado a Andaluc\u00eda, su tierra, en un momento delicado de su vida, marcado por pol\u00e9micas familiares, <a href=\"https:\/\/www.lecturas.com\/television\/terelu-campos-resuelve-la-encrucijada-en-la-que-le-ha-metido-jorge-javier-en-supervivientes-all-stars-2_182043\" target=\"_blank\" rel=\"nofollow noopener\">la relaci\u00f3n con su familia pol\u00edtica<\/a> y por su nueva etapa como abuela. Sin embargo, lejos de esconderse, ha preferido hablar con el coraz\u00f3n en la mano y la cabeza bien alta. En esta ocasi\u00f3n<strong>, lo ha hecho junto a To\u00f1i Moreno, con quien ha compartido redacci\u00f3n<\/strong>, plat\u00f3s y una amistad de a\u00f1os en \u2018Viva la vida\u2019.<\/p>\n<p>Terelu en su etapa como abuela<\/p>\n<p>Uno de los temas que han abordado ha sido la faceta como abuela de Terelu Campos. Todo ha comenzado cuando To\u00f1i ha recordado un momento en el que Alejandra era peque\u00f1a. \u00abUn d\u00eda trabajando con Teresa en su casa estaba Alejandra.<strong> Era peque\u00f1a, tendr\u00eda 5 a\u00f1os. Fui para repasar el guion. <\/strong>Y veo Alejandra caminando por el jard\u00edn y detr\u00e1s de ella, una cuidadora, una enfermera&#8230;\u00bb, ha narrado.\u00a0Terelu admit\u00eda que \u00abdonde m\u00e1s dinero me he gastado es en el cuidado y protecci\u00f3n de Alejandra\u00bb.\u00a0<\/p>\n<p><img loading=\"lazy\" decoding=\"async\"   src=\"https:\/\/www.europesays.com\/es\/wp-content\/uploads\/2025\/10\/terelu-campos-y-toni-moreno_c05b7a28_251008232523_1200x668.webp.webp\" alt=\"Terelu Campos y To\u00f1i Moreno\" class=\"lazyload\" width=\"1200\" height=\"668\" data-aspectratio=\"1200\/668\"\/><\/p>\n<p>Terelu Campos ha charlado con su gran amiga To\u00f1i Moreno sobre su vida actual.<\/p>\n<p>&#13;Canal Sur<\/p>\n<p>Era entonces cuando To\u00f1i quer\u00eda saber si es igual ahora con su nieto, Carlo. El peque\u00f1o naci\u00f3 el 5 de diciembre de 2024 para llenar de alegr\u00eda la casa de las Campos. \u00abEn una entrevista dec\u00edas que e<strong>ras una abuela por desarrollar. \u00bfA qu\u00e9 te refer\u00edas?<\/strong>\u00ab, ha preguntado la presentadora.<\/p>\n<p><img loading=\"lazy\" decoding=\"async\"   src=\"https:\/\/www.europesays.com\/es\/wp-content\/uploads\/2025\/10\/terelu-campos_46dba250_251008232554_1200x652.webp.webp\" alt=\"Terelu Campos\" class=\"lazyload\" width=\"1200\" height=\"652\" data-aspectratio=\"1200\/652\"\/><\/p>\n<p>Terelu Campos ha hablado de Mar\u00eda Teresa, su nieto y sus parejas en &#8216;Gente Maravillosa&#8217;.<\/p>\n<p>&#13;Canal Sur<\/p>\n<p>\u00abEs que me ha pillado&#8230;\u00bb, ha empezado Terelu, algo dubitativa. Cogiendo fuerzas, la comunicadora se sinceraba sobre su faceta como abuela: \u00abCarlo naci\u00f3 el 5 de diciembre y yo unos meses despu\u00e9s me fui a &#8216;Supervivientes 2025&#8217;. Volv\u00ed y estren\u00e9 en el teatro. Luego, regres\u00e9 otra vez al teatro. Volv\u00ed al trabajo, estrenos&#8230; En verano he trabajado haciendo los <strong>&#8216;Aires de Fiesta&#8217;, que para mi es un humilde homenaje a ella<\/strong>\u00ab, ha contado. As\u00ed, esta etapa laboral tan fruct\u00edfero ha hecho que Terelu haya vivido esta nueva etapa como abuela de una manera muy diferente a la habitual.<\/p>\n<p>Tambi\u00e9n ha comentado que <strong>Alejandra Rubio no la deja ejercer como \u00ababuela co\u00f1azo\u00bb<\/strong>: \u00abEs que son muy diferentes. A ver, yo tambi\u00e9n he sido rara.<strong> Mi madre se cabreaba conmigo, me dec\u00eda &#8216;d\u00e9jame a la ni\u00f1a&#8217; y yo &#8216;s\u00ed, s\u00ed&#8217;, pero la mandaba con la chica<\/strong>. Yo le dec\u00eda que ten\u00eda mucho trabajo y la ni\u00f1a ten\u00eda que estar bien cuidada\u00bb.<\/p>\n<p>A\u00fan as\u00ed, a ella le hace mucha ilusi\u00f3n quedarse una noche con su nieto, eso s\u00ed, acompa\u00f1ada: \u00abYo sola me cago. Pero ya <strong>me he comprado una cuna y una trona para mi casa y me lo tiene que traer un d\u00eda, pero con una amiga<\/strong>\u00ab.\u00a0<\/p>\n<p>La an\u00e9cdota sobre Mar\u00eda Teresa Campos<\/p>\n<p>Otro tema que han tratado durante la conversaci\u00f3n es Mar\u00eda Teresa Campos, Ambas han recordado con ternura de la gran matriarca televisiva. <strong>To\u00f1i ha querido saber c\u00f3mo llevaba su ausencia.\u00a0<\/strong>\u00abLo llevo a d\u00edas. Tienes que seguir con tu vida porque hay que seguir. Se me fue una vida y vino otra que es mi nieto. Lo que pasa es que yo tengo una foto de ella inmesa. Que yo la ponia y de vez en cuando se ca\u00eda\u00bb, ha explicado.<\/p>\n<p><img loading=\"lazy\" decoding=\"async\"   src=\"https:\/\/www.europesays.com\/es\/wp-content\/uploads\/2025\/10\/terelu-campos-y-toni-moreno-gente-maravillosa_c76e19da_251008181028_1200x675.webp.webp\" alt=\"Terelu Campos y To\u00f1i Moreno Gente Maravillosa\" class=\"lazyload\" width=\"1200\" height=\"675\" data-aspectratio=\"1200\/675\"\/><\/p>\n<p>Terelu Campos visita el programa de To\u00f1i Moreno, &#8216;Gente Maravillosa&#8217;<\/p>\n<p>&#13;Canal Sur<\/p>\n<p>Las amigas han seguido rememorando\u00a0<strong>c\u00f3mo Mar\u00eda Teresa presum\u00eda de su hija<\/strong> all\u00e1 donde iba: \u201cmi hija es muy buena presentadora, lo que pasa que no le dan la oportunidad\u201d. \u00ab<strong>S\u00ed, ella siempre dec\u00eda esas cosas de cara a la gente<\/strong>, pero luego cuando le ped\u00eda ayuda, no lo hac\u00eda\u00bb, dec\u00eda Terelu a lo que To\u00f1i respond\u00eda: \u00abNo te creo\u00bb. Campos insist\u00eda: \u00abHazme caso\u00bb.<\/p>\n<p>La madre de Alejandra Rubio explicaba a lo que se refer\u00eda. \u00abUn d\u00eda le dije: &#8216;Mam\u00e1, \u00bfconoces al director de Canal Sur? Me gustar\u00eda que hablaras con \u00e9l para que me diera una cita&#8217;. Y me dec\u00eda: &#8216;S\u00ed, hombre, para que luego digan que te han enchufado&#8217;.<strong> Ella jam\u00e1s sub\u00eda a un despacho para pedir <\/strong>que me dieran ning\u00fan trabajo\u00bb, ha asegurado Terelu.<\/p>\n<p>El historial amoroso de Terelu<\/p>\n<p>La entrevista tambi\u00e9n ha tenido su parte m\u00e1s divertida. Terelu ha repasado su vida sentimental con la naturalidad con la que se caracteriza. \u201c<strong>He tenido algunos que dicen que fueron mis novios<\/strong>, y yo pienso: ostras, no lo recuerdo como novio. Pero si les hace ilusi\u00f3n, les dejo que lo digan\u201d, ha contado entre risas. To\u00f1i, fiel a su estilo, ha replicado: \u201cClaro, que m\u00e1s da, total, otros m\u00e1s\u201d.<\/p>\n<blockquote class=\"instagram-media\" data-instgrm-captioned=\"\" data-instgrm-permalink=\"https:\/\/www.instagram.com\/reel\/DPgNGZBjLt2\/?utm_source=ig_embed&amp;utm_campaign=loading\" data-instgrm-version=\"14\" style=\" background:#FFF; border:0; border-radius:3px; box-shadow:0 0 1px 0 rgba(0,0,0,0.5),0 1px 10px 0 rgba(0,0,0,0.15); margin: 1px; max-width:540px; min-width:326px; padding:0; width:99.375%; width:-webkit-calc(100% - 2px); width:calc(100% - 2px);\"\/>\n<p>Y entonces ha llegado la frase que ha terminado de provocar las carcajadas entre el p\u00fablico: <strong>\u201c\u00bfQui\u00e9n no tiene un tonto en el armario?\u201d<\/strong>. Una confesi\u00f3n espont\u00e1nea que ha resumido a la perfecci\u00f3n la actitud con la que Terelu afronta su vida. Sin dramas, con humor y con la seguridad de quien ya no tiene nada que demostrar.<\/p>\n<p>C\u00f3mo es su relaci\u00f3n con el amor<\/p>\n<p>La colaboradora de Telecinco tambi\u00e9n ha hablado de su <a href=\"https:\/\/www.lecturas.com\/actualidad\/terelu-campos-a-su-hija-alejandra-rubio-quiero-que-seas-madre-mas-presente-que-yo-fui_180510\" target=\"_blank\" rel=\"nofollow noopener\">nueva etapa como abuela<\/a> del peque\u00f1o Carlo, admitiendo que le ha coincidido con un momento de mucho trabajo y proyectos personales, pero que lo est\u00e1 viviendo con ilusi\u00f3n.<\/p>\n<p><img loading=\"lazy\" decoding=\"async\"   src=\"https:\/\/www.europesays.com\/es\/wp-content\/uploads\/2025\/10\/terelu-campos-en-gente-maravillosa_4faf180f_251009001233_1200x1245.webp.webp\" alt=\"Terelu Campos en Gente Maravillosa\" class=\"lazyload\" width=\"1200\" height=\"1245\" data-aspectratio=\"1200\/1245\"\/>&#13;Canal Sur<\/p>\n<p>Adem\u00e1s, ha dejado claro que <strong>no est\u00e1 enamorada ni tiene intenci\u00f3n de estarlo por ahora<\/strong>: \u201cNo, y no tengo ganas de estarlo. Tuve una etapa muy activa, maravillosa, sobre todo a los cuarenta y pocos\u2026 me lo llev\u00e9 todo por delante. As\u00ed que si me muero, no me voy a morir con pena\u201d.<\/p>\n<p><img decoding=\"async\" src=\"https:\/\/www.europesays.com\/es\/wp-content\/uploads\/2025\/10\/fidel-albiac-y-rocio-carrasco_94646015_251008204404_800x800.webp.webp\" alt=\"Fidel Albiac y Roc\u00edo Carrasco\" class=\"image lazyload\"\/><img loading=\"lazy\" decoding=\"async\" src=\"https:\/\/www.europesays.com\/es\/wp-content\/uploads\/2025\/10\/fidel-albiac-y-rocio-carrasco_94646015_251008204409_1280x720.webp.webp\" alt=\"Muere el padre de Fidel Albiac: el discreto adi\u00f3s que golpea a Roc\u00edo Carrasco y a su marido\" class=\"image lazyload\" width=\"1280\" height=\"720\" data-aspectratio=\"1280\/720\"\/><\/p>\n<p>Terelu Campos ha vuelto a brillar como solo ella sabe hacerlo: siendo natural, ir\u00f3nica y tremendamente sincera. Ha demostrado que sigue siendo esa mujer fuerte, divertida y aut\u00e9ntica que el p\u00fablico adora. Y lo mejor de todo es que lo ha hecho sin artificios, solo con su verdad y ese carisma heredado de su madre que la convierte, una vez m\u00e1s, en una aut\u00e9ntica \u201cgente maravillosa\u201d.<\/p>\n<p><script async src=\"\/\/www.instagram.com\/embed.js\"><\/script><\/p>\n","protected":false},"excerpt":{"rendered":"Terelu Campos ha vuelto a demostrar por qu\u00e9 sigue siendo una de las mujeres m\u00e1s queridas de la&hellip;\n","protected":false},"author":2,"featured_media":163965,"comment_status":"","ping_status":"","sticky":false,"template":"","format":"standard","meta":{"footnotes":""},"categories":[171],"tags":[146,147,25,24,23,214],"class_list":{"0":"post-163964","1":"post","2":"type-post","3":"status-publish","4":"format-standard","5":"has-post-thumbnail","7":"category-tv","8":"tag-entertainment","9":"tag-entretenimiento","10":"tag-es","11":"tag-espana","12":"tag-spain","13":"tag-tv"},"share_on_mastodon":{"url":"","error":""},"_links":{"self":[{"href":"https:\/\/www.europesays.com\/es\/wp-json\/wp\/v2\/posts\/163964","targetHints":{"allow":["GET"]}}],"collection":[{"href":"https:\/\/www.europesays.com\/es\/wp-json\/wp\/v2\/posts"}],"about":[{"href":"https:\/\/www.europesays.com\/es\/wp-json\/wp\/v2\/types\/post"}],"author":[{"embeddable":true,"href":"https:\/\/www.europesays.com\/es\/wp-json\/wp\/v2\/users\/2"}],"replies":[{"embeddable":true,"href":"https:\/\/www.europesays.com\/es\/wp-json\/wp\/v2\/comments?post=163964"}],"version-history":[{"count":0,"href":"https:\/\/www.europesays.com\/es\/wp-json\/wp\/v2\/posts\/163964\/revisions"}],"wp:featuredmedia":[{"embeddable":true,"href":"https:\/\/www.europesays.com\/es\/wp-json\/wp\/v2\/media\/163965"}],"wp:attachment":[{"href":"https:\/\/www.europesays.com\/es\/wp-json\/wp\/v2\/media?parent=163964"}],"wp:term":[{"taxonomy":"category","embeddable":true,"href":"https:\/\/www.europesays.com\/es\/wp-json\/wp\/v2\/categories?post=163964"},{"taxonomy":"post_tag","embeddable":true,"href":"https:\/\/www.europesays.com\/es\/wp-json\/wp\/v2\/tags?post=163964"}],"curies":[{"name":"wp","href":"https:\/\/api.w.org\/{rel}","templated":true}]}}