{"id":163966,"date":"2025-10-08T23:25:14","date_gmt":"2025-10-08T23:25:14","guid":{"rendered":"https:\/\/www.europesays.com\/es\/163966\/"},"modified":"2025-10-08T23:25:14","modified_gmt":"2025-10-08T23:25:14","slug":"desperfectos-los-ultimos-del-rock-and-roll","status":"publish","type":"post","link":"https:\/\/www.europesays.com\/es\/163966\/","title":{"rendered":"&#8216;Desperfectos: los \u00faltimos del rock and roll&#8217;"},"content":{"rendered":"<p>Una cr\u00f3nica musical que te gustar\u00e1, sobre una nueva banda y un nuevo disco. \t\t\t\t\t\t<\/p>\n<p>\t\t\t\t\t\t\t<img loading=\"lazy\" decoding=\"async\" typeof=\"foaf:Image\" src=\"https:\/\/www.europesays.com\/es\/wp-content\/uploads\/2025\/10\/_jjg_rock.jpg\" width=\"650\" height=\"433\" alt=\"Concierto de Desperfectos.\"\/><\/p>\n<p>J.T.G.<\/p>\n<p>Concierto de Desperfectos.<\/p>\n<p>Que el rock est\u00e1 muerto es una letan\u00eda que ya Miguel R\u00edos escuchaba en sus comienzos, hace medio siglo. Y ah\u00ed sigue, si bien hay quien le augura un futuro pr\u00f3ximo al del jazz, como m\u00fasica cl\u00e1sica tambi\u00e9n del siglo XX, y recluido en \u2018reservas\u2019 y clubes\u00a0 para un p\u00fablico menos mayoritario. El tiempo lo dir\u00e1, aunque nombres (propios) como Leiva o Fito sigan llenando grandes recintos, cierto es que la edad media de los asistentes cada a\u00f1o es otro mayor. Hummm, algo parecido a los lectores de prensa, pero esta es otra historia.\u00a0<\/p>\n<p class=\"sumari\">El estreno de una banda nueva de la entidad en directo de Desperfectos es una buena noticia<\/p>\n<p>Por eso el estreno de una banda nueva de la entidad en directo de Desperfectos es una buena noticia. Aunque m\u00e1s que nuevo son \u2018renovados\u2019, porque el grupo est\u00e1 formado por miembros que han agotado (o mantienen) otras marcas y saben lo que es pisar un escenario con autoridad. La banda re\u00fane a V\u00edctor Saga (Black Bird) a la bater\u00eda, Geeraad de Baker (Glucovaine) al bajo, Alfredo S\u00e1nchez (La Hija \u00danica) a la guitarra y Jos\u00e9 Mar\u00eda Chico (V\u00edctor S\u00e1nchez, Eva y Ad\u00e1n, Burrianca) a los teclados, teniendo al tim\u00f3n a Salva Serrano, veterano en mil frentes y con varias entradas en el libro del rock granadino: en la \u2018B\u2019 de Beat Club, en la \u2018C\u2019 de Clase Media, \u2018D\u2019 de Dorian Gray entre otras.\u00a0<\/p>\n<p class=\"sumari\">Otro colega que va cogiendo altos vuelos como J.J. Fuentes (no se pierdan su nuevo disco \u2018El heredero\u2019, con lo m\u00e1s granado del pa\u00eds a su lado)<\/p>\n<p>Otro colega que va cogiendo altos vuelos como J.J. Fuentes (no se pierdan su nuevo disco \u2018El heredero\u2019, con lo m\u00e1s granado del pa\u00eds a su lado) se\u00f1al\u00f3 a Serrano como uno de los \u00abmejores compositores de de rock del pa\u00eds\u00bb, y su ex, Paco Chica, matizaba: \u00ab\u00e9l cree que es de rock, pero es de pop, sus canciones est\u00e1n llenas de melod\u00edas y estribillos pop\u00bb. Sea lo que fuese, la sala Riff de Armilla se llen\u00f3 de p\u00fablico para esta premier en toda regla, prologada por los gaditanos Neon Vampire. \u2018Canciones como \u2018Huir\u2019 anticipan un repertorio m\u00e1s amplio gestado bajo la tutela sabia de Ra\u00fal Bernal, y que puesto en marcha, se ofrece como una musculosa recapitulaci\u00f3n sobre las premisas del rock estadounidense de grandes espacios, robusto, el\u00e9ctrico y compartible. De haber existido la banda para entonces, seguro que hubieran participado en el concierto homenaje a Tom Petty (entre el p\u00fablico abundaban los que s\u00ed estuvieron), como hubieran pagado por estar en aquel el \u00faltimo vals que finiquit\u00f3 a The Band. Es solo rock and roll but\u2026\u00a0<\/p>\n<p>\u00a0<\/p>\n","protected":false},"excerpt":{"rendered":"Una cr\u00f3nica musical que te gustar\u00e1, sobre una nueva banda y un nuevo disco. J.T.G. Concierto de Desperfectos.&hellip;\n","protected":false},"author":2,"featured_media":163967,"comment_status":"","ping_status":"","sticky":false,"template":"","format":"standard","meta":{"footnotes":""},"categories":[170],"tags":[146,147,25,24,184,185,23],"class_list":{"0":"post-163966","1":"post","2":"type-post","3":"status-publish","4":"format-standard","5":"has-post-thumbnail","7":"category-musica","8":"tag-entertainment","9":"tag-entretenimiento","10":"tag-es","11":"tag-espana","12":"tag-music","13":"tag-musica","14":"tag-spain"},"share_on_mastodon":{"url":"","error":""},"_links":{"self":[{"href":"https:\/\/www.europesays.com\/es\/wp-json\/wp\/v2\/posts\/163966","targetHints":{"allow":["GET"]}}],"collection":[{"href":"https:\/\/www.europesays.com\/es\/wp-json\/wp\/v2\/posts"}],"about":[{"href":"https:\/\/www.europesays.com\/es\/wp-json\/wp\/v2\/types\/post"}],"author":[{"embeddable":true,"href":"https:\/\/www.europesays.com\/es\/wp-json\/wp\/v2\/users\/2"}],"replies":[{"embeddable":true,"href":"https:\/\/www.europesays.com\/es\/wp-json\/wp\/v2\/comments?post=163966"}],"version-history":[{"count":0,"href":"https:\/\/www.europesays.com\/es\/wp-json\/wp\/v2\/posts\/163966\/revisions"}],"wp:featuredmedia":[{"embeddable":true,"href":"https:\/\/www.europesays.com\/es\/wp-json\/wp\/v2\/media\/163967"}],"wp:attachment":[{"href":"https:\/\/www.europesays.com\/es\/wp-json\/wp\/v2\/media?parent=163966"}],"wp:term":[{"taxonomy":"category","embeddable":true,"href":"https:\/\/www.europesays.com\/es\/wp-json\/wp\/v2\/categories?post=163966"},{"taxonomy":"post_tag","embeddable":true,"href":"https:\/\/www.europesays.com\/es\/wp-json\/wp\/v2\/tags?post=163966"}],"curies":[{"name":"wp","href":"https:\/\/api.w.org\/{rel}","templated":true}]}}