{"id":163989,"date":"2025-10-08T23:45:09","date_gmt":"2025-10-08T23:45:09","guid":{"rendered":"https:\/\/www.europesays.com\/es\/163989\/"},"modified":"2025-10-08T23:45:09","modified_gmt":"2025-10-08T23:45:09","slug":"un-busto-dorado-de-aitana-bonmati-corona-la-ciutadella","status":"publish","type":"post","link":"https:\/\/www.europesays.com\/es\/163989\/","title":{"rendered":"Un busto dorado de Aitana Bonmat\u00ed corona la Ciutadella"},"content":{"rendered":"<p class=\"ft-text\"><strong>Barcelona amaneci\u00f3 ayer con una sorpresa en el coraz\u00f3n del Parque de la Ciutadella: un busto dorado de Aitana Bonmat\u00ed preside la Cascada Monumental.<\/strong> La obra, creada por el artista urbano Diego Ojeda \u2014conocido como @NadieMeDiceArte\u2014, rinde homenaje <a class=\"ft-link ft-link--decoration\" href=\"https:\/\/www.sport.es\/es\/noticias\/barca\/futbol-femenino\/sorpresa-llevo-aitana-balon-oro-122030479\" rel=\"nofollow noopener\" target=\"_blank\">al tercer Bal\u00f3n de Oro<\/a> que la futbolista catalana conquist\u00f3 el pasado 22 de septiembre.<\/p>\n<p class=\"ft-text\"><strong>\u201cEl f\u00fatbol de Aitana no tiene precedentes. Es fan\u00e1tica del juego de Iniesta y eso se percibe en cada pase, en cada movimiento\u201d<\/strong>, explic\u00f3 Ojeda al presentar la pieza. El busto, de 1,60 metros, fue impreso en 3D para replicar su rostro y luego recubierto en masa y pintado en dorado, s\u00edmbolo del trofeo. En la base, una placa en catal\u00e1n recuerda: <strong>\u201cAitana Bonmat\u00ed, tres veces ganadora del Bal\u00f3n de Oro. Nuestro orgullo\u201d.<\/strong><\/p>\n<p class=\"ft-text\">El artista subray\u00f3 que su intervenci\u00f3n tiene tambi\u00e9n un mensaje social: <a class=\"ft-link ft-link--decoration\" href=\"https:\/\/www.sport.es\/es\/temas\/aitana-bonmati-1741629\" rel=\"nofollow noopener\" target=\"_blank\"><strong>\u201cAitana es \u00fanica<\/strong><\/a><strong> y no necesita comparaciones masculinas para legitimar lo que est\u00e1 logrando\u201d<\/strong>. No se sabe cu\u00e1nto tiempo permanecer\u00e1 visible, pero Ojeda ya ha pedido en redes un espacio permanente para que el p\u00fablico pueda seguir visit\u00e1ndola<\/p>\n","protected":false},"excerpt":{"rendered":"Barcelona amaneci\u00f3 ayer con una sorpresa en el coraz\u00f3n del Parque de la Ciutadella: un busto dorado de&hellip;\n","protected":false},"author":2,"featured_media":163990,"comment_status":"","ping_status":"","sticky":false,"template":"","format":"standard","meta":{"footnotes":""},"categories":[173],"tags":[3519,229,233,231,230,32461,2296,210,1547,45652,232,234,11688,146,147,25,1246,24,48405,23],"class_list":{"0":"post-163989","1":"post","2":"type-post","3":"status-publish","4":"format-standard","5":"has-post-thumbnail","7":"category-arte-y-diseno","8":"tag-aitana","9":"tag-arte","10":"tag-arte-y-diseno","11":"tag-arts","12":"tag-arts-and-design","13":"tag-balon-de-oro","14":"tag-barca","15":"tag-barcelona","16":"tag-bonmati","17":"tag-busto","18":"tag-design","19":"tag-diseno","20":"tag-dorado","21":"tag-entertainment","22":"tag-entretenimiento","23":"tag-es","24":"tag-escultura","25":"tag-espana","26":"tag-parc-de-la-ciutadella","27":"tag-spain"},"share_on_mastodon":{"url":"","error":""},"_links":{"self":[{"href":"https:\/\/www.europesays.com\/es\/wp-json\/wp\/v2\/posts\/163989","targetHints":{"allow":["GET"]}}],"collection":[{"href":"https:\/\/www.europesays.com\/es\/wp-json\/wp\/v2\/posts"}],"about":[{"href":"https:\/\/www.europesays.com\/es\/wp-json\/wp\/v2\/types\/post"}],"author":[{"embeddable":true,"href":"https:\/\/www.europesays.com\/es\/wp-json\/wp\/v2\/users\/2"}],"replies":[{"embeddable":true,"href":"https:\/\/www.europesays.com\/es\/wp-json\/wp\/v2\/comments?post=163989"}],"version-history":[{"count":0,"href":"https:\/\/www.europesays.com\/es\/wp-json\/wp\/v2\/posts\/163989\/revisions"}],"wp:featuredmedia":[{"embeddable":true,"href":"https:\/\/www.europesays.com\/es\/wp-json\/wp\/v2\/media\/163990"}],"wp:attachment":[{"href":"https:\/\/www.europesays.com\/es\/wp-json\/wp\/v2\/media?parent=163989"}],"wp:term":[{"taxonomy":"category","embeddable":true,"href":"https:\/\/www.europesays.com\/es\/wp-json\/wp\/v2\/categories?post=163989"},{"taxonomy":"post_tag","embeddable":true,"href":"https:\/\/www.europesays.com\/es\/wp-json\/wp\/v2\/tags?post=163989"}],"curies":[{"name":"wp","href":"https:\/\/api.w.org\/{rel}","templated":true}]}}