{"id":163991,"date":"2025-10-08T23:47:06","date_gmt":"2025-10-08T23:47:06","guid":{"rendered":"https:\/\/www.europesays.com\/es\/163991\/"},"modified":"2025-10-08T23:47:06","modified_gmt":"2025-10-08T23:47:06","slug":"11-lecturas-para-entender-a-la-mujer-y-artista","status":"publish","type":"post","link":"https:\/\/www.europesays.com\/es\/163991\/","title":{"rendered":"11 lecturas para entender a la mujer y artista"},"content":{"rendered":"<p><img decoding=\"async\" src=\"https:\/\/www.europesays.com\/es\/wp-content\/uploads\/2025\/09\/b1051dd1b0a33a38e84e07ab28b8ab9c.png\" alt=\"\"\/><img decoding=\"async\" src=\"https:\/\/www.europesays.com\/es\/wp-content\/uploads\/2025\/10\/772733799d50612558894de3e9b6e13d.jpg\" alt=\"\"\/>Shirley ManginiCirce, 2012<\/p>\n<p>Desde sus inicios en los 90, Circe fue un proyecto editorial pionero en la recuperaci\u00f3n de biograf\u00edas de mujeres, cuyo legado pas\u00f3 desapercibido en su momento y desde finales del siglo pasado se reivindica y celebra. Maruja Mallo pertenece a ese grupo. En 2012 la editorial lanz\u00f3 su biograf\u00eda firmada por la hispanista estadounidense Shirley Mangini que hab\u00eda publicado la obra en ingl\u00e9s dos a\u00f1os antes.<\/p>\n<p>En la introducci\u00f3n, la autora repasa la bibliograf\u00eda existente hasta ese momento y explica el m\u00e9rito de su aportaci\u00f3n: \u201cMi estudio es el primero en examinar las interconexiones existentes entre su vida y su obra, y en subrayar la <strong>influencia clave que tuvo<\/strong> en la evoluci\u00f3n de la vanguardia en Madrid durante el primer tercio del siglo XX\u201d. Cuando Mallo regres\u00f3 del exilio en 1962, lo \u00fanico y lo poco que se recordaba de ella no eran m\u00e1s que \u201cmitos y esc\u00e1ndalos\u201d. Para evitar que los \u00e1rboles de sus excentricidades ocultaran el vergel de su arte, hab\u00eda que atar cabos, salvar huecos, llenar vac\u00edos\u2026 Y eso hizo ella y su biograf\u00eda, evitar que su legado se percibiera como poco m\u00e1s que \u201cuna serie de an\u00e9cdotas escabrosas de su vida\u201d.<\/p>\n<p><img decoding=\"async\" src=\"https:\/\/www.europesays.com\/es\/wp-content\/uploads\/2025\/10\/aef26ad3f02674bfe3d0c8f5c5b1374c.jpg\" alt=\"\"\/>Arturo del Villar Colectivo Republicano Tercer Milenio, 2009<\/p>\n<p>Este es un libro muy singular. Peque\u00f1o, pero mat\u00f3n, le levanta el dedo a la biograf\u00eda anterior por despachar en un p\u00e1rrafo \u2014que califica de inveros\u00edmil\u2014 la vivencia de la guerra que tuvo Maruja Mallo escondida seis meses en la casa de su t\u00edo en Vigo. En este periodo de tiempo se centra esta obra que firma Arturo del Villar y que se incluye en la Biblioteca de Divulgaci\u00f3n Republicana. Porque Maruja Mallo, aparte de pintar verbenas, tambi\u00e9n era la pintora del pan y los peces y <strong>ten\u00eda un pasado republicano<\/strong> que la convert\u00eda en objetivo del bando sublevado.<\/p>\n<p>Tras permanecer oculta medio a\u00f1o, consigui\u00f3 en enero del 37 pasar a Tuy y de ah\u00ed a Lisboa donde fue acogida por Gabriela Mistral. Gracias a ella logr\u00f3 embarcar hacia Buenos Aires. Como explica el autor: \u201cLlevaba como equipaje La sorpresa del trigo, porque cre\u00eda que era su mejor obra y no quer\u00eda separarse de ella. Tambi\u00e9n llevaba el tremendo horror de lo que hab\u00eda visto y de lo que oy\u00f3 contar mientras permaneci\u00f3 en su encierro\u201d.<\/p>\n<p><img decoding=\"async\" src=\"https:\/\/www.europesays.com\/es\/wp-content\/uploads\/2025\/10\/8a2e87dd8af7234c7b4a06f1c4c7714c.jpg\" alt=\"\"\/>Ram\u00f3n G\u00f3mez de la Serna Vola Archivos, 2024<\/p>\n<p>Vanguardista en todo, el polifac\u00e9tico <strong>Ram\u00f3n G\u00f3mez de la Serna<\/strong> se fij\u00f3, ya en la primera mitad del siglo pasado, en el trabajo de las mujeres y dedic\u00f3 cuatro miniensayos a cuatro pintoras: Mar\u00eda Blanchard, Norah Borges, Marie Laurencin y Maruja Mallo. El a\u00f1o pasado la editorial Vola Archivos compil\u00f3 en un volumen esos textos y los public\u00f3 bajo ese t\u00edtulo, Pintoras. El verbo luchar est\u00e1 en la primera frase del retrato de G\u00f3mez de la Serna. \u201cYo la he visto luchar desde los primeros d\u00edas de su iniciaci\u00f3n, cuando descubro en ella a la que sabe el valor de lo heterog\u00e9neo [\u2026]. Aparece Maruja Mallo como una verdadera primavera nueva en el aire de Madrid, como un regalo de mayo en confundida ortograf\u00eda. Viene verbenera\u2026\u201d.<\/p>\n<p>Es un perfil personal, pero centrado en su obra. La recorre desde sus inicios y sigue su evoluci\u00f3n hacia una segunda etapa donde \u201crevela la pintora que posee la gama de los oscuros\u201d. Se hace eco de sus \u00e9xitos en Par\u00eds y con la ayuda de la iconograf\u00eda de sus cuadros (espigas, peces\u2026) sentencia: \u201cElla supo dar el mordisco al mundo\u201d.<\/p>\n<p><img decoding=\"async\" src=\"https:\/\/www.europesays.com\/es\/wp-content\/uploads\/2025\/10\/790d5aa076d09379332dbf285e6388ab.jpg\" alt=\"\"\/>Mar\u00eda Canosa y Bea Gregores Editorial Bulul\u00fa, 2023<\/p>\n<p>La ilustradora Bea Gregores se inspira en las fotos, los edificios y las noticias de la \u00e9poca para acompa\u00f1ar los textos de la autora Mar\u00eda Canosa. Ambas gallegas, como la protagonista, como la editorial. El resultado es Maruja Mallo. Enigm\u00e1ticamente \u00fanica, un hermoso <strong>\u00e1lbum ilustrado<\/strong> que muestra los ambientes, la familia, los espacios esc\u00e9nicos y todo aquello que fue fundamental en la vida de Maruja Mallo.<\/p>\n<p>Esta biograf\u00eda quiere descubrir a una mujer valiente y libre que no desisti\u00f3 en mantener su arte \u00fanico y original a lo largo de toda su vida. Maruja Mallo abri\u00f3 un camino que nadie m\u00e1s se atrevi\u00f3 a seguir. Se sumergi\u00f3 en la corriente cultural del Madrid de los a\u00f1os veinte y se convirti\u00f3 en parte activa de la Generaci\u00f3n del 27 y en el movimiento de las \u201csinsombrero\u201d. Fue fuente de inspiraci\u00f3n de escritores, poetas y fil\u00f3sofos, y objetivo de cr\u00edticas que ni entend\u00edan su obra ni la valoraban por el hecho de ser mujer.<\/p>\n<p><img decoding=\"async\" src=\"https:\/\/www.europesays.com\/es\/wp-content\/uploads\/2025\/10\/d024dc534d1241afef1873bd35c078f1.jpg\" alt=\"\"\/>T\u00e0nia Ball\u00f3 Espasa, 2016<\/p>\n<p>La historia merece ser contada entera, defiende T\u00e0nia Ball\u00f3, productora y directora de cine y tambi\u00e9n autora de Las sinsombrero, cuyo subt\u00edtulo a\u00f1ade: Sin ellas, la historia no est\u00e1 completa. Por eso su libro recupera la memoria y los avatares de varias artistas y pensadoras de la generaci\u00f3n del 27. Mujeres libres y rompedoras tambi\u00e9n en sus vidas privadas, apasionadas y apasionantes, que anticiparon, e hicieron posible, a las mujeres de hoy, a pesar del rev\u00e9s de la Guerra Civil que acab\u00f3 con tantos sue\u00f1os de libertad e igualdad.<\/p>\n<p>Su legado resulta determinante en la historia de nuestro pa\u00eds, al igual que el de sus compa\u00f1eros, pertenecientes a esa ineludible generaci\u00f3n literaria. Ellas son Maruja Mallo, Rosa Chacel, Ernestina de Champourc\u00edn, Marga Gil R\u00f6esset, Mar\u00eda Teresa Le\u00f3n, Concha M\u00e9ndez, \u00c1ngeles Santos, Mar\u00eda Zambrano, Josefina de la Torre\u2026 Escritoras, artistas pl\u00e1sticas, dramaturgas y pensadoras que se quitaron el sombrero, ese cors\u00e9 intelectual que las relegaba al papel de esposas y madres, y participaron sin complejos en la vida intelectual espa\u00f1ola entre los a\u00f1os 20 y 30.<\/p>\n<p><img decoding=\"async\" src=\"https:\/\/www.europesays.com\/es\/wp-content\/uploads\/2025\/10\/f46a0b3fd4a1ecc1d3b1bf02d91196f2.jpg\" alt=\"\"\/>Mar\u00eda Alejandra Zanetta Biblioteca Nueva, 2014<\/p>\n<p>No es el \u00fanico libro que Mar\u00eda Alejandra Zanetta \u2013profesora asociada de Literatura Espa\u00f1ola y Cultura en la Universidad de Akron, Estados Unidos\u2013 ha escrito sobre la pintora. La subversi\u00f3n enmascarada: An\u00e1lisis de la obra de Maruja Mallo, en concreto, es un estudio interpretativo de los s\u00edmbolos m\u00e1s importantes de la iconograf\u00eda personal de Maruja Mallo en relaci\u00f3n con el contexto en el que fueron creados.<\/p>\n<p>La autora tambi\u00e9n analiza las lecturas y <strong>vivencias personales<\/strong> que tuvieron un profundo impacto en la formaci\u00f3n personal y profesional de la artista. Ya en otro libro anterior, La otra cara de la vanguardia, Mar\u00eda Alejandra Zanetta examin\u00f3 las correspondencias en el arte de Maruja Mallo, \u00c1ngeles Santos y Remedios Varo partiendo de los estudios de g\u00e9nero.<\/p>\n<p><img decoding=\"async\" src=\"https:\/\/www.europesays.com\/es\/wp-content\/uploads\/2025\/10\/986461bd3d8bbd592fd5010e86110a72.jpg\" alt=\"\"\/>Carolina Corvillo y Irina Hirondelle Cascaborra Ediciones, 2023<\/p>\n<p>A la colecci\u00f3n Biograf\u00edas en vi\u00f1etas de Cascaborra Ediciones pertenece este volumen, en formato c\u00f3mic, que firman Carolina Corvillo e Irina Hirondelle. Las autoras presentan a Maruja Mallo como pintora, \u201csinsombrerista\u201d, librepensadora sin militancia, musa de poetas e intelectuales, creadora de mitos, eternamente moderna, joven y bruja, sibila reveladora y rebelde, <strong>anticlerical pero enamorada de las catedrales<\/strong>, amiga de juventud de Dal\u00ed, Lorca, Concha M\u00e9ndez, Bu\u00f1uel, Margarita Manso, Miguel Hern\u00e1ndez, Alberti\u2026 Un largo etc\u00e9tera sobre una figura emblem\u00e1tica que, desde su llegada a Madrid en 1922, abraz\u00f3 el arte, el cine, el jazz, la vanguardia, la luces y las sombras, y los corazones rotos.<\/p>\n<p>Maruja Mallo es un espect\u00e1culo visual y colorista que cuenta la historia de una mujer y artista que desafi\u00f3 las reglas establecidas para buscar su voz entre los movimientos m\u00e1gicos y giratorios de las verbenas y los ecos l\u00fagubres de los campanarios. \u201cEntre verbenas y espantajos, toda la belleza del mundo cabe dentro del ojo. Sus cuadros son los que he visto pintados con m\u00e1s imaginaci\u00f3n y sensualidad\u201d, dijo sobre su arte Federico Garc\u00eda Lorca.<\/p>\n<p><img decoding=\"async\" src=\"https:\/\/www.europesays.com\/es\/wp-content\/uploads\/2025\/10\/d040651f02d5042e990815644c1a6ecc.jpg\" alt=\"\"\/>Ana Rodr\u00edguez FischerSiruela Nuevos Tiempos, 2025<\/p>\n<p>La vida y la voz de Maruja Mallo ya fueron el foco de una primera aproximaci\u00f3n narrativa de Ana Rodr\u00edguez Fischer en Objetos extraviados, novela publicada en 1995 y merecedora del Premio Femenino Lumen. Ahora, la catedr\u00e1tica de Literatura Espa\u00f1ola en la Universidad de Barcelona las revisita y ampl\u00eda en Notre Dame de la Alegr\u00eda, un <strong>soliloquio<\/strong> de extraordinaria riqueza y profundidad. Reza la sinopsis de la novela que, a sus veinte a\u00f1os, Ana Mar\u00eda G\u00f3mez Gonz\u00e1lez, nacida la noche de Reyes de 1902 en Viveiro y cuarta entre catorce hermanos, llega por fin a Madrid desde Avil\u00e9s, donde su padre, funcionario del cuerpo de Aduanas, hab\u00eda recalado desde su Galicia natal. La pulsi\u00f3n que la arrastra desde ni\u00f1a hacia el arte ha podido ser encauzada en la Escuela de Artes y Oficios de la ciudad asturiana, pero son la Real Academia de Bellas Artes de San Fernando y, sobre todo, la Residencia de Estudiantes las que propiciar\u00e1n su transformaci\u00f3n en Maruja Mallo: la pintora, la transgresora, la mujer libre que particip\u00f3 de la gran fiesta intelectual, una eclosi\u00f3n de poes\u00eda, pintura y cine sin precedentes que surgi\u00f3 en los a\u00f1os 20 y a la que dar\u00eda fin la Guerra Civil.<\/p>\n<p><img decoding=\"async\" src=\"https:\/\/www.europesays.com\/es\/wp-content\/uploads\/2025\/10\/2bea16356516a28258fcef137aa94c73.jpg\" alt=\"\"\/>Sandra Ferrer ValeroPrincipal de los Libros, 2023<\/p>\n<p>Cinco siglos de mujeres pintoras, diez nombres, casi cuatrocientas p\u00e1ginas&#8230; Ese es el resumen en cifras de El taller de Artemisia, el libro que Sandra Ferrer public\u00f3 en 2023 para reivindicar el papel de ellas en la historia del arte. El relato dedicado a la gallega comienza con una imagen, la de la pintora y el poeta, la de <strong>Maruja Mallo y Pablo Neruda<\/strong> jugando en una playa de la costa chilena. A partir de esa instant\u00e1nea se recupera la vida y la obra, y sobre todo la primera: \u201cAl fin y al cabo, Maruja fue quien quiso ser. Ella misma ocult\u00f3 y manipul\u00f3 su propia biograf\u00eda para construir su imagen p\u00fablica, lo que en el siglo XXI conocemos como \u2018marca personal\u2019\u201d.<\/p>\n<p><img decoding=\"async\" src=\"https:\/\/www.europesays.com\/es\/wp-content\/uploads\/2025\/10\/ddac57ce313c25874533f99552d10414.jpg\" alt=\"\"\/>Marif\u00e9 Santiago Bola\u00f1os y Mercedes G\u00f3mez Blesa Huso Editorial, 2016<\/p>\n<p>Debes conocerlas, de la editorial Huso, es la compilaci\u00f3n llevada a cabo por las fil\u00f3sofas Marif\u00e9 Santiago Bola\u00f1os y Mercedes G\u00f3mez Blesa. En sus p\u00e1ginas cristalizaron las sesiones de un grupo de trabajo, con sede en Astorga, dedicado al estudio de la obra de mujeres excepcionales. Maruja Mallo no falta. Comparece junto a Mar\u00eda Teresa Le\u00f3n, aunque sean \u201cambas mucho m\u00e1s que la novia o compa\u00f1era de Rafael Alberti\u201d. Marif\u00e9 Santiago se centra en su amistad con Concha M\u00e9ndez, en su inter\u00e9s por el teatro\u2026 Todo a la sombra de Mar\u00eda Zambrano que pulula por toda la obra.<\/p>\n<p><img decoding=\"async\" src=\"https:\/\/www.europesays.com\/es\/wp-content\/uploads\/2025\/10\/6793a6e6d2b131ed50ee556716818e1d.jpg\" alt=\"\"\/>Luisa Antol\u00edn y Juan Manuel Santom\u00e9Hotel Papel Ediciones, 2014<\/p>\n<p>Cuentan en su <strong>\u00e1lbum ilustrado infantil<\/strong> Luisa Antol\u00edn y Juan Manuel Santom\u00e9 que Maruja Mallo naci\u00f3 junto al mar y que desde ni\u00f1a iba con un bloc y un l\u00e1piz dibujando todo lo que ve\u00eda. Que estudi\u00f3 en la Academia de Bellas Artes de San Fernando y all\u00ed se hizo amiga de Margarita Manso, Salvador Dal\u00ed, Luis Bu\u00f1uel y Federico Garc\u00eda Lorca. Que inaugur\u00f3 el \u201csinsombrerismo\u201d, que fue algo as\u00ed como una peque\u00f1a revoluci\u00f3n al ir por la calle con la cabeza descubierta, algo que estaba muy mal visto en las mujeres.<\/p>\n<p>Maruja Mallo tambi\u00e9n se hizo profesora, hasta que <strong>lleg\u00f3 la guerra y se tuvo que exiliar<\/strong>. Se fue a Argentina y all\u00ed la recibieron con los brazos abiertos, por lo que se quit\u00f3 algo de tristeza con ese cari\u00f1o. Por todas estas razones la artista tiene un lugar en la colecci\u00f3n Violeta Infantil Biograf\u00edas de Hotel Papel Ediciones, que tambi\u00e9n incluye \u00e1lbumes sobre otras mujeres relevantes como Gloria Fuertes, Virginia Woolf, Carmen Mart\u00edn Gaite o Mar\u00eda Zambrano. Maruja Mallo. Caracola con alas es un libro para ni\u00f1os y ni\u00f1as a partir de siete a\u00f1os en edici\u00f3n biling\u00fce (castellano-ingl\u00e9s).<\/p>\n","protected":false},"excerpt":{"rendered":"Shirley ManginiCirce, 2012 Desde sus inicios en los 90, Circe fue un proyecto editorial pionero en la recuperaci\u00f3n&hellip;\n","protected":false},"author":2,"featured_media":163992,"comment_status":"","ping_status":"","sticky":false,"template":"","format":"standard","meta":{"footnotes":""},"categories":[172],"tags":[224,146,147,25,24,225,23],"class_list":{"0":"post-163991","1":"post","2":"type-post","3":"status-publish","4":"format-standard","5":"has-post-thumbnail","7":"category-libros","8":"tag-books","9":"tag-entertainment","10":"tag-entretenimiento","11":"tag-es","12":"tag-espana","13":"tag-libros","14":"tag-spain"},"share_on_mastodon":{"url":"","error":""},"_links":{"self":[{"href":"https:\/\/www.europesays.com\/es\/wp-json\/wp\/v2\/posts\/163991","targetHints":{"allow":["GET"]}}],"collection":[{"href":"https:\/\/www.europesays.com\/es\/wp-json\/wp\/v2\/posts"}],"about":[{"href":"https:\/\/www.europesays.com\/es\/wp-json\/wp\/v2\/types\/post"}],"author":[{"embeddable":true,"href":"https:\/\/www.europesays.com\/es\/wp-json\/wp\/v2\/users\/2"}],"replies":[{"embeddable":true,"href":"https:\/\/www.europesays.com\/es\/wp-json\/wp\/v2\/comments?post=163991"}],"version-history":[{"count":0,"href":"https:\/\/www.europesays.com\/es\/wp-json\/wp\/v2\/posts\/163991\/revisions"}],"wp:featuredmedia":[{"embeddable":true,"href":"https:\/\/www.europesays.com\/es\/wp-json\/wp\/v2\/media\/163992"}],"wp:attachment":[{"href":"https:\/\/www.europesays.com\/es\/wp-json\/wp\/v2\/media?parent=163991"}],"wp:term":[{"taxonomy":"category","embeddable":true,"href":"https:\/\/www.europesays.com\/es\/wp-json\/wp\/v2\/categories?post=163991"},{"taxonomy":"post_tag","embeddable":true,"href":"https:\/\/www.europesays.com\/es\/wp-json\/wp\/v2\/tags?post=163991"}],"curies":[{"name":"wp","href":"https:\/\/api.w.org\/{rel}","templated":true}]}}