{"id":163995,"date":"2025-10-08T23:49:11","date_gmt":"2025-10-08T23:49:11","guid":{"rendered":"https:\/\/www.europesays.com\/es\/163995\/"},"modified":"2025-10-08T23:49:11","modified_gmt":"2025-10-08T23:49:11","slug":"la-solida-voz-de-falces","status":"publish","type":"post","link":"https:\/\/www.europesays.com\/es\/163995\/","title":{"rendered":"la s\u00f3lida voz de Falces"},"content":{"rendered":"<p>\n        Aunque est\u00e1 cerca de cumplir 40 a\u00f1os, su juventud rebosa por los cuatro costados. Y es que <a href=\"https:\/\/www.noticiasdenavarra.com\/navarra\/2020\/04\/16\/radio-espera-punto-encuentro-falces-2292097.html\" title=\"Radio Espera, la emisora falcesina,\" class=\"link copy\" rel=\"nofollow noopener\" target=\"_blank\"><strong>Radio Espera, la emisora falcesina<\/strong>,<\/a> acaba de arrancar <strong>nueva temporada con r\u00e9cord de audiencia<\/strong> y con una programaci\u00f3n que a\u00fana<strong> <\/strong><a href=\"https:\/\/www.noticiasdenavarra.com\/navarra\/2025\/08\/11\/interpenas-falces-llegado-quedarse-fiestas-9971127.html\" title=\"jovialidad, cercan\u00eda y cultura\" class=\"link copy\" rel=\"nofollow noopener\" target=\"_blank\"><strong>jovialidad, cercan\u00eda y cultura<\/strong><\/a>; \u201cun referente y un papel destacado como la voz de Falces\u201d.\n<\/p>\n<p class=\"article-body__text \">\n        Activa <strong>desde el a\u00f1o 1987<\/strong>, cuentan sus integrantes, ha inaugurado campa\u00f1a con un balance hist\u00f3rico: \u201cla web de la radio ha batido su r\u00e9cord de contactos en directo, consolidando el auge que vive este proyecto local desde hace varios a\u00f1os\u201d. Bajo el lema Tu radio de fin de semana, Radio Espera refuerza su <strong>apuesta por la juventud, las ra\u00edces y la vida de pueblo<\/strong>, \u201cmanteni\u00e9ndose como <strong>uno de los pocos medios radiof\u00f3nicos de la zona<\/strong> que siguen en activo desde su fundaci\u00f3n en los a\u00f1os 80\u201d.\u00a0\n<\/p>\n<p>  Amplia y variada parrilla <\/p>\n<p class=\"article-body__text \">\n        A pesar de que cost\u00f3 bastante arrancar, de ah\u00ed su nombre, \u201cahora es <strong>un s\u00edmbolo de participaci\u00f3n vecinal y de dinamismo cultural<\/strong>\u201d. De hecho, y tras empezar con programas sobre sanidad, ecolog\u00eda o poes\u00eda, hoy contin\u00faa con ese esp\u00edritu, pero adaptado a los nuevos tiempos. Y es que la parrilla tiene cuatro espacios: <strong>En Cuadrilla<\/strong><strong>, presentado por<\/strong> <a href=\"https:\/\/www.noticiasdenavarra.com\/navarra\/2025\/04\/14\/juventud-asociacion-moviendo-falces-complementa-9523373.html\" title=\"Rub\u00e9n Garde\" class=\"link copy\" rel=\"nofollow noopener\" target=\"_blank\"><strong>Rub\u00e9n Garde<\/strong><\/a>, que combina m\u00fasica, entrevistas y cultura con un tono fresco y juvenil; <strong>Entre Nosotros<\/strong><strong>, con Francis Soto,<\/strong> que ofrece un espacio de conversaci\u00f3n y reflexi\u00f3n sobre temas de actualidad y cercan\u00eda; <strong>Lo que hay que o\u00edr<\/strong><strong>, con Luis Latorre,<\/strong> que apuesta por el humor, las curiosidades y el entretenimiento; y <strong>Alcoh\u00f3licos An\u00f3nimos<\/strong><strong>, conducido por Gloria Mendivil<\/strong>, que mantiene un formato de tertulia centrado en la escucha y el di\u00e1logo sincero.\u00a0\n<\/p>\n<p class=\"article-body__text \">\n        De entre todos ellos, apuntan, \u201c<strong>En Cuadrilla<\/strong><strong> se ha convertido en el buque insignia<\/strong> de Radio Espera\u201d. A lo largo de sus dos primeras temporadas, el espacio ha superado las 135.000 visualizaciones en redes sociales y ha acercado<strong> la m\u00fasica y la cultura <\/strong>a un p\u00fablico joven y diverso. De hecho, por sus micr\u00f3fonos han pasado<strong> artistas y bandas<\/strong> reconocidas como Zetak, Chica Sobresalto, En Tol Sarmiento, Olaia Inziarte, Puro Relajo, La Pamplonesa, Aroa Berrozpe, Dupla o Andoni Agirregomezkorta, entre otros.\u00a0\n<\/p>\n<p class=\"article-photo__footer\">\n            Rub\u00e9n Garde, presentador de \u2018En Cuadrilla\u2019.                    <\/p>\n<p class=\"article-body__text \">\n        \u201cRadio Espera es un lugar especial para quienes amamos este medio\u201d, se\u00f1ala Rub\u00e9n Garde, estudiante de Periodismo. \u201cEmpec\u00e9 en la radio antes de entrar en la universidad, y tener esta oportunidad en mi pueblo es un privilegio: es aprender haciendo. <strong>Ver c\u00f3mo la gente de muy diversas edades ha vuelto a reconectar con la radio local es una de las mayores satisfacciones<\/strong>. Que sepan que aqu\u00ed seguimos, y que <strong>la radio de Falces sigue viva<\/strong>\u201d.\u00a0\n<\/p>\n<p>  Accesible <\/p>\n<p class=\"article-body__text \">\n        Por \u00faltimo, y como novedad, destacan que Radio Espera ha lanzado <strong>un nuevo spot promocional<\/strong> que pone en valor el papel de la radio local como medio cercano y participativo. Desde su estudio, situado en el antiguo hospital del municipio, la emisora emite cada fin de semana, invitando a los vecinos y vecinas de Falces y del resto de Navarra a seguir su programaci\u00f3n a trav\u00e9s del <strong>103.2 FM<\/strong> y de su web oficial,<strong> www.radioespera.com<\/strong>.\u00a0<\/p>\n","protected":false},"excerpt":{"rendered":"Aunque est\u00e1 cerca de cumplir 40 a\u00f1os, su juventud rebosa por los cuatro costados. Y es que Radio&hellip;\n","protected":false},"author":2,"featured_media":163996,"comment_status":"","ping_status":"","sticky":false,"template":"","format":"standard","meta":{"footnotes":""},"categories":[170],"tags":[146,147,25,24,4351,23345,184,185,1448,8734,23,1447],"class_list":{"0":"post-163995","1":"post","2":"type-post","3":"status-publish","4":"format-standard","5":"has-post-thumbnail","7":"category-musica","8":"tag-entertainment","9":"tag-entretenimiento","10":"tag-es","11":"tag-espana","12":"tag-espera","13":"tag-falces","14":"tag-music","15":"tag-musica","16":"tag-radio","17":"tag-solida","18":"tag-spain","19":"tag-voz"},"share_on_mastodon":{"url":"","error":""},"_links":{"self":[{"href":"https:\/\/www.europesays.com\/es\/wp-json\/wp\/v2\/posts\/163995","targetHints":{"allow":["GET"]}}],"collection":[{"href":"https:\/\/www.europesays.com\/es\/wp-json\/wp\/v2\/posts"}],"about":[{"href":"https:\/\/www.europesays.com\/es\/wp-json\/wp\/v2\/types\/post"}],"author":[{"embeddable":true,"href":"https:\/\/www.europesays.com\/es\/wp-json\/wp\/v2\/users\/2"}],"replies":[{"embeddable":true,"href":"https:\/\/www.europesays.com\/es\/wp-json\/wp\/v2\/comments?post=163995"}],"version-history":[{"count":0,"href":"https:\/\/www.europesays.com\/es\/wp-json\/wp\/v2\/posts\/163995\/revisions"}],"wp:featuredmedia":[{"embeddable":true,"href":"https:\/\/www.europesays.com\/es\/wp-json\/wp\/v2\/media\/163996"}],"wp:attachment":[{"href":"https:\/\/www.europesays.com\/es\/wp-json\/wp\/v2\/media?parent=163995"}],"wp:term":[{"taxonomy":"category","embeddable":true,"href":"https:\/\/www.europesays.com\/es\/wp-json\/wp\/v2\/categories?post=163995"},{"taxonomy":"post_tag","embeddable":true,"href":"https:\/\/www.europesays.com\/es\/wp-json\/wp\/v2\/tags?post=163995"}],"curies":[{"name":"wp","href":"https:\/\/api.w.org\/{rel}","templated":true}]}}