{"id":164003,"date":"2025-10-08T23:56:09","date_gmt":"2025-10-08T23:56:09","guid":{"rendered":"https:\/\/www.europesays.com\/es\/164003\/"},"modified":"2025-10-08T23:56:09","modified_gmt":"2025-10-08T23:56:09","slug":"israel-y-hamas-alcanzan-un-acuerdo-sobre-la-primera-fase-del-plan-de-paz-de-trump-para-gaza-internacional","status":"publish","type":"post","link":"https:\/\/www.europesays.com\/es\/164003\/","title":{"rendered":"Israel y Ham\u00e1s alcanzan un acuerdo sobre la primera fase del plan de paz de Trump para Gaza | Internacional"},"content":{"rendered":"<p class=\"\">Israel y Ham\u00e1s <a href=\"https:\/\/elpais.com\/internacional\/2025-10-08\/ultima-hora-del-conflicto-en-oriente-proximo-en-directo.html\" target=\"_self\" rel=\"nofollow noopener\" title=\"https:\/\/elpais.com\/internacional\/2025-10-08\/ultima-hora-del-conflicto-en-oriente-proximo-en-directo.html\">han alcanzado un acuerdo<\/a> sobre la primera fase del plan de Donald Trump para Gaza. Lo ha anunciado el presidente de Estados Unidos y lo han confirmado las dos partes y Qatar, otro de los mediadores, al precisar que incluye \u201ctodas las disposiciones y mecanismos de implementaci\u00f3n\u201d del canje de los 48 rehenes israel\u00edes (la mayor\u00eda sin vida) en manos de las milicias palestinas por la excarcelaci\u00f3n de unos 2.000 presos palestinos. Los \u00faltimos cautivos israel\u00edes -ha dicho Trump en un mensaje en su red social, Truth- \u201cvolver\u00e1n a casa muy pronto\u201d. <\/p>\n<p class=\"\">\u201cMe enorgullece anunciar que Israel y Ham\u00e1s han firmado la primera fase de nuestro Plan de Paz\u201d, dice el post (todas las may\u00fasculas son suyas). \u201cEsto significa que <a href=\"https:\/\/elpais.com\/internacional\/2025-10-04\/una-multitud-inunda-tel-aviv-para-presionar-por-la-liberacion-de-los-rehenes-netanyahu-es-ahora-o-nunca.html\" target=\"_self\" rel=\"nofollow noopener\" title=\"https:\/\/elpais.com\/internacional\/2025-10-04\/una-multitud-inunda-tel-aviv-para-presionar-por-la-liberacion-de-los-rehenes-netanyahu-es-ahora-o-nunca.html\">todos los rehenes ser\u00e1n liberados muy pronto<\/a> e Israel retirar\u00e1 sus tropas a una l\u00ednea acordada como primer paso hacia una paz s\u00f3lida, permanente y duradera. \u00a1Todas las partes recibir\u00e1n un trato justo!\u201c. <\/p>\n<p class=\"\">Ha sido todo muy r\u00e1pido. Primero, el pasado d\u00eda 19, el grandilocuente anuncio por Trump, junto con Netanyahu, en la Casa Blanca de un plan de paz para poner fin a la invasi\u00f3n israel\u00ed desencadenada por el ataque de Ham\u00e1s, que justo este martes cumpli\u00f3 dos a\u00f1os con m\u00e1s de 67.000 muertos (sobre todo menores y mujeres), 170.000 heridos (40.000 de ellos con heridas que cambiar\u00e1n su vida) <a href=\"https:\/\/elpais.com\/internacional\/2025-10-05\/gaza-dos-anos-de-horror-indescriptible-y-un-pequeno-horizonte-de-esperanza.html\" target=\"_self\" rel=\"nofollow noopener\" title=\"https:\/\/elpais.com\/internacional\/2025-10-05\/gaza-dos-anos-de-horror-indescriptible-y-un-pequeno-horizonte-de-esperanza.html\">y una devastaci\u00f3n sin apenas precedentes en la era moderna.<\/a> <\/p>\n<p class=\"\">No era un acuerdo, sino un ultim\u00e1tum al debilitado y solo movimiento islamista, al que amenaz\u00f3 con la aniquilaci\u00f3n si no lo aceptaba con rapidez. <a href=\"https:\/\/elpais.com\/internacional\/2025-10-03\/hamas-acepta-liberar-a-todos-los-rehenes-pero-pide-negociar-los-detalles-del-plan-de-paz-de-trump-para-gaza.html\" target=\"_self\" rel=\"nofollow noopener\" title=\"https:\/\/elpais.com\/internacional\/2025-10-03\/hamas-acepta-liberar-a-todos-los-rehenes-pero-pide-negociar-los-detalles-del-plan-de-paz-de-trump-para-gaza.html\">Ham\u00e1s respondi\u00f3 con un \u201cs\u00ed, pero\u201d<\/a>; Trump se quiso quedar solo con la primera parte (el s\u00ed) y empuj\u00f3 a las partes a cerrar los detalles, no en semanas, sino en d\u00edas, como finalmente ha sido, en la localidad egipcia de Sharm El Sheij y poniendo toda la carne en el asador, con el env\u00edo en la v\u00edspera de su enviado especial para Oriente Pr\u00f3ximo,<a href=\"https:\/\/elpais.com\/internacional\/2025-07-31\/el-enviado-de-trump-aborda-en-israel-la-crisis-humanitaria-en-gaza-y-el-estancamiento-de-las-negociaciones-de-paz.html\" rel=\"nofollow noopener\" title=\"https:\/\/elpais.com\/internacional\/2025-07-31\/el-enviado-de-trump-aborda-en-israel-la-crisis-humanitaria-en-gaza-y-el-estancamiento-de-las-negociaciones-de-paz.html\" target=\"_blank\">Steve Witkoff<\/a>, y su yerno, Jared Kushner, muy implicado en la diplomacia regional durante su primer mandato. Qatar, mediador clave, despach\u00f3 directamente a su primer ministro, Mohamed Al Thani, y Egipto y Turqu\u00eda, a los jefes de sus servicios de inteligencia, Hassan Rashad e Ibrahim Kalin, respectivamente.<\/p>\n<p class=\"\">Minutos despu\u00e9s, el primer ministro israel\u00ed, Benjam\u00edn Netanyahu, ha emitido un comunicado de una sola l\u00ednea, en referencia a los rehenes que el movimiento islamista entregar\u00e1 en la primera fase: \u201cCon la ayuda de Dios, traeremos a todos de\u00a0vuelta\u00a0a\u00a0casa\u201d.<\/p>\n<p class=\"\">Trump ha estado muy centrado en atar la primera fase, la del canje, que conlleva una leve retirada t\u00e9cnica de las tropas israel\u00edes para permitir su implementaci\u00f3n y la entrada de ayuda humanitaria que ven\u00eda impidiendo Israel. El presidente de EE UU viene haciendo en los \u00faltimos meses m\u00faltiples menciones a la importancia que otorga al <a href=\"https:\/\/elpais.com\/internacional\/2025-10-07\/el-duelo-inacabado-del-ataque-de-hamas-a-israel-por-que-la-pena-no-se-queda-aqui-en-el-cementerio.html\" target=\"_self\" rel=\"nofollow noopener\" title=\"https:\/\/elpais.com\/internacional\/2025-10-07\/el-duelo-inacabado-del-ataque-de-hamas-a-israel-por-que-la-pena-no-se-queda-aqui-en-el-cementerio.html\">regreso de los rehenes israel\u00edes,<\/a> de los que solo se calculan con vida entre 20 y 22.<\/p>\n<p class=\"\">En su mensaje, habla de \u201cun GRAN d\u00eda para el mundo \u00e1rabe y musulm\u00e1n, Israel, todas las naciones vecinas y Estados Unidos\u201d. Y agradece \u201ca los mediadores de Qatar, Egipto y Turqu\u00eda, quienes trabajaron con nosotros para hacer realidad este evento hist\u00f3rico y sin precedentes. \u00a1BENDITOS LOS CONSTRUCTORES DE PAZ!\u201c. <\/p>\n<p class=\"\">Horas antes, Trump hab\u00eda comunicado a los periodistas que estudiaba viajar a Oriente Pr\u00f3ximo a finales de esta semana ante la inminencia de un pacto en las negociaciones que han transcurrido esta semana en Egipto.<\/p>\n<p class=\"\">Antes de eso, el secretario de Estado, Marco Rubio, se hab\u00eda levantado de su sitio en una mesa redonda organizada para hablar de Antifa, etiqueta que sirve para denominar a una constelaci\u00f3n de grupos de extrema izquierda en Estados Unidos, para deslizarle un papelito a Trump. Fue despu\u00e9s de leer el mensaje que este conten\u00eda cuando el presidente hizo las declaraciones sobre su posible viaje. Despu\u00e9s, y gracias al zoom de la c\u00e1mara de uno de los fot\u00f3grafos presentes, Evan Nucci, de AP, fue posible saber que en el papel pon\u00eda \u201cMuy cerca\u201d, y que esa frase estaba subrayada dos veces. Y continuaba: \u201cNecesitamos que apruebes un mensaje en Truth Social pronto, para que puedas ser el que anuncie el alto el fuego\u201d.<\/p>\n<p class=\"\">\u201cPuede que vaya all\u00e1\u201d a finales de esta semana, \u201cel domingo\u201d o el mismo s\u00e1bado por la noche, puntualiz\u00f3 el presidente estadounidense. Despu\u00e9s, la portavoz de La Casa Blanca, Karoline Leavitt, fue un poco m\u00e1s espec\u00edfica, al decir que se espera que Trump se desplace a Egipto el viernes. El secretario de Estado, Marco Rubio, hab\u00eda cancelado el viaje que ten\u00eda previsto para esta misma noche a Par\u00eds, aparentemente ante las noticias de los progresos en Oriente Pr\u00f3ximo.<\/p>\n<p class=\"\">\u201cAcabo de estar tratando con la gente en Oriente Pr\u00f3ximo, nuestra gente y otra gente sobre el potencial acuerdo de paz para Oriente Pr\u00f3ximo. Esperamos que se haga realidad, pero est\u00e1 muy cerca\u201d, apuntaba el presidente estadounidense, que expresaba su optimismo sobre la posibilidad de llegar a un pacto en los pr\u00f3ximos d\u00edas. \u201cHay buenas posibilidades de que eso ocurra\u201d.<\/p>\n<p class=\"\">[Noticia de \u00faltima hora. Habr\u00e1 actualizaci\u00f3n en breve].<\/p>\n","protected":false},"excerpt":{"rendered":"Israel y Ham\u00e1s han alcanzado un acuerdo sobre la primera fase del plan de Donald Trump para Gaza.&hellip;\n","protected":false},"author":2,"featured_media":164004,"comment_status":"","ping_status":"","sticky":false,"template":"","format":"standard","meta":{"footnotes":""},"categories":[42],"tags":[13241,17,18,68,352,5284,629,13,14,73,11,61,62,63,64,74,19,20,32076,9,2556,10,15,16,76,30471,17918,12,21,22,65,66,67],"class_list":{"0":"post-164003","1":"post","2":"type-post","3":"status-publish","4":"format-standard","5":"has-post-thumbnail","7":"category-internacional","8":"tag-benjamin-netanyahu","9":"tag-breaking-news","10":"tag-breakingnews","11":"tag-conflicto-arabe-israeli","12":"tag-donald-trump","13":"tag-egipto","14":"tag-estados-unidos","15":"tag-featured-news","16":"tag-featurednews","17":"tag-franja-gaza","18":"tag-headlines","19":"tag-internacional","20":"tag-international","21":"tag-international-news","22":"tag-internationalnews","23":"tag-israel","24":"tag-latest-news","25":"tag-latestnews","26":"tag-marco-rubio","27":"tag-news","28":"tag-norteamerica","29":"tag-noticias","30":"tag-noticias-destacadas","31":"tag-noticiasdestacadas","32":"tag-palestina","33":"tag-partido-democrata-ee-uu","34":"tag-partido-republicano-ee-uu","35":"tag-titulares","36":"tag-ultimas-noticias","37":"tag-ultimasnoticias","38":"tag-world","39":"tag-world-news","40":"tag-worldnews"},"share_on_mastodon":{"url":"","error":""},"_links":{"self":[{"href":"https:\/\/www.europesays.com\/es\/wp-json\/wp\/v2\/posts\/164003","targetHints":{"allow":["GET"]}}],"collection":[{"href":"https:\/\/www.europesays.com\/es\/wp-json\/wp\/v2\/posts"}],"about":[{"href":"https:\/\/www.europesays.com\/es\/wp-json\/wp\/v2\/types\/post"}],"author":[{"embeddable":true,"href":"https:\/\/www.europesays.com\/es\/wp-json\/wp\/v2\/users\/2"}],"replies":[{"embeddable":true,"href":"https:\/\/www.europesays.com\/es\/wp-json\/wp\/v2\/comments?post=164003"}],"version-history":[{"count":0,"href":"https:\/\/www.europesays.com\/es\/wp-json\/wp\/v2\/posts\/164003\/revisions"}],"wp:featuredmedia":[{"embeddable":true,"href":"https:\/\/www.europesays.com\/es\/wp-json\/wp\/v2\/media\/164004"}],"wp:attachment":[{"href":"https:\/\/www.europesays.com\/es\/wp-json\/wp\/v2\/media?parent=164003"}],"wp:term":[{"taxonomy":"category","embeddable":true,"href":"https:\/\/www.europesays.com\/es\/wp-json\/wp\/v2\/categories?post=164003"},{"taxonomy":"post_tag","embeddable":true,"href":"https:\/\/www.europesays.com\/es\/wp-json\/wp\/v2\/tags?post=164003"}],"curies":[{"name":"wp","href":"https:\/\/api.w.org\/{rel}","templated":true}]}}