{"id":164005,"date":"2025-10-08T23:58:11","date_gmt":"2025-10-08T23:58:11","guid":{"rendered":"https:\/\/www.europesays.com\/es\/164005\/"},"modified":"2025-10-08T23:58:11","modified_gmt":"2025-10-08T23:58:11","slug":"casi-13-000-pymes-y-autonomos-beneficiados-en-11-meses-con-144-millones-en-ayudas-a-la-contratacion-indefinida-noticias","status":"publish","type":"post","link":"https:\/\/www.europesays.com\/es\/164005\/","title":{"rendered":"Casi 13.000 pymes y aut\u00f3nomos beneficiados en 11 meses con 144 millones en ayudas a la contrataci\u00f3n indefinida &#8211; Noticias"},"content":{"rendered":"<p>La consejera de <strong>Empleo, Empresa y Trabajo Aut\u00f3nomo<\/strong>, <strong>Roc\u00edo Blanco<\/strong>, ha informado este mi\u00e9rcoles en el Parlamento andaluz sobre los avances del programa <strong>Emplea-T<\/strong>, una iniciativa que promueve la <strong>contrataci\u00f3n indefinida y en pr\u00e1cticas de j\u00f3venes<\/strong> con el objetivo de fomentar la <strong>estabilidad laboral y mejorar las oportunidades de empleo<\/strong>. En poco m\u00e1s de once meses, este programa ha beneficiado a cerca de <strong>13.000<\/strong> peque\u00f1as y medianas empresas y personas trabajadoras aut\u00f3nomas, con una inversi\u00f3n total de <strong>144 millones de euros<\/strong>.<\/p>\n<p>Durante su intervenci\u00f3n ante el Pleno del Parlamento, a petici\u00f3n propia, Roc\u00edo Blanco ha explicado las diversas medidas impulsadas por su departamento para <strong>fortalecer el tejido productivo andaluz<\/strong> y <strong>fomentar la creaci\u00f3n de empleo<\/strong>. La consejera ha destacado el papel fundamental que desempe\u00f1an las empresas y los aut\u00f3nomos como <strong>motores de generaci\u00f3n de empleo y riqueza<\/strong> en los territorios, destacando que en 2024 se contabilizaron en Andaluc\u00eda <strong>529.087 empresas<\/strong>, seg\u00fan el Directorio Central de Empresas (DIRCE), aumentando casi 1,6% respecto al a\u00f1o anterior y situ\u00e1ndola como <strong>segunda comunidad<\/strong> con m\u00e1s empresas activas del pa\u00eds; mientras que la regi\u00f3n sigue siendo l\u00edder en trabajadores aut\u00f3nomos desde mayo de 2021.<\/p>\n<p>En este contexto, Blanco ha detallado que Emplea-T est\u00e1 estructurado en <strong>siete l\u00edneas de ayudas<\/strong> de las que seis incentivan la contrataci\u00f3n indefinida de colectivos con mayores dificultades de acceso al mercado laboral por parte de aut\u00f3nomos y pymes con incentivos que oscilan <strong>entre los 7.500 y los 22.000 euros<\/strong>. Adem\u00e1s, incluye otra l\u00ednea dirigida a fomentar el empleo en las corporaciones locales.<\/p>\n<p>Sobre las l\u00edneas que se dirigen espec\u00edficamente al tejido productivo, la consejera ha explicado que el plazo para la presentaci\u00f3n de solicitudes finaliz\u00f3 el pasado 30 de abril y que, aunque se hab\u00edan dispuesto inicialmente 115,5 millones de euros, finalmente se ha incrementado hasta <strong>cerca de 200 millones<\/strong> para atender la elevada demanda. As\u00ed, en menos de un a\u00f1o, el programa ha beneficiado ya a casi 13.000 pymes y aut\u00f3nomos.<\/p>\n<p>Blanco ha avanzado que, como muestra del compromiso con el tejido productivo andaluz y ante el elevado n\u00famero de solicitudes recibidas, durante el <strong>primer trimestre de 2026<\/strong> est\u00e1 previsto <strong>volver a convocar las L\u00edneas 1 y 2 de Emplea-T<\/strong>, y se abrir\u00e1 la <strong>primera convocatoria de las l\u00edneas 3, 5 y 6<\/strong> dirigidas a la conversi\u00f3n de contratos parciales a jornada completa, la contrataci\u00f3n indefinida de quienes hayan realizado pr\u00e1cticas no laborales en el marco del Programa de EPES, y la contrataci\u00f3n indefinida de menores de 30 beneficiarios del Sistema Nacional de Garant\u00eda Juvenil. Estas ayudas tambi\u00e9n se dirigir\u00e1n a aut\u00f3nomos, mutualistas y pymes.<\/p>\n<p>Con todo, la consejera de Empleo ha hecho hincapi\u00e9 en que la <strong>automatizaci\u00f3n de los procesos<\/strong> en la concesi\u00f3n de subvenciones est\u00e1 siendo clave porque permite <strong>acortar los plazos de su tramitaci\u00f3n<\/strong>, no sobrecargar con excesivas burocracias a las personas solicitantes y, por lo tanto, que las ayudas puedan llegar de una forma \u00e1gil, r\u00e1pida y segura a quienes las necesitan.<\/p>\n<p>Durante su intervenci\u00f3n, Blanco ha desgranado las medidas impulsadas por su Consejer\u00eda para <strong>fomentar la creaci\u00f3n de empleo<\/strong> como, por ejemplo, las destinadas a <strong>personas con discapacidad<\/strong>. Este a\u00f1o se ha efectuado una nueva convocatoria de las ayudas para la creaci\u00f3n de empleo, el mantenimiento y la adaptaci\u00f3n de puestos de trabajo ocupados por este colectivo, tanto en Centros Especiales de Empleo como en el mercado ordinario de trabajo, por 110 millones, la mayor dotaci\u00f3n de las aprobadas hasta ahora, y que se incrementar\u00e1 <strong>hasta alcanzar los 125 millones de euros<\/strong>.<\/p>\n<p>Al respecto, ha hecho hincapi\u00e9 en que, gracias a la automatizaci\u00f3n, en <strong>menos de dos meses<\/strong> ya se hab\u00edan resuelto favorablemente 305 expedientes de las 444 solicitudes presentadas en la l\u00ednea relativa al mantenimiento de los puestos de trabajo en los CEE, esto es, un <strong>68,7% del total<\/strong>, por <strong>85,87 millones de euros<\/strong>. \u201cNunca se hab\u00eda resuelto la L\u00ednea 2 de CEE en estos plazos, lo que refuerza la apuesta de esta Consejer\u00eda por la automatizaci\u00f3n de los procedimientos de subvenciones\u201d, ha subrayado la consejera.<\/p>\n<p><strong>Aut\u00f3nomos, comercio y FPE<\/strong><strong><\/strong><\/p>\n<p>Entre otras iniciativas, tambi\u00e9n se ha referido a las distintas ayudas destinadas a <strong>fomentar el empleo aut\u00f3nomo<\/strong> en Andaluc\u00eda, como la <strong>cuota cero<\/strong>, que es una convocatoria de car\u00e1cter trianual que permanecer\u00e1 abierta hasta el 30 de septiembre de 2026 con un presupuesto de <strong>50,3 millones<\/strong>, de la que ya se han beneficiado m\u00e1s de <strong>28.400 aut\u00f3nomos andaluces<\/strong> con una ejecuci\u00f3n que supera los <strong>29,5 millones<\/strong>. <\/p>\n<p>Y las subvenciones al <strong>inicio de actividad<\/strong>, dirigidas a quienes decidan emprender y mantengan su alta como aut\u00f3nomos durante al menos 12 meses que, hasta el momento, ha beneficiado a cerca de <strong>29.600 aut\u00f3nomos<\/strong> por cerca de <strong>131,9 millones<\/strong>. Actualmente est\u00e1 vigente una nueva convocatoria, con una inversi\u00f3n de 104 millones de euros, que podr\u00e1 solicitarse hasta el 30 de junio de 2026. <\/p>\n<p>Otra de las l\u00edneas en las que trabaja la Consejer\u00eda buscan <strong>apoyar a<\/strong><strong>l sector comercial<\/strong>, para mejorar su competitividad y la digitalizaci\u00f3n, con cerca de <strong>20 millones de euro<\/strong>s, y tambi\u00e9n para fomentar el <strong>asociacionismo comercial y artesano<\/strong>, con <strong>1,85 millones<\/strong>. Por otra parte, para fomentar la <strong>Econom\u00eda Social<\/strong>, la Consejer\u00eda ha destinado este a\u00f1o <strong>10,65 millones<\/strong>, lo que supone un incremento anual del 13,2% respecto al ejercicio anterior.<\/p>\n<p>Por \u00faltimo, Roc\u00edo Blanco tambi\u00e9n ha incidido en que para la mejora de la capacidad productiva y la competitividad de las empresas es fundamental programar una <strong>Formaci\u00f3n Profesional para el Empleo<\/strong> que responda a sus necesidades reales, y as\u00ed lo hace la Consejer\u00eda con iniciativas como el <strong>Programa de Formaci\u00f3n con Compromiso de Contrataci\u00f3n<\/strong>; la financiaci\u00f3n de <strong>acciones formativas<\/strong>, tanto conducentes a certificados profesionales como las correspondientes a programas formativos; los <strong>proyectos formativos singulares<\/strong> que dar\u00e1n respuesta a las necesidades de cualificaci\u00f3n de sectores estrat\u00e9gicos como el naval, la industria aeroespacial, del hidr\u00f3geno verde y el futuro funcionamiento de la Base Log\u00edstica del Ej\u00e9rcito de Tierra en C\u00f3rdoba (BLET), o la <strong>novedosa oferta formativa dirigida a las personas trabajadoras aut\u00f3nomas<\/strong>, entre otros.<\/p>\n","protected":false},"excerpt":{"rendered":"La consejera de Empleo, Empresa y Trabajo Aut\u00f3nomo, Roc\u00edo Blanco, ha informado este mi\u00e9rcoles en el Parlamento andaluz&hellip;\n","protected":false},"author":2,"featured_media":164006,"comment_status":"","ping_status":"","sticky":false,"template":"","format":"standard","meta":{"footnotes":""},"categories":[5],"tags":[17,18,5509,25,24,13,14,11,19,20,9,10,15,16,23,12,21,22],"class_list":{"0":"post-164005","1":"post","2":"type-post","3":"status-publish","4":"format-standard","5":"has-post-thumbnail","7":"category-titulares","8":"tag-breaking-news","9":"tag-breakingnews","10":"tag-empleo","11":"tag-es","12":"tag-espana","13":"tag-featured-news","14":"tag-featurednews","15":"tag-headlines","16":"tag-latest-news","17":"tag-latestnews","18":"tag-news","19":"tag-noticias","20":"tag-noticias-destacadas","21":"tag-noticiasdestacadas","22":"tag-spain","23":"tag-titulares","24":"tag-ultimas-noticias","25":"tag-ultimasnoticias"},"share_on_mastodon":{"url":"","error":""},"_links":{"self":[{"href":"https:\/\/www.europesays.com\/es\/wp-json\/wp\/v2\/posts\/164005","targetHints":{"allow":["GET"]}}],"collection":[{"href":"https:\/\/www.europesays.com\/es\/wp-json\/wp\/v2\/posts"}],"about":[{"href":"https:\/\/www.europesays.com\/es\/wp-json\/wp\/v2\/types\/post"}],"author":[{"embeddable":true,"href":"https:\/\/www.europesays.com\/es\/wp-json\/wp\/v2\/users\/2"}],"replies":[{"embeddable":true,"href":"https:\/\/www.europesays.com\/es\/wp-json\/wp\/v2\/comments?post=164005"}],"version-history":[{"count":0,"href":"https:\/\/www.europesays.com\/es\/wp-json\/wp\/v2\/posts\/164005\/revisions"}],"wp:featuredmedia":[{"embeddable":true,"href":"https:\/\/www.europesays.com\/es\/wp-json\/wp\/v2\/media\/164006"}],"wp:attachment":[{"href":"https:\/\/www.europesays.com\/es\/wp-json\/wp\/v2\/media?parent=164005"}],"wp:term":[{"taxonomy":"category","embeddable":true,"href":"https:\/\/www.europesays.com\/es\/wp-json\/wp\/v2\/categories?post=164005"},{"taxonomy":"post_tag","embeddable":true,"href":"https:\/\/www.europesays.com\/es\/wp-json\/wp\/v2\/tags?post=164005"}],"curies":[{"name":"wp","href":"https:\/\/api.w.org\/{rel}","templated":true}]}}