{"id":164007,"date":"2025-10-09T00:01:07","date_gmt":"2025-10-09T00:01:07","guid":{"rendered":"https:\/\/www.europesays.com\/es\/164007\/"},"modified":"2025-10-09T00:01:07","modified_gmt":"2025-10-09T00:01:07","slug":"charles-oliveira-esta-interesado-en-max-holloway-para-pelear-por-el-titulo","status":"publish","type":"post","link":"https:\/\/www.europesays.com\/es\/164007\/","title":{"rendered":"Charles Oliveira est\u00e1 interesado en Max Holloway para pelear por el t\u00edtulo"},"content":{"rendered":"<p><img decoding=\"async\" src=\"https:\/\/www.europesays.com\/es\/wp-content\/uploads\/2025\/10\/26556667.jpg\"  alt=\"MMA: UFC 317- Topuria vs Oliveira\" class=\"w-full\"\/>Jun 28, 2025; Las Vegas, Nevada, USA; Ilia Topuria (red gloves) fights Charles Oliveira (blue gloves) during UFC 317 at T-Mobile Arena. Mandatory Credit: Stephen R. Sylvanie-Imagn Images   <\/p>\n<p>El futuro miembro del Sal\u00f3n de la Fama de UFC, Charles Oliveira, no solo mira hacia el enfrentamiento del s\u00e1bado en UFC Fight Night contra Mateusz Gamrot, sino tambi\u00e9n hacia la posibilidad de agregar otro cintur\u00f3n a su vitrina de trofeos e incluso hacia una posible pelea final contra el campe\u00f3n de BMF, Max Holloway.<\/p>\n<p>Mientras muchos esperan que Oliveira (35-11 MMA, 23-11 UFC) se recupere de su nocaut en el primer asalto a manos de Ilia Topuria en la pelea por el t\u00edtulo de peso ligero de junio, el brasile\u00f1o parece centrado en el futuro.<\/p>\n<p>\u00abPeleando por el t\u00edtulo, ya sea el BMF o el t\u00edtulo de la divisi\u00f3n. Esta es una gran pelea que me ayudar\u00e1 a avanzar hacia el t\u00edtulo\u00bb, dijo Oliveira a Shak MMA sobre el enfrentamiento en R\u00edo, que ser\u00e1 su primera pelea frente al p\u00fablico de su ciudad natal, Brasil, desde noviembre de 2019.<\/p>\n<p>Insert\u00f3 algo de intriga en la mezcla al agregar: \u00abA todos les encantar\u00eda ver la pelea de Max y quiero que esta sea mi \u00faltima pelea\u00bb.<\/p>\n<p>Holloway gan\u00f3 el \u00fanico enfrentamiento entre ambos, en una UFC Fight Night en agosto de 2015, por nocaut t\u00e9cnico en el primer asalto despu\u00e9s de que Oliveira sufriera una lesi\u00f3n que ha sido tema de mucha discusi\u00f3n desde entonces, y la naturaleza y gravedad de la lesi\u00f3n han sido cuestionadas por algunos.<\/p>\n<p>Tan recientemente como en julio, en UFC 318, Holloway abord\u00f3 el tema en \u00abAbout Last Fight\u00bb de UFC, diciendo: \u00abTen\u00eda una lesi\u00f3n cuando peleamos. Pero la \u00faltima vez que revis\u00e9, cuando hicieron un seguimiento y quisieron averiguar cu\u00e1l era la lesi\u00f3n, no hab\u00eda ning\u00fan informe al respecto. Dijeron que estaba bien. As\u00ed que no tengo idea de qu\u00e9 demonios est\u00e1 hablando\u00bb.<\/p>\n<p> <\/p>\n<p>Sin embargo, los fan\u00e1ticos no deber\u00edan esperar una revancha de este tipo en el corto plazo, ya que, seg\u00fan se informa, Holloway estar\u00e1 fuera por una lesi\u00f3n en la mano hasta 2026.<\/p>\n<p>Adem\u00e1s, Oliveira, de 35 a\u00f1os, le dijo a MMA Junkie que el final de su carrera no est\u00e1 en el futuro cercano.<\/p>\n<p>\u00abMiren, escuchen, ustedes est\u00e1n hablando del retiro\u00bb, dijo Oliveira. \u00abNunca he dicho nada sobre retirarme. Ni una sola vez he hablado del retiro, pero en cada entrevista que me preguntan&#8230; no s\u00e9 si estoy peleando mal o si quieren que me retire. No s\u00e9 qu\u00e9 est\u00e1 pasando. En cada entrevista que doy, la gente habla de &#8216;retiro, retiro&#8217;. En ning\u00fan momento he pensado ni contemplado eso, pero todas las preguntas son las mismas. No estoy pensando en eso\u00bb.<\/p>\n<p>Ser\u00e1 la primera pelea para Oliveira desde que fue noqueado por Topuria a solo 2:27 del comienzo de la pelea por la corona de peso ligero de UFC a fines de junio, y su primera vez peleando en su pa\u00eds natal, Brasil, desde una pelea de marzo de 2020 que fue sin p\u00fablico debido a la pandemia de COVID-19.<\/p>\n<p>Se enfrentar\u00e1 a Gamrot despu\u00e9s de que Rafael Fiziev se retirara por lesi\u00f3n pocas semanas antes de UFC R\u00edo. Oliveira dijo que el cambio tan cerca de la pelea ha sido un reto en el entrenamiento.<\/p>\n<p>\u00abEstaba concentrado en un tipo con experiencia en golpes&#8230; a dos semanas de la pelea, tengo que cambiar por completo mi estrategia. Es muy complicado\u00bb, declar\u00f3 Oliveira al reportero brasile\u00f1o Laerte Viana. \u00abNo quiero que me saquen de la cartelera. Ped\u00ed esta cartelera, he estado entrenando como un loco para ella&#8230; (Gamrot) es un buen enfrentamiento para m\u00ed, en cierto sentido, porque es luchador\/grappler. Pero es completamente diferente al estilo que he estado entrenando durante los \u00faltimos dos meses. Se trata de comprender y planificar el juego\u00bb.<\/p>\n<p>&#8211;Medios de nivel de campo<\/p>\n","protected":false},"excerpt":{"rendered":"Jun 28, 2025; Las Vegas, Nevada, USA; Ilia Topuria (red gloves) fights Charles Oliveira (blue gloves) during UFC&hellip;\n","protected":false},"author":2,"featured_media":164008,"comment_status":"","ping_status":"","sticky":false,"template":"","format":"standard","meta":{"footnotes":""},"categories":[276],"tags":[168,25,24,23,167,343],"class_list":{"0":"post-164007","1":"post","2":"type-post","3":"status-publish","4":"format-standard","5":"has-post-thumbnail","7":"category-ufc","8":"tag-deportes","9":"tag-es","10":"tag-espana","11":"tag-spain","12":"tag-sports","13":"tag-ufc"},"share_on_mastodon":{"url":"","error":""},"_links":{"self":[{"href":"https:\/\/www.europesays.com\/es\/wp-json\/wp\/v2\/posts\/164007","targetHints":{"allow":["GET"]}}],"collection":[{"href":"https:\/\/www.europesays.com\/es\/wp-json\/wp\/v2\/posts"}],"about":[{"href":"https:\/\/www.europesays.com\/es\/wp-json\/wp\/v2\/types\/post"}],"author":[{"embeddable":true,"href":"https:\/\/www.europesays.com\/es\/wp-json\/wp\/v2\/users\/2"}],"replies":[{"embeddable":true,"href":"https:\/\/www.europesays.com\/es\/wp-json\/wp\/v2\/comments?post=164007"}],"version-history":[{"count":0,"href":"https:\/\/www.europesays.com\/es\/wp-json\/wp\/v2\/posts\/164007\/revisions"}],"wp:featuredmedia":[{"embeddable":true,"href":"https:\/\/www.europesays.com\/es\/wp-json\/wp\/v2\/media\/164008"}],"wp:attachment":[{"href":"https:\/\/www.europesays.com\/es\/wp-json\/wp\/v2\/media?parent=164007"}],"wp:term":[{"taxonomy":"category","embeddable":true,"href":"https:\/\/www.europesays.com\/es\/wp-json\/wp\/v2\/categories?post=164007"},{"taxonomy":"post_tag","embeddable":true,"href":"https:\/\/www.europesays.com\/es\/wp-json\/wp\/v2\/tags?post=164007"}],"curies":[{"name":"wp","href":"https:\/\/api.w.org\/{rel}","templated":true}]}}