{"id":164011,"date":"2025-10-09T00:04:15","date_gmt":"2025-10-09T00:04:15","guid":{"rendered":"https:\/\/www.europesays.com\/es\/164011\/"},"modified":"2025-10-09T00:04:15","modified_gmt":"2025-10-09T00:04:15","slug":"gorka-corres-da-el-salto-al-profesionalismo","status":"publish","type":"post","link":"https:\/\/www.europesays.com\/es\/164011\/","title":{"rendered":"Gorka Corres da el salto al profesionalismo"},"content":{"rendered":"<p>\n        <strong>Gorka Corres<\/strong>\u00a0(Vitoria-Gasteiz, 2005) dar\u00e1 el salto al profesionalismo con\u00a0<strong>Caja Rural-Seguros RGA<\/strong>, convirti\u00e9ndose de este modo en el tercer ciclista del filial <strong>Caja Rural-Alea<\/strong>\u00a0en promocionar esta temporada, tras <strong>Ellande Larronde<\/strong>\u00a0e\u00a0<strong>Iker Villar<\/strong>.\n<\/p>\n<p class=\"article-body__text \">\n        En apenas dos a\u00f1os en la <strong>categor\u00eda sub\u201923<\/strong>, el gasteiztarra ha acumulado <strong>siete victorias<\/strong>, todas ellas en pruebas de un d\u00eda del calendario <strong>Euskaldun<\/strong>.\n<\/p>\n<p class=\"article-body__text \">\n        Su capacidad para resolver carreras con ataques en solitario o imponerse en grupos reducidos le ha permitido seguir el camino de otros 140 corredores que, como \u00e9l, pasaron por la estructura de desarrollo del conjunto navarro.\n<\/p>\n<p class=\"article-body__text \">\n        Corres ha completado un 2025 de gran regularidad. Inici\u00f3 el curso con el\u00a0<strong>bronce en el Campeonato de Espa\u00f1a de ciclocross sub\u201923<\/strong>, antes de lograr su primera victoria del a\u00f1o en\u00a0<strong>Ere\u00f1o<\/strong>.\n<\/p>\n<p class=\"article-body__text \">\n        En primavera celebr\u00f3 el <strong>triunfo en Amorebieta<\/strong>, adem\u00e1s de proclamarse\u00a0<strong>campe\u00f3n de Euskadi sub\u201923 en Segura<\/strong>.\n<\/p>\n<p class=\"article-body__text \">\n        Cerr\u00f3 Corres el verano con victorias en\u00a0<strong>Gatzaga y Gernika<\/strong>, adem\u00e1s de varios podios en pruebas destacadas. A partir del pr\u00f3ximo a\u00f1o le espera el reto del profesionalismo. Ser\u00e1 su nuevo reto.<\/p>\n","protected":false},"excerpt":{"rendered":"Gorka Corres\u00a0(Vitoria-Gasteiz, 2005) dar\u00e1 el salto al profesionalismo con\u00a0Caja Rural-Seguros RGA, convirti\u00e9ndose de este modo en el tercer&hellip;\n","protected":false},"author":2,"featured_media":164012,"comment_status":"","ping_status":"","sticky":false,"template":"","format":"standard","meta":{"footnotes":""},"categories":[273],"tags":[313,30598,312,7164,168,25,24,48406,13962,1434,23,167],"class_list":{"0":"post-164011","1":"post","2":"type-post","3":"status-publish","4":"format-standard","5":"has-post-thumbnail","7":"category-ciclismo","8":"tag-ciclismo","9":"tag-corres","10":"tag-cycling","11":"tag-da","12":"tag-deportes","13":"tag-es","14":"tag-espana","15":"tag-gorka","16":"tag-profesionalismo","17":"tag-salto","18":"tag-spain","19":"tag-sports"},"share_on_mastodon":{"url":"","error":""},"_links":{"self":[{"href":"https:\/\/www.europesays.com\/es\/wp-json\/wp\/v2\/posts\/164011","targetHints":{"allow":["GET"]}}],"collection":[{"href":"https:\/\/www.europesays.com\/es\/wp-json\/wp\/v2\/posts"}],"about":[{"href":"https:\/\/www.europesays.com\/es\/wp-json\/wp\/v2\/types\/post"}],"author":[{"embeddable":true,"href":"https:\/\/www.europesays.com\/es\/wp-json\/wp\/v2\/users\/2"}],"replies":[{"embeddable":true,"href":"https:\/\/www.europesays.com\/es\/wp-json\/wp\/v2\/comments?post=164011"}],"version-history":[{"count":0,"href":"https:\/\/www.europesays.com\/es\/wp-json\/wp\/v2\/posts\/164011\/revisions"}],"wp:featuredmedia":[{"embeddable":true,"href":"https:\/\/www.europesays.com\/es\/wp-json\/wp\/v2\/media\/164012"}],"wp:attachment":[{"href":"https:\/\/www.europesays.com\/es\/wp-json\/wp\/v2\/media?parent=164011"}],"wp:term":[{"taxonomy":"category","embeddable":true,"href":"https:\/\/www.europesays.com\/es\/wp-json\/wp\/v2\/categories?post=164011"},{"taxonomy":"post_tag","embeddable":true,"href":"https:\/\/www.europesays.com\/es\/wp-json\/wp\/v2\/tags?post=164011"}],"curies":[{"name":"wp","href":"https:\/\/api.w.org\/{rel}","templated":true}]}}