{"id":164051,"date":"2025-10-09T00:32:13","date_gmt":"2025-10-09T00:32:13","guid":{"rendered":"https:\/\/www.europesays.com\/es\/164051\/"},"modified":"2025-10-09T00:32:13","modified_gmt":"2025-10-09T00:32:13","slug":"las-imagenes-del-libro-de-fotografia-que-recoge-los-cambios-de-burgos-de-1923-a-1975-burgosconecta","status":"publish","type":"post","link":"https:\/\/www.europesays.com\/es\/164051\/","title":{"rendered":"Las im\u00e1genes del libro de fotograf\u00eda que recoge los cambios de Burgos de 1923 a 1975 &#8211; BURGOSconecta"},"content":{"rendered":"<ol>\n<li><a href=\"https:\/\/news.google.com\/rss\/articles\/CBMiwwFBVV95cUxQNlhFMUJIOUJGc2VucER2VExGSDlxM2tIRGlSUm1mWTJXTTdRZEVxbEhkdmNJb3oycE4zLUlWQXVfRFFKQ2xSTjcxejE5dVc4UVR1Zl9zZ2lHTjcxSkllVndRYmpNU244eXVTNVlpQjB6WjZORy0zWlNodHRYYnJkUi1wMDIzRG54ZWFaaW80RXo2VHBDajVOYTN6TlF3a2JJWnU3Xzg1OUNiSmRqOTZyWE1xVGdzdUhCRV9zdER0U1RZc2fSAcgBQVVfeXFMTnBmTTc0LWl5MWVVOWlaeDhybXFLWTBlYTA4QzRpbGlSWnlodkFaeUQxa0FlZWEteWp3UFlVNnZ2S3V1SkNiLUV0UkdrOFhYeWJlYmR4X3hPWlVEMU5oNHd4STUxdWstaDNoZlVRNUZpanF2SWJsNllkZ1ZXeEZWdDVCcDFVWjVId2QzMjhpc25iZm5OZW5ndnpDalQxX3hIb3lXLUFTN3ZTQXhvZEN5Vk5IZ2ZlWXpVSExGRG9qcFRfTDc3bGdndXM?oc=5\" target=\"_blank\" rel=\"nofollow noopener\">Las im\u00e1genes del libro de fotograf\u00eda que recoge los cambios de Burgos de 1923 a 1975<\/a>&nbsp;&nbsp;BURGOSconecta<\/li>\n<li><a href=\"https:\/\/news.google.com\/rss\/articles\/CBMinAFBVV95cUxPLS14eFhMcDRVc2hfNjJVN1RVUXNCb29lZDIyNW9ZeWlCOHZmM2M3SHZBUXhnUF9rSXU4WXRtLVZYZmFKRzh5V29WcFVLSmhOZHppbjBYS3ozNXViSWRpLUtnT3IyaHVkbDFrU1ZwbHVweXBJaS03OHQ5anU2cWZFMWNiVzJKbFE0c1dMTkNpRGpjUTRBQkJCcmdWV3Y?oc=5\" target=\"_blank\" rel=\"nofollow noopener\">As\u00ed ha cambiado Burgos en los \u00faltimos cien a\u00f1os<\/a>&nbsp;&nbsp;El Correo de Burgos<\/li>\n<li><a href=\"https:\/\/news.google.com\/rss\/articles\/CBMi3gFBVV95cUxOTjlCcHAtM01rNE5SMGhWWDNpLW1CWUw1VFJVaFFUWml0dkJrTnB3Y2VJeEhJVzZmLUkwLUJ6elRDSVB0bVpOUFl5THhKek5fQkVkSVFmdmk2bmxQdVhIRmJ5dGxqR0JMbDkyU1pwUnk5Sm5QbHlJSTdJY0tibnZueUpDeDBPM0FrTmpPdmRJaWZaYU5VMF9oX3F3YTdGa1dza3BsMFhqbHdrb0EzckY1Y3F1MEhWS2J3UmoyekNCWkREV2UzN1FtSFVNYUs1bFVSenJlQ2dqdlRYbDJ0Qmc?oc=5\" target=\"_blank\" rel=\"nofollow noopener\">La Diputaci\u00f3n de Burgos presenta el libro \u00abPhoto Club. Burgos desde la fotograf\u00eda de Gonzalo Miguel Ojeda\u00bb<\/a>&nbsp;&nbsp;noticiasburgos.es<\/li>\n<li><a href=\"https:\/\/news.google.com\/rss\/articles\/CBMi1gFBVV95cUxPMUxjTS1nbjNxRnMzYkk4TzY2VFpDSW5xVDRlck90VWxoMGljdUVYbXdjWXJLcjVZNm9ON1JFeElfUXAwaDN3ZFFQMnVFLWQ5N2REOXc5bTVZSzdFcnJQNXdiSHdhai1JT1RqSEhrWEVxMS04WXFOb1VKNWpuYnRoSEk0RTd1WmpkbXgtVFFvamdQUm5tWDNzNHJnQ0s3T3F4ZFhfZTVDdVJ4cWs0aEpMR2Q3cTNnT243WmxDVk5VTDkyWXNhYjRLUkl2ekZyNTNEc3Ffd0J3?oc=5\" target=\"_blank\" rel=\"nofollow noopener\">Un libro retrata el alma y la raz\u00f3n de ser del Photo Club<\/a>&nbsp;&nbsp;Diario de Burgos<\/li>\n<li><a href=\"https:\/\/news.google.com\/rss\/articles\/CBMixAFBVV95cUxPcjY2bGNWRzVwLWtFalcyZEI4X19VUDhWN3BXbEc2TWRuMmphNHhMbXhNY0dKSkpXTjFtdGhSSGtrQTRIbEFrTXJoNVRxeTBWZjBGZHNyRmo0NjN6N1dVeThYWktuOGlMeEROX2lZOW5HZjM2VktZTWFMMU45bXBQZkVrano0Q2NkNExvZEhBRW1xcWh1YkxiM3RadkNadi1zOHBQU0FSQ05oa0xtQjNjRGJzTU1La0pBT3YtcFZKUzVwUHpD?oc=5\" target=\"_blank\" rel=\"nofollow noopener\">Provincia Burgos: La Diputaci\u00f3n rescata la memoria fotogr\u00e1fica de Burgos con el libro \u2018Photo Club\u2019<\/a>&nbsp;&nbsp;Burgosnoticias.com<\/li>\n<\/ol>\n","protected":false},"excerpt":{"rendered":"Las im\u00e1genes del libro de fotograf\u00eda que recoge los cambios de Burgos de 1923 a 1975&nbsp;&nbsp;BURGOSconecta As\u00ed ha&hellip;\n","protected":false},"author":2,"featured_media":164052,"comment_status":"","ping_status":"","sticky":false,"template":"","format":"standard","meta":{"footnotes":""},"categories":[173],"tags":[48416,48417,229,233,231,230,623,3463,232,234,146,147,25,24,244,1641,1496,7721,23],"class_list":{"0":"post-164051","1":"post","2":"type-post","3":"status-publish","4":"format-standard","5":"has-post-thumbnail","7":"category-arte-y-diseno","8":"tag-48416","9":"tag-48417","10":"tag-arte","11":"tag-arte-y-diseno","12":"tag-arts","13":"tag-arts-and-design","14":"tag-burgos","15":"tag-cambios","16":"tag-design","17":"tag-diseno","18":"tag-entertainment","19":"tag-entretenimiento","20":"tag-es","21":"tag-espana","22":"tag-fotografia","23":"tag-imagenes","24":"tag-libro","25":"tag-recoge","26":"tag-spain"},"share_on_mastodon":{"url":"","error":""},"_links":{"self":[{"href":"https:\/\/www.europesays.com\/es\/wp-json\/wp\/v2\/posts\/164051","targetHints":{"allow":["GET"]}}],"collection":[{"href":"https:\/\/www.europesays.com\/es\/wp-json\/wp\/v2\/posts"}],"about":[{"href":"https:\/\/www.europesays.com\/es\/wp-json\/wp\/v2\/types\/post"}],"author":[{"embeddable":true,"href":"https:\/\/www.europesays.com\/es\/wp-json\/wp\/v2\/users\/2"}],"replies":[{"embeddable":true,"href":"https:\/\/www.europesays.com\/es\/wp-json\/wp\/v2\/comments?post=164051"}],"version-history":[{"count":0,"href":"https:\/\/www.europesays.com\/es\/wp-json\/wp\/v2\/posts\/164051\/revisions"}],"wp:featuredmedia":[{"embeddable":true,"href":"https:\/\/www.europesays.com\/es\/wp-json\/wp\/v2\/media\/164052"}],"wp:attachment":[{"href":"https:\/\/www.europesays.com\/es\/wp-json\/wp\/v2\/media?parent=164051"}],"wp:term":[{"taxonomy":"category","embeddable":true,"href":"https:\/\/www.europesays.com\/es\/wp-json\/wp\/v2\/categories?post=164051"},{"taxonomy":"post_tag","embeddable":true,"href":"https:\/\/www.europesays.com\/es\/wp-json\/wp\/v2\/tags?post=164051"}],"curies":[{"name":"wp","href":"https:\/\/api.w.org\/{rel}","templated":true}]}}