{"id":164062,"date":"2025-10-09T00:39:18","date_gmt":"2025-10-09T00:39:18","guid":{"rendered":"https:\/\/www.europesays.com\/es\/164062\/"},"modified":"2025-10-09T00:39:18","modified_gmt":"2025-10-09T00:39:18","slug":"la-reina-sofia-y-la-infanta-elena-derrochan-elegancia-con-sus-looks-de-entretiempo","status":"publish","type":"post","link":"https:\/\/www.europesays.com\/es\/164062\/","title":{"rendered":"La reina Sof\u00eda y la infanta Elena derrochan elegancia con sus looks de entretiempo"},"content":{"rendered":"<p data-journey-content=\"true\" data-node-id=\"2\" class=\"css-6wxqfj emevuu60\">Esta ma\u00f1ana de mi\u00e9rcoles, en el Real Casino de Madrid se ha celebrado la entrega de <strong data-node-id=\"2.1\">los Premios Sociales de la Fundaci\u00f3n Mapfre.<\/strong> Un acto en el que<strong data-node-id=\"2.3\"> <a href=\"https:\/\/www.elle.com\/es\/star-style\/el-estilo-de\/a65184052\/reina-sofia-look-boho-chic-llamativo-elegante-traje-estampado-maxi-joyas\/\" data-vars-ga-outbound-link=\"https:\/\/www.elle.com\/es\/star-style\/el-estilo-de\/a65184052\/reina-sofia-look-boho-chic-llamativo-elegante-traje-estampado-maxi-joyas\/\" data-vars-ga-ux-element=\"Hyperlink\" data-vars-ga-call-to-action=\"la reina Sof\u00eda\" data-node-id=\"2.3.1\" class=\"body-link css-103hk4r emevuu60\" rel=\"nofollow noopener\" target=\"_blank\">la reina Sof\u00eda<\/a><\/strong> contaba con un papel muy especial \u2014al encargarse de presidir y entregar los galardones\u2014 y en el que ha tenido el honor de coincidir con su hija<strong data-node-id=\"2.5\"> <a href=\"https:\/\/www.elle.com\/es\/star-style\/el-estilo-de\/a64873547\/victoria-federica-infanta-elena-feria-jerez-looks-cunas-primavera\/\" data-vars-ga-outbound-link=\"https:\/\/www.elle.com\/es\/star-style\/el-estilo-de\/a64873547\/victoria-federica-infanta-elena-feria-jerez-looks-cunas-primavera\/\" data-vars-ga-ux-element=\"Hyperlink\" data-vars-ga-call-to-action=\"la infanta Elena\" data-node-id=\"2.5.1\" class=\"body-link css-103hk4r emevuu60\" rel=\"nofollow noopener\" target=\"_blank\">la infanta Elena<\/a>,<\/strong> que trabaja como directora de proyectos sociales en dicha fundaci\u00f3n.<\/p>\n<p data-journey-content=\"true\" data-node-id=\"3\" class=\"css-6wxqfj emevuu60\">All\u00ed, madre e hija han vuelto a posar juntas frente a las c\u00e1maras despu\u00e9s de alrededor de un a\u00f1o sin aparecer juntas p\u00fablicamente. Y s\u00ed, tal y como pod\u00edamos esperar, dicho reencuentro ha dado mucho de que hablar. Por supuesto, tambi\u00e9n en t\u00e9rminos estil\u00edsticos. <\/p>\n<p data-journey-content=\"true\" data-node-id=\"4\" class=\"css-6wxqfj emevuu60\">Y es que, al parecer, la reina Sof\u00eda y la infanta Elena se han puesto de acuerdo para coordinar sus estilismos a trav\u00e9s de dos<strong data-node-id=\"4.1\"> <a href=\"https:\/\/www.elle.com\/es\/moda\/noticias\/a68130772\/looks-de-entretiempo-de-otono-basicos-elegantes-y-minimal-mayores-40-50\/\" data-vars-ga-outbound-link=\"https:\/\/www.elle.com\/es\/moda\/noticias\/a68130772\/looks-de-entretiempo-de-otono-basicos-elegantes-y-minimal-mayores-40-50\/\" data-vars-ga-ux-element=\"Hyperlink\" data-vars-ga-call-to-action=\"looks de entretiempo inspiradores\" data-node-id=\"4.1.1\" class=\"body-link css-103hk4r emevuu60\" rel=\"nofollow noopener\" target=\"_blank\">looks de entretiempo inspiradores<\/a><\/strong> que, seguro, van a fascinar a las fans del<strong data-node-id=\"4.3\"> estilo cl\u00e1sico y lujoso.<\/strong> \u00bfEl porqu\u00e9? Os lo cuento a continuaci\u00f3n.<\/p>\n<p>Los looks de la reina Sof\u00eda y la infanta Elena en los Premios de la Fundaci\u00f3n Mapfre<\/p>\n<p data-journey-content=\"true\" data-node-id=\"8\" class=\"css-6wxqfj emevuu60\">Madre e hija derrochaban elegancia en el centro de Madrid con dos estilismos cl\u00e1sicos fieles a sus estilos que, sin duda, resultan perfectos para la temporada en la que nos encontramos.<\/p>\n<p><img draggable=\"true\" alt=\"reina sof\u00eda y la infanta elena\" title=\"Reina Sof\u00eda y la infanta Elena\" loading=\"lazy\" width=\"1920\" height=\"1280\" decoding=\"async\" data-nimg=\"1\" style=\"color:transparent;width:100%;height:auto;\"   src=\"https:\/\/www.europesays.com\/es\/wp-content\/uploads\/2025\/10\/reina-sofia-infanta-elena-looks-entretiempo-premios-fundacion-mapfre-elle-1-68e665a5140b2.jpg\" class=\"css-0 e1g79fud0\"\/><\/p>\n<p>Gtres<\/p>\n<p><img draggable=\"true\" alt=\"reina sof\u00eda y la infanta elena\" title=\"Reina Sof\u00eda y la infanta Elena\" loading=\"lazy\" width=\"3078\" height=\"4617\" decoding=\"async\" data-nimg=\"1\" style=\"color:transparent;width:100%;height:auto;\"   src=\"https:\/\/www.europesays.com\/es\/wp-content\/uploads\/2025\/10\/reina-sofia-infanta-elena-looks-entretiempo-premios-fundacion-mapfre-elle-68e665a5e3068.jpg\" class=\"css-0 e1g79fud0\"\/><\/p>\n<p>Gtres<\/p>\n<p data-journey-content=\"true\" data-node-id=\"11\" class=\"css-6wxqfj emevuu60\">La reina Sof\u00eda, por ejemplo, se decant\u00f3 por un elegante <strong data-node-id=\"11.1\"><a href=\"https:\/\/www.elle.com\/es\/moda\/compras-elle\/a64564348\/conjuntos-coordinados-comodos-elegantes\/\" data-vars-ga-outbound-link=\"https:\/\/www.elle.com\/es\/moda\/compras-elle\/a64564348\/conjuntos-coordinados-comodos-elegantes\/\" data-vars-ga-ux-element=\"Hyperlink\" data-vars-ga-call-to-action=\"&#039;total look&#039;\" data-node-id=\"11.1.0\" class=\"body-link css-103hk4r emevuu60\" rel=\"nofollow noopener\" target=\"_blank\">&#8216;total look&#8217;<\/a> en blanco<\/strong> compuesto por una blusa fluida y unos pantalones anchos de pinzas y lo ha elevado a las mil maravillas con una<strong data-node-id=\"11.3\"> americana de vestir en color rojo vibrante<\/strong>. Una propuesta perfecta para conseguir un efecto rejuvenecedor inmediato y lucir perfecta en este tipo de presentaciones.<\/p>\n<p data-journey-content=\"true\" data-node-id=\"12\" class=\"css-6wxqfj emevuu60\">La reina em\u00e9rita lo complet\u00f3, a su vez, con unos<strong data-node-id=\"12.1\"> salones de tac\u00f3n de ante en color nude<\/strong> a juego con su bolso en forma geom\u00e9trica. Y s\u00ed, tal y como ya nos tiene acostumbradas, ha decidido poner el toque final con un sofisticado collar de vueltas y un broche en forma de flor en el lateral de la &#8216;blazer&#8217;.<\/p>\n<p>El lujoso look de la infanta Elena con bolso de 3.000 euros<img draggable=\"true\" alt=\"infanta elena\" title=\"infanta Elena\" loading=\"lazy\" width=\"2112\" height=\"3168\" decoding=\"async\" data-nimg=\"1\" style=\"color:transparent;width:100%;height:auto;\"   src=\"https:\/\/www.europesays.com\/es\/wp-content\/uploads\/2025\/10\/reina-sofia-infanta-elena-looks-entretiempo-premios-fundacion-mapfre-elle-2-68e668488f6c9.jpg\" class=\"css-0 e1g79fud0\"\/><a target=\"_blank\" rel=\"noopener nofollow\" data-theme-key=\"base-link\" href=\"https:\/\/pinterest.com\/pin\/create\/button\/?url=https:\/\/www.elle.com\/es\/star-style\/el-estilo-de\/a68899220\/reina-sofia-infanta-sofia-looks-entretiempo-estilo-lujoso-premios-fundacion-mapfre\/&amp;description=- ElleSpain&amp;media=https:\/\/hips.hearstapps.com\/hmg-prod\/images\/reina-sofia-infanta-elena-looks-entretiempo-premios-fundacion-mapfre-elle-2-68e668488f6c9.jpg?resize=1600:*\" class=\"pinterest css-on9hn5 e1c1bym14\"><img decoding=\"async\" data-dynamic-svg=\"true\" src=\"https:\/\/www.elle.com\/_assets\/design-tokens\/fre\/static\/icons\/social\/pinterest.e8cf655.svg?primary=%2523ffffff\" loading=\"lazy\" data-testid=\"dynamic-svg-base\" height=\"auto\" width=\"auto\" alt=\"pinterest\" class=\"css-4lml0h e1mlxuuw1\"\/><\/a><\/p>\n<p>GCH<\/p>\n<p data-journey-content=\"true\" data-node-id=\"15\" class=\"css-6wxqfj emevuu60\">Por su parte, la infanta Elena se atrevi\u00f3 con un elegante y alegre <strong data-node-id=\"15.1\"><a href=\"https:\/\/www.elle.com\/es\/moda\/compras-elle\/a64724666\/vestidos-de-flores-romanticos-moda-verano\/\" data-vars-ga-outbound-link=\"https:\/\/www.elle.com\/es\/moda\/compras-elle\/a64724666\/vestidos-de-flores-romanticos-moda-verano\/\" data-vars-ga-ux-element=\"Hyperlink\" data-vars-ga-call-to-action=\"vestido midi de flores\" data-node-id=\"15.1.0\" class=\"body-link css-103hk4r emevuu60\" rel=\"nofollow noopener\" target=\"_blank\">vestido midi de flores<\/a> <\/strong>y lo combin\u00f3 con una sofisticada<strong data-node-id=\"15.3\"> americana naranja <\/strong>que le aportaba ese aire fresco y juvenil a su imagen. Esta destacaba por su corte entallado y su corte cl\u00e1sico. <\/p>\n<p data-journey-content=\"true\" data-node-id=\"16\" class=\"css-6wxqfj emevuu60\">En su caso, lo complet\u00f3 tambi\u00e9n con un broche dorado en forma de flor y unos salones de tac\u00f3n marrones con piel troquelada de<strong data-node-id=\"16.1\"> Manolo Blahnik<\/strong>. Eso s\u00ed, las verdaderas piezas protagonistas fueron su<strong data-node-id=\"16.3\"> bolso de Loro Piana<\/strong> (el modelo &#8216;Sesia&#8217;, que ronda los 3.000 euros) y el <strong data-node-id=\"16.5\">collar &#8216;Monete&#8217; de Bulgari<\/strong>, una preciosa joya realizada en oro que forma parte de su joyero desde hace muchos a\u00f1os.  <\/p>\n<p><img src=\"https:\/\/www.europesays.com\/es\/wp-content\/uploads\/2025\/10\/1759970358_198_5d174fc2-88a3-4418-a5b3-be884db3ec5f_1678984174.file\" alt=\"Headshot of Laura Soria\" title=\"Headshot of Laura Soria\" width=\"100%\" height=\"100%\" decoding=\"async\" loading=\"lazy\" class=\"css-o0wq4v ev8dhu53\"\/><\/p>\n<p>Laura Soria Onieva es experta en moda, tendencias, alfombras rojas y &#8216;celebrities&#8217;. Como apasionada del periodismo y la comunicaci\u00f3n, siempre est\u00e1 atenta a las \u00faltimas novedades del sector. Entiende la moda como una v\u00eda de expresi\u00f3n y siempre busca entender la filosof\u00eda que transmiten los estilismos de las famosas.<\/p>\n<p>La b\u00fasqueda constante de inspiraci\u00f3n la convierte en una prescriptora de futuras tendencias de temporada. As\u00ed, no hay prenda o estilo que se le escape en Instagram y TikTok. Experta en recrear los mejores looks de las famosas e influencers con prendas de las firmas &#8216;low cost&#8217; m\u00e1s exitosas como Zara, Mango, Stradivarius&#8230; As\u00ed como de las firmas espa\u00f1olas que debes tener s\u00ed o s\u00ed en tu radar para que puedas vestir a la \u00faltima. Para ella no hay tendencia imposible: transparencias, aberturas complicadas, brillos, lentejuelas&#8230; Buscar\u00e1 todos los trucos de la mano de las expertas para ense\u00f1ar c\u00f3mo lucirlas sin caer en el error.<\/p>\n<p>Laura Soria se gradu\u00f3 en el doble grado de Periodismo y Comunicaci\u00f3n Audiovisual en la Universidad Rey Juan Carlos y, desde el inicio, ha conseguido experiencia en distintos sectores: radio, televisi\u00f3n, peri\u00f3dico digital&#8230; Actualmente se dedica a la que es su verdadera pasi\u00f3n, el periodismo de moda, como colaboradora de moda y actualidad en la revista ELLE.<\/p>\n<p>Sus constantes ganas de aprender, y su alma inquieta, la han empujado a especializarse a\u00fan m\u00e1s en el mundillo con distintos cursos, destacando el de Marketing Digital y Comunicaci\u00f3n de Moda y Lujo. \u00a0\u00a0<\/p>\n","protected":false},"excerpt":{"rendered":"Esta ma\u00f1ana de mi\u00e9rcoles, en el Real Casino de Madrid se ha celebrado la entrega de los Premios&hellip;\n","protected":false},"author":2,"featured_media":164063,"comment_status":"","ping_status":"","sticky":false,"template":"","format":"standard","meta":{"footnotes":""},"categories":[91],"tags":[253,146,147,25,24,23],"class_list":{"0":"post-164062","1":"post","2":"type-post","3":"status-publish","4":"format-standard","5":"has-post-thumbnail","7":"category-entretenimiento","8":"tag-discover","9":"tag-entertainment","10":"tag-entretenimiento","11":"tag-es","12":"tag-espana","13":"tag-spain"},"share_on_mastodon":{"url":"","error":""},"_links":{"self":[{"href":"https:\/\/www.europesays.com\/es\/wp-json\/wp\/v2\/posts\/164062","targetHints":{"allow":["GET"]}}],"collection":[{"href":"https:\/\/www.europesays.com\/es\/wp-json\/wp\/v2\/posts"}],"about":[{"href":"https:\/\/www.europesays.com\/es\/wp-json\/wp\/v2\/types\/post"}],"author":[{"embeddable":true,"href":"https:\/\/www.europesays.com\/es\/wp-json\/wp\/v2\/users\/2"}],"replies":[{"embeddable":true,"href":"https:\/\/www.europesays.com\/es\/wp-json\/wp\/v2\/comments?post=164062"}],"version-history":[{"count":0,"href":"https:\/\/www.europesays.com\/es\/wp-json\/wp\/v2\/posts\/164062\/revisions"}],"wp:featuredmedia":[{"embeddable":true,"href":"https:\/\/www.europesays.com\/es\/wp-json\/wp\/v2\/media\/164063"}],"wp:attachment":[{"href":"https:\/\/www.europesays.com\/es\/wp-json\/wp\/v2\/media?parent=164062"}],"wp:term":[{"taxonomy":"category","embeddable":true,"href":"https:\/\/www.europesays.com\/es\/wp-json\/wp\/v2\/categories?post=164062"},{"taxonomy":"post_tag","embeddable":true,"href":"https:\/\/www.europesays.com\/es\/wp-json\/wp\/v2\/tags?post=164062"}],"curies":[{"name":"wp","href":"https:\/\/api.w.org\/{rel}","templated":true}]}}