{"id":164082,"date":"2025-10-09T00:58:16","date_gmt":"2025-10-09T00:58:16","guid":{"rendered":"https:\/\/www.europesays.com\/es\/164082\/"},"modified":"2025-10-09T00:58:16","modified_gmt":"2025-10-09T00:58:16","slug":"tito-double-p-habla-del-giro-musical-que-lo-llevo-a-premios-billboard","status":"publish","type":"post","link":"https:\/\/www.europesays.com\/es\/164082\/","title":{"rendered":"Tito Double P habla del giro musical que lo llev\u00f3 a Premios Billboard"},"content":{"rendered":"<p class=\"paragraph larva \/\/ lrv-u-margin-lr-auto  lrv-a-font-body-m   \">\n\t<a href=\"https:\/\/www.billboard.com\/artist\/tito-double-p\/\" rel=\"nofollow noopener\" target=\"_blank\">Tito Double P<\/a> se encuentra en medio de su \u00a1Ay Mam\u00e1! M\u00e9xico Tour, recorriendo el pa\u00eds por primera vez. \u201cAl principio confieso que estaba nervioso porque no hab\u00eda cantado en shows en un buen tiempo\u201d, dice a Billboard Espa\u00f1ol, \u201cpero todo ha salido muy bien\u201d.<\/p>\n<p>\t\t\t\t\tExplorar\t\t<\/p>\n<p>\t\t\t<a href=\"https:\/\/www.billboard.com\/artist\/tito-double-p\/\" class=\"c-lazy-image__link lrv-a-unstyle-link\" rel=\"nofollow noopener\" target=\"_blank\"><\/p>\n<p>\t\t\t\t\t\t<img class=\"c-lazy-image__img lrv-u-background-color-grey-lightest lrv-u-width-100p lrv-u-display-block lrv-u-height-auto\" src=\"https:\/\/www.europesays.com\/es\/wp-content\/uploads\/2025\/09\/lazyload-fallback.gif\" data-lazy-src=\"https:\/\/www.europesays.com\/es\/wp-content\/uploads\/2025\/09\/lazyload-fallback.gif\" alt=\"\" data-lazy- data-lazy- height=\"\" width=\"\" decoding=\"async\"\/><\/p>\n<p>\t\t\t<\/a><\/p>\n<p class=\"c-tagline    lrv-u-text-transform-uppercase lrv-u-color-black u-padding-t-13 lrv-u-padding-b-2 lrv-u-margin-tb-00 lrv-u-text-align-center lrv-u-border-t-1 lrv-u-border-color-black lrv-u-width-100p a-bbesp-font-secondary-fancy-xs@desktop a-bbesp-font-primary-m@mobile-max u-letter-spacing-0041@desktop u-letter-spacing-0656@mobile-max u-line-height-10px@desktop u-line-height-12px@mobile-max\">Vea los \u00faltimos videos, gr\u00e1ficos y noticias<\/p>\n<p class=\"paragraph larva \/\/ lrv-u-margin-lr-auto  lrv-a-font-body-m   \">\n\tEl astro del regional mexicano, finalista a 10 Premios Billboard de la M\u00fasica Latina 2025, comenz\u00f3 la serie de <a href=\"https:\/\/www.instagram.com\/p\/DN3ynYjZFls\/?img_index=2\" target=\"_blank\" rel=\"noreferrer noopener nofollow\">20 fechas<\/a> con dos shows en el Palacio de los Deportes capitalino el 13 y 14 de septiembre, a los que siguieron presentaciones en ciudades como Veracruz, Puebla, Oaxaca, M\u00e9rida y Guadalajara. A\u00fan le quedan una decena de conciertos, terminando el 7 de noviembre en La Paz, Baja California Sur.<\/p>\n<p class=\"paragraph larva \/\/ lrv-u-margin-lr-auto  lrv-a-font-body-m   \">\n\t\u201cLa gente de mi pa\u00eds ya me quer\u00eda ver en el escenario\u201d, agrega con satisfacci\u00f3n el cantante de 28 a\u00f1os. \u201cEs impresionante la energ\u00eda de verlos cantar mis canciones\u201d.<\/p>\n<p class=\"paragraph larva \/\/ lrv-u-margin-lr-auto  lrv-a-font-body-m   \">\n\tTito Double P, quien ha visto crecer su carrera a pasos agigantados, form\u00f3 en un principio parte de l generaci\u00f3n de corridos tumbados, colaborando con astros como Peso Pluma (\u201cLa People\u201d), Luis R. Conr\u00edquez (\u201cDembow b\u00e9lico\u201d) y Gabito Ballesteros (\u201c7 d\u00edas\u201d). Sin embargo, en el 2024 dio un giro a sus l\u00edricas en su \u00e1lbum debut Inc\u00f3modo, enfoc\u00e1ndolas en el amor y el despecho con gran \u00e9xito: el LP alcanz\u00f3 el No. 1 en la lista Top Latin Albums de\u00a0Billboard.<\/p>\n<p class=\"paragraph larva \/\/ lrv-u-margin-lr-auto  lrv-a-font-body-m   \">\n\t\u201cEmpec\u00e9 cantando corridos y me fue bien, pero a m\u00ed lo que me funciona son las canciones de desamor\u201d, se\u00f1ala sobre el rumbo que ha tomado. \u201cPuedo hacer un show de dos horas solo de temas de dolidos y la gente no siente la ausencia de los corridos\u201d.<\/p>\n<p class=\"paragraph larva \/\/ lrv-u-margin-lr-auto  lrv-a-font-body-m   \">\n\tLanzado bajo el sello Double P Records, el set de 21 canciones hoy lo tiene como finalista en 10 categor\u00edas de los Premios Billboard de la M\u00fasica Latina 2025, incluyendo artista del a\u00f1o, Global 200 artista latino del a\u00f1o y \u201cTop Latin Album\u201d del a\u00f1o, adem\u00e1s de \u00e1lbum regional mexicano del a\u00f1o.<\/p>\n<p class=\"paragraph larva \/\/ lrv-u-margin-lr-auto  lrv-a-font-body-m   \">\n\t\u201cMi \u00e1lbum me ha tra\u00eddo muchas cosas buenas, me meti\u00f3 en el camino que deb\u00eda seguir y aqu\u00ed estoy compitiendo en todas esas categor\u00edas\u201d, reflexiona. \u201cEstoy sorprendido por todas las nominaciones que tengo en los Premios Billboard.\u00a0Ser\u00eda una gran satisfacci\u00f3n llevarme alguno\u201d. <\/p>\n<p class=\"paragraph larva \/\/ lrv-u-margin-lr-auto  lrv-a-font-body-m   \">\n\tEl artista, cuyo verdadero nombre es Jes\u00fas Roberto Laija Garc\u00eda, cre\u00f3 de manera fortuita el personaje de Tito Double P improvisando y cantando con su peculiar estilo en presentaciones en algunas ciudades de M\u00e9xico. Tiempo despu\u00e9s ser\u00eda testigo del \u00e9xito de su primo Hassan, el famoso Peso Pluma, para luego seguir sus pasos de la mano del sello discogr\u00e1fico creado por \u00e9ste en colaboraci\u00f3n con Prajin Records.<\/p>\n<p class=\"paragraph larva \/\/ lrv-u-margin-lr-auto  lrv-a-font-body-m   \">\n\tSu m\u00e1s reciente sencillo es \u201cCriptonita\u201d, lanzado el pasado 26 de septiembre, cuyo <a rel=\"noreferrer noopener nofollow\" target=\"_blank\" href=\"https:\/\/www.youtube.com\/watch?v=9HRu5PJApn0\">video musical<\/a> ya suma m\u00e1s de 4,8 millones de vistas en YouTube. Es un \u00e9xito m\u00e1s en la carrera del astro de la m\u00fasica mexicana, quien prepara nueva m\u00fasica en solitario, dejando por el momento las colaboraciones de lado. <\/p>\n<p class=\"paragraph larva \/\/ lrv-u-margin-lr-auto  lrv-a-font-body-m   \">\n\t\u201cEstaremos m\u00e1s enfocados en Tito\u201d,\u00a0dice el cantante, que cuenta con 23 millones de oyentes mensuales y espera recorrer Am\u00e9rica Latina y Europa con su gira en 2026. \u201cQuiero llevar mi m\u00fasica a otros lugares, s\u00e9 que hay muchas oportunidades all\u00e1 afuera. Los n\u00fameros en plataformas nos dicen mucho y lo vamos a hacer\u201d.<\/p>\n<p><script async src=\"\/\/www.instagram.com\/embed.js\"><\/script><\/p>\n","protected":false},"excerpt":{"rendered":"Tito Double P se encuentra en medio de su \u00a1Ay Mam\u00e1! M\u00e9xico Tour, recorriendo el pa\u00eds por primera&hellip;\n","protected":false},"author":2,"featured_media":164083,"comment_status":"","ping_status":"","sticky":false,"template":"","format":"standard","meta":{"footnotes":""},"categories":[170],"tags":[48419,146,147,34057,25,24,9834,48420,184,185,23],"class_list":{"0":"post-164082","1":"post","2":"type-post","3":"status-publish","4":"format-standard","5":"has-post-thumbnail","7":"category-musica","8":"tag-corridos-espanol","9":"tag-entertainment","10":"tag-entretenimiento","11":"tag-entrevista-espau00f1ol","12":"tag-es","13":"tag-espana","14":"tag-genre-espau00f1ol","15":"tag-mu00fasica-mexicana-espau00f1ol","16":"tag-music","17":"tag-musica","18":"tag-spain"},"share_on_mastodon":{"url":"","error":""},"_links":{"self":[{"href":"https:\/\/www.europesays.com\/es\/wp-json\/wp\/v2\/posts\/164082","targetHints":{"allow":["GET"]}}],"collection":[{"href":"https:\/\/www.europesays.com\/es\/wp-json\/wp\/v2\/posts"}],"about":[{"href":"https:\/\/www.europesays.com\/es\/wp-json\/wp\/v2\/types\/post"}],"author":[{"embeddable":true,"href":"https:\/\/www.europesays.com\/es\/wp-json\/wp\/v2\/users\/2"}],"replies":[{"embeddable":true,"href":"https:\/\/www.europesays.com\/es\/wp-json\/wp\/v2\/comments?post=164082"}],"version-history":[{"count":0,"href":"https:\/\/www.europesays.com\/es\/wp-json\/wp\/v2\/posts\/164082\/revisions"}],"wp:featuredmedia":[{"embeddable":true,"href":"https:\/\/www.europesays.com\/es\/wp-json\/wp\/v2\/media\/164083"}],"wp:attachment":[{"href":"https:\/\/www.europesays.com\/es\/wp-json\/wp\/v2\/media?parent=164082"}],"wp:term":[{"taxonomy":"category","embeddable":true,"href":"https:\/\/www.europesays.com\/es\/wp-json\/wp\/v2\/categories?post=164082"},{"taxonomy":"post_tag","embeddable":true,"href":"https:\/\/www.europesays.com\/es\/wp-json\/wp\/v2\/tags?post=164082"}],"curies":[{"name":"wp","href":"https:\/\/api.w.org\/{rel}","templated":true}]}}