{"id":164088,"date":"2025-10-09T01:02:11","date_gmt":"2025-10-09T01:02:11","guid":{"rendered":"https:\/\/www.europesays.com\/es\/164088\/"},"modified":"2025-10-09T01:02:11","modified_gmt":"2025-10-09T01:02:11","slug":"no-me-tires-de-ahi","status":"publish","type":"post","link":"https:\/\/www.europesays.com\/es\/164088\/","title":{"rendered":"No me tires de ah\u00ed"},"content":{"rendered":"<p>Ana Mena es una artista hecha a s\u00ed misma. Desde muy peque\u00f1a tuvo claro que lo suyo era la m\u00fasica y ha demostrado que ten\u00eda raz\u00f3n.\u00a0Sus dos \u00e1lbumes de estudio, &#8216;\u00cdndex&#8217; y &#8216;<strong>Bellodrama&#8217; se convirtieron en grandes \u00e9xitos <\/strong>casi de manera inmediata. Adem\u00e1s, sus\u00a0singles\u00a0y colaboraciones con otros artistas como Becky G, Natalia Lacunza, Emilia o Omar Montes la convirtieron en una de las artistas m\u00e1s escuchadas por las nuevas generaciones.<\/p>\n<p>Despu\u00e9s de la intensa gira promocionando su \u00faltimo disco y con un concierto final en el Wizink que volvi\u00f3 locos a sus fans,<strong> la joven decid\u00eda tomarse unos meses de descanso <\/strong>para reponer fuerzas y volver a crear.\u00a0Y as\u00ed ha sido. Hace una semana, la joven reaparec\u00eda en sus redes sociales <a href=\"https:\/\/www.lecturas.com\/actualidad\/ana-mena-tras-semanas-de-paron-reaparece-con-una-foto-desnuda-y-su-carta-mas-sincera_182106\" target=\"_self\" rel=\"nofollow noopener\">con su carta m\u00e1s sincera<\/a> tras un mes de silencio.<\/p>\n<p>Las \u00faltimas publicaciones recog\u00edan su paso por Tokio con sus conciertos agendados y a <a href=\"https:\/\/www.lecturas.com\/actualidad\/hotel-lujo-donde-se-aloja-familia-casas-completo-melyssa-pinto-y-ana-mena-tampoco-se-han-perdido_179808\" target=\"_self\" rel=\"nofollow noopener\">las vacaciones en El Salvador<\/a> con su novio, \u00d3scar Casas, y el resto de su familia. \u00abDesde la honestidad m\u00e1s grande, <strong>os quiero contar c\u00f3mo ha sido este a\u00f1o para m\u00ed\u00bb,\u00a0\u00a0<\/strong>empezaba. Despu\u00e9s de mucho tiempo\u00a0enfoc\u00e1ndose en la m\u00fasica, Mena parar. \u00abNo sab\u00e9is cu\u00e1nto lo necesitaba, me encontraba realmente agotada\u00bb, aseguraba.<\/p>\n<blockquote class=\"instagram-media\" data-instgrm-captioned=\"\" data-instgrm-permalink=\"https:\/\/www.instagram.com\/p\/DPRwvKrk2QJ\/?utm_source=ig_embed&amp;utm_campaign=loading\" data-instgrm-version=\"14\" style=\" background:#FFF; border:0; border-radius:3px; box-shadow:0 0 1px 0 rgba(0,0,0,0.5),0 1px 10px 0 rgba(0,0,0,0.15); margin: 1px; max-width:540px; min-width:326px; padding:0; width:99.375%; width:-webkit-calc(100% - 2px); width:calc(100% - 2px);\"\/>\n<p>Despu\u00e9s de este descanso y de mucha introspecci\u00f3n, Ana est\u00e1 preparada para volver al ruedo. \u00ab<strong>Y ahora s\u00ed, me emociona much\u00edsimo contaros que no puedo ni quiero esperar<\/strong> m\u00e1s, que estoy lista para renacer. Por fin ha llegado el momento de dar el primer paso, la transici\u00f3n necesaria hacia esa nueva era en la que nos vamos a sentir m\u00e1s cerca que nunca\u00bb, terminaba dicha carta.\u00a0<\/p>\n<p>Ana Mena en &#8216;El Hormiguero&#8217;<\/p>\n<p>Y, para demostrarlo, hace dos d\u00edas anunci\u00f3 la publicaci\u00f3n de su nueva canci\u00f3n, &#8216;L\u00e1rgate&#8217;, que se estrena este viernes en todas las plataformas. Sorbe este par\u00f3n y la nueva era musical que est\u00e1 preparando <strong>ha hablado la artista en &#8216;El Hormiguero&#8217;.\u00a0<\/strong>\u00abDices que te has cansado de ser pol\u00edticamente correcta\u00bb, comenzaba diciendo el presentador.<\/p>\n<p><img loading=\"lazy\" decoding=\"async\"   src=\"https:\/\/www.europesays.com\/es\/wp-content\/uploads\/2025\/10\/ana-mena_e6469010_251008223019_1200x657.webp.webp\" alt=\"Ana Mena\" class=\"lazyload\" width=\"1200\" height=\"657\" data-aspectratio=\"1200\/657\"\/><\/p>\n<p>Ana Mena ha acudido a &#8216;El Hormiguero&#8217; dispuesta a contar c\u00f3mo han sido sus \u00faltimos meses.<\/p>\n<p>&#13;Atresmedia<\/p>\n<p>\u00abAqu\u00ed me ves muy buenecita, rubia y tal, pero te puedo dar la tarde. En esta canci\u00f3n lo he soltado todo. <strong>La podemos soltar a todas esas personas que nos han hecho alguna putada.<\/strong> A ex, hombres, a cuernos, a cosas&#8230;\u00bb, ha afirmado. Tambi\u00e9n, Ana ha hablado de la pel\u00edcula que estrenar\u00e1 el pr\u00f3ximo enero con su novio, \u00d3scar Casas. \u00ab&#8216;\u00cddolos&#8217;, es la primera pel\u00edcula que se hace del mundial de MotoGP. Es una peli para toda la familia. Estamos grabando en circuitos reales, con coches reales, en carreras reales. Est\u00e1bamos con Marc M\u00e1rquez, Jorge Mart\u00edn&#8230;\u00bb, ha explicado.<\/p>\n<p><img loading=\"lazy\" decoding=\"async\"   src=\"https:\/\/www.europesays.com\/es\/wp-content\/uploads\/2025\/10\/ana-mena_72f007ed_251008224032_1200x678.webp.webp\" alt=\"Ana Mena\" class=\"lazyload\" width=\"1200\" height=\"678\" data-aspectratio=\"1200\/678\"\/><\/p>\n<p>Ana Mena ha anunciado que en unos meses se estrenara una pel\u00edcula que ha grabado con su novio, \u00d3scar Casas.<\/p>\n<p>&#13;Atresmedia<\/p>\n<p>En el filme, Mena hace de tatuadora. \u00abHonestamente, no podr\u00eda hacerlo en la vida real\u00bb, ha asegurado la cantante. Justo despu\u00e9s, contaba que le hab\u00edan puesto tatuajes falsos para caracterizarse como su personaje.<strong> \u00abImag\u00ednate, yo sin tatuajes&#8230;\u00bb, explicaba la joven cuando Pablo ha intervenido:<\/strong> \u00ab\u00bfNo tienes ning\u00fan tatuaje?\u00bb.<\/p>\n<p><img loading=\"lazy\" decoding=\"async\"   src=\"https:\/\/www.europesays.com\/es\/wp-content\/uploads\/2025\/10\/ana-mena_4b27d0b8_251008223932_1200x641.webp.webp\" alt=\"Ana Mena\" class=\"lazyload\" width=\"1200\" height=\"641\" data-aspectratio=\"1200\/641\"\/><\/p>\n<p>Ana Mena ha dado una sorpresa a los invitados de &#8216;El Hormiguero&#8217; y ha cantado un fragmento de su nueva canci\u00f3n.<\/p>\n<p>&#13;Atresmedia<\/p>\n<p>Ana, algo cohibida, ha reconocido que eso hab\u00eda cambiado. \u00abBueno, ahora tengo uno peque\u00f1ito\u00bb, ha admitido. Motos quer\u00eda saber qu\u00e9 era ese tatuaje, pero era entonces cuando la cantante le paraba los pies. <strong>\u00abNo me tires de ah\u00ed\u00bb, ha dicho, tajante.<\/strong> Pablo y sus hormigas han insistido. \u00ab\u00bfEs un nombre? \u00bfUna fecha? \u00bfUn dibujo?\u00bb, iban cuestionando a lo que Ana respond\u00eda con un seco: \u00abNo\u00bb. Al ver que iban a seguir, Mena ha repetido que no pensaba decir nada. \u00abNo me tires de ah\u00ed\u00bb.<\/p>\n<p><img loading=\"lazy\" decoding=\"async\"   src=\"https:\/\/www.europesays.com\/es\/wp-content\/uploads\/2025\/10\/ana-mena_1f42dc97_251008223954_1200x664.webp.webp\" alt=\"Ana Mena\" class=\"lazyload\" width=\"1200\" height=\"664\" data-aspectratio=\"1200\/664\"\/><\/p>\n<p>Ana Mena ha encandilado con su nuevo tema &#8216;L\u00e1rgate&#8217;, que sale este viernes.<\/p>\n<p>&#13;Atresmedia<\/p>\n<p>Viendo que su invitada no se sent\u00eda c\u00f3moda con esa pregunta, el presentador ha reformulado la pregunta.<strong> \u00ab\u00bfPodr\u00edamos saber d\u00f3nde?\u00bb, ha lanzado.<\/strong> Ana, m\u00e1s tranquila, ha se\u00f1alado la zona de su bajo vientre. \u00abPor aqu\u00ed abajo\u00bb, ha dicho, sin dar detalles. Un momento de ligera tensi\u00f3n y timidez en la que la artista ha querido frenar en seco las intenciones del conductor.<\/p>\n<p>Los inicios de Ana Mena<\/p>\n<p>Aunque su &#8216;boom&#8217; medi\u00e1tico ha llegado hace unos pocos a\u00f1os, Ana lleva formando parte de nuestras vidas desde hace mucho.\u00a0En 2006, gan\u00f3 el concurso &#8216;Veo veo&#8217; y empez\u00f3 a participar en algunos programas como &#8216;Menuda Noche&#8217;. Su incre\u00edble voz fascin\u00f3 a los seguidores de &#8216;My Camp Rock&#8217;, el programa de<strong> Disney referente a la famosa pel\u00edcula, as\u00ed como sus dotes interpretativas.<\/strong><\/p>\n<p><img loading=\"lazy\" decoding=\"async\"   src=\"https:\/\/www.europesays.com\/es\/wp-content\/uploads\/2025\/10\/ana-mena_00000000_fdb21385_251008184956_1200x1800.webp.webp\" alt=\"Ana Mena\" class=\"lazyload\" width=\"1200\" height=\"1800\" data-aspectratio=\"1200\/1800\"\/><\/p>\n<p>Ana Mena lleva muchos a\u00f1os forjando su camino en la industria musical.<\/p>\n<p>&#13;GTRES<\/p>\n<p>Realiz\u00f3 un peque\u00f1o papel en la miniserie &#8216;Marisol, la pel\u00edcula&#8217;, lo que le abri\u00f3 las puertas a otras producciones como\u00a0&#8216;La piel que habito&#8217; de Pedro Almod\u00f3var o las series &#8216;Vive Cantando&#8217; o &#8216;Bienvenidos al Ed\u00e9n&#8217;. No obstante, <strong>su gran amor es la m\u00fasica. Una de sus primeras canciones <\/strong>fue &#8216;No soy como tu crees&#8217; con la que empez\u00f3 su andadura en la industria musical. Poco a poco, con esfuerzo, determinaci\u00f3n y creatividad, Ana ha sabido dejar huella en su p\u00fablico.<\/p>\n<p>La carta m\u00e1s sincera de Ana Mena<\/p>\n<p>\u00abHe so\u00f1ado toda mi vida con la m\u00fasica, con cantar, y he luchado por hacerme con un huequito en lo que m\u00e1s me apasiona desde que era una ni\u00f1a. <strong>En los \u00faltimos nueve a\u00f1os he trabajado sin descanso, y no he parado de dejarme la vida<\/strong> en esto porque me encanta lo que hago. Con sus momentos maravillosos y sus \u00e9pocas duras\u00bb, comenzaba diciendo Ana en esa carta que tanto ha emocionado a sus seguidores.<\/p>\n<p>La joven explicaba que hab\u00eda necesitado parar para \u00abrespirar\u00bb y tener tiempo en el que \u00ab<strong>ver a mis padres, pasar semanas largas en casa, irme de viaje, escribir canciones<\/strong> sin presi\u00f3n ni prisas, encontrar lo que me gusta, probar, borrar, empezar otro tema, estar con amigos, tener vacaciones, tener vida de persona, volverme a enamorar\u2026\u00bb, se\u00f1alaba.\u00a0<\/p>\n<blockquote class=\"instagram-media\" data-instgrm-captioned=\"\" data-instgrm-permalink=\"https:\/\/www.instagram.com\/p\/DPcEQt1jI-W\/?utm_source=ig_embed&amp;utm_campaign=loading\" data-instgrm-version=\"14\" style=\" background:#FFF; border:0; border-radius:3px; box-shadow:0 0 1px 0 rgba(0,0,0,0.5),0 1px 10px 0 rgba(0,0,0,0.15); margin: 1px; max-width:540px; min-width:326px; padding:0; width:99.375%; width:-webkit-calc(100% - 2px); width:calc(100% - 2px);\"\/>\n<p>\u00abEn este tiempo he podido reflexionar. Me doy cuenta de que todos estos a\u00f1os he tratado de cuidar al m\u00e1ximo todo lo que sale de m\u00ed, por miedo a exponerme demasiado. Siempre me ha costado agarrar confianza con las personas<strong>, a menudo me cuesta abrirme cuando conozco gente nueva<\/strong>\u00ab, se sinceraba.<\/p>\n<p><strong>Un lado vulnerable y desconocido que muchos no hab\u00edan intuido.<\/strong> \u00abAunque os parezca incre\u00edble, me sigo poniendo terriblemente nerviosa cuando tengo una c\u00e1mara delante y soy la t\u00edpica persona que no lo pasa nada bien en los eventos. Inconscientemente, me protejo en una zona de seguridad y, por ese motivo quiz\u00e1s, no me he dejado ver del todo, no os he dejado conocerme un poquito mejor ni os he compartido todas mis idas y venidas de chica de 28 a\u00f1os. Ahora, por fin, me apetece atreverme, jugar, sincerarme, fluir\u2026 me apetece relajarme con todo eso y hacerlo a vuestro lado\u00bb, relataba Ana.<\/p>\n<p><img loading=\"lazy\" decoding=\"async\"   src=\"https:\/\/www.europesays.com\/es\/wp-content\/uploads\/2025\/10\/ana-mena_84ef81f7_251008184903_1200x800.webp.webp\" alt=\"Ana Mena\" class=\"lazyload\" width=\"1200\" height=\"800\" data-aspectratio=\"1200\/800\"\/><\/p>\n<p>Ana Mena est\u00e1 preparada para empezar una nueva era musical tras un merecido descanso.<\/p>\n<p>&#13;Gtres<\/p>\n<p>La artista afirmaba en su carta que esta nueva versi\u00f3n de s\u00ed misma es algo que todos podremos ver \u00aben muchas de las canciones que ir\u00e1n saliendo, y sobre todo en el \u00e1lbum tan incre\u00edble que os estoy preparando con todo mi coraz\u00f3n\u00bb. Una noticia que entusiasmaba a sus seguidores. \u00ab<strong>Empec\u00e9 a trabajar en \u00e9l a principios de este a\u00f1o y a\u00fan est\u00e1 en construcci\u00f3n<\/strong>, en un proceso precioso en el que voy descubriendo poco a poco c\u00f3mo ser\u00e1\u00bb, explicaba.<\/p>\n<p>\u00ab<strong>A\u00fan no s\u00e9 qu\u00e9 t\u00edtulo tendr\u00e1 ni c\u00f3mo lo vamos a vestir,<\/strong> pero lo que s\u00ed s\u00e9 es que va a ser m\u00e1s aut\u00e9ntico y m\u00e1s de verdad que nunca, y que no veo la hora de que pod\u00e1is conocerme m\u00e1s a trav\u00e9s de todas las letras. Os prometo que es tan especial\u00bb, aseguraba.<\/p>\n<p>La historia de amor con Mario Casas<\/p>\n<p>Como muchos artistas, Ana Mena ha preferido reservarse su vida privada para ella misma. Sus parejas, conocidas o no, no han sido un tema de conversaci\u00f3n para ella. Es por eso que cuando sali\u00f3 a la luz su romance con el famoso actor \u00d3scar Casas, <strong>lo primero que hicieron ambos fue jugar a la total discreci\u00f3n.\u00a0<\/strong><\/p>\n<p><img loading=\"lazy\" decoding=\"async\"   src=\"https:\/\/www.europesays.com\/es\/wp-content\/uploads\/2025\/10\/oscar-casas-y-ana-mena_e539be23_251008184733_1200x1200.webp.webp\" alt=\"Oscar Casas y Ana Mena\" class=\"lazyload\" width=\"1200\" height=\"1200\" data-aspectratio=\"1200\/1200\"\/>&#13;Instagram de Ana Mena<\/p>\n<p>Sin embargo, poco a poco, han ido solt\u00e1ndose y mostrando parte de su amor. El primero de estos gestos fue cuando \u00d3scar acudi\u00f3 con la familia de la cantante a su concierto de final de gira. Hace apenas unos meses, Ana comparti\u00f3 varias fotograf\u00edas en las que se la ve\u00eda junto al hermano de Mario Casas.<strong> \u00abMy wave\u00bb, escrib\u00eda junto a una, es decir, \u00abmi ola\u00bb en una foto desde Marruecos.\u00a0<\/strong><\/p>\n<p><img loading=\"lazy\" decoding=\"async\"   src=\"https:\/\/www.europesays.com\/es\/wp-content\/uploads\/2025\/10\/oscar-casas-y-ana-mena_257fecf6_251008184709_1200x1163.webp.webp\" alt=\"\u00d3scar Casas y Ana Mena\" class=\"lazyload\" width=\"1200\" height=\"1163\" data-aspectratio=\"1200\/1163\"\/>&#13;Instagram @anamenaoficial<\/p>\n<p>En otras fotos, la ve\u00edamos pasar tiempo de calidad con el clan Casas en sus vacaciones a El Salvador, l<strong>o que confirma la seriedad de su noviazgo.<\/strong> La prueba m\u00e1s reciente es que la joven ha compartido el trailer de la nueva pel\u00edcula de su chico, &#8216;Me has robado el coraz\u00f3n&#8217;. Un t\u00edtulo que, sin duda alguna, se aplica a lo que siente Ana por \u00d3scar.<\/p>\n<p><script async src=\"\/\/www.instagram.com\/embed.js\"><\/script><\/p>\n","protected":false},"excerpt":{"rendered":"Ana Mena es una artista hecha a s\u00ed misma. Desde muy peque\u00f1a tuvo claro que lo suyo era&hellip;\n","protected":false},"author":2,"featured_media":164089,"comment_status":"","ping_status":"","sticky":false,"template":"","format":"standard","meta":{"footnotes":""},"categories":[91],"tags":[146,147,25,24,23],"class_list":{"0":"post-164088","1":"post","2":"type-post","3":"status-publish","4":"format-standard","5":"has-post-thumbnail","7":"category-entretenimiento","8":"tag-entertainment","9":"tag-entretenimiento","10":"tag-es","11":"tag-espana","12":"tag-spain"},"share_on_mastodon":{"url":"","error":""},"_links":{"self":[{"href":"https:\/\/www.europesays.com\/es\/wp-json\/wp\/v2\/posts\/164088","targetHints":{"allow":["GET"]}}],"collection":[{"href":"https:\/\/www.europesays.com\/es\/wp-json\/wp\/v2\/posts"}],"about":[{"href":"https:\/\/www.europesays.com\/es\/wp-json\/wp\/v2\/types\/post"}],"author":[{"embeddable":true,"href":"https:\/\/www.europesays.com\/es\/wp-json\/wp\/v2\/users\/2"}],"replies":[{"embeddable":true,"href":"https:\/\/www.europesays.com\/es\/wp-json\/wp\/v2\/comments?post=164088"}],"version-history":[{"count":0,"href":"https:\/\/www.europesays.com\/es\/wp-json\/wp\/v2\/posts\/164088\/revisions"}],"wp:featuredmedia":[{"embeddable":true,"href":"https:\/\/www.europesays.com\/es\/wp-json\/wp\/v2\/media\/164089"}],"wp:attachment":[{"href":"https:\/\/www.europesays.com\/es\/wp-json\/wp\/v2\/media?parent=164088"}],"wp:term":[{"taxonomy":"category","embeddable":true,"href":"https:\/\/www.europesays.com\/es\/wp-json\/wp\/v2\/categories?post=164088"},{"taxonomy":"post_tag","embeddable":true,"href":"https:\/\/www.europesays.com\/es\/wp-json\/wp\/v2\/tags?post=164088"}],"curies":[{"name":"wp","href":"https:\/\/api.w.org\/{rel}","templated":true}]}}