{"id":164114,"date":"2025-10-09T01:21:14","date_gmt":"2025-10-09T01:21:14","guid":{"rendered":"https:\/\/www.europesays.com\/es\/164114\/"},"modified":"2025-10-09T01:21:14","modified_gmt":"2025-10-09T01:21:14","slug":"dark-moor-venom-sixstrings","status":"publish","type":"post","link":"https:\/\/www.europesays.com\/es\/164114\/","title":{"rendered":"DARK MOOR \u2013 VENOM \u2013 SIXSTRINGS"},"content":{"rendered":"<p>\u00a0<\/p>\n<p style=\"text-align: center;\"><strong><a href=\"#MOOR\">DARK MOOR celebra su 25 aniversario con un concierto \u00fanico en MADRID<\/a>. <a href=\"#VENOM\">Jeff \u201cMantas\u201d Dunn habla de la pr\u00f3xima reuni\u00f3n de VENOM<\/a> \u2013 <a href=\"#SIXSTRINGS\">SIXSTRINGS estrenan single.<\/a><\/strong><\/p>\n<p>\u00a0<\/p>\n<p><strong><a href=\"https:\/\/dark-moor.com\/\" target=\"_blank\" rel=\"noopener nofollow\">DARK MOOR <\/a><\/strong>celebra su 25 aniversario con un concierto \u00fanico en MADRID.<\/p>\n<p>Tras confirmar su participaci\u00f3n en 2026 en los festivales\u00a0<strong>Epic Fest\u00a0<\/strong>de Roskilde, Dinamarca y\u00a0<strong>Leyendas del Rock\u00a0<\/strong>en Villena,\u00a0Alicante, como parte de la celebraci\u00f3n del XXV aniversario de la banda,<\/p>\n<p><strong><a href=\"https:\/\/dark-moor.com\/\" target=\"_blank\" rel=\"noopener nofollow\">DARK MOOR<\/a><\/strong>\u00a0anuncian una nueva fecha con motivo del mencionado aniversario. Ser\u00e1 el 18 de abril de 2026 en\u00a0<strong>La Sala del Movistar Arena\u00a0<\/strong>de Madrid.<\/p>\n<p>Las entradas para este concierto se pondr\u00e1n a la venta el pr\u00f3ximo\u00a0<strong>viernes 10 de octubre<\/strong>\u00a0a partir de las 12:00h a trav\u00e9s de Ticketmaster.es y Baila.fm<\/p>\n<p>Adem\u00e1s del concierto,\u00a0<strong><a href=\"https:\/\/dark-moor.com\/\" target=\"_blank\" rel=\"noopener nofollow\">DARK MOOR<\/a><\/strong> anuncia el lanzamiento en 2026 de un doble \u00e1lbum recopilatorio con una cuidada selecci\u00f3n de sus mejores temas remasterizados especialmente para esta edici\u00f3n conmemorativa.<\/p>\n<p><img fetchpriority=\"high\" decoding=\"async\" src=\"https:\/\/www.europesays.com\/es\/wp-content\/uploads\/2025\/10\/cartel25ani.jpg\" alt=\" DARK MOOR\" width=\"500\" height=\"707\"\/><\/p>\n<p>\u00a0<\/p>\n<p>El guitarrista de <a href=\"http:\/\/www.venomslegions.com\/\" target=\"_blank\" rel=\"noopener nofollow\"><strong>VENOM<\/strong><\/a> Jeff \u201cMantas\u201d Dunn ha hablado con The Metal Voice de su pr\u00f3xima reuni\u00f3n con el bater\u00eda original del grupo Abaddon.<\/p>\n<p>\u201cVoy a decir la verdad. La verdad absoluta. Yo soy el fundador, y si hay un co \u2013 fundador, es Abaddon. Cronos fue el \u00faltimo en llegar. Eso lo sabe todo el mundo. Yo compuse todo el material cl\u00e1sico y todo eso. Y en este preciso momento, tal y como yo lo veo, VENOM no est\u00e1n tocando. Hay bandas tocando material de VENOM, pero ya est\u00e1. As\u00ed es como lo veo.<\/p>\n<p>Cuando surgi\u00f3 todo esto, fue por un amigo mutuo que contact\u00f3 conmigo y me pregunt\u00f3 su pod\u00eda llamar a Abaddon. Sinceramente lo primero que le dije es que no quer\u00eda verme metido otra vez en este tipo de cosas. Y te lo puede decir Abaddon, no hab\u00edamos hablado desde 2017. El caso es que le llam\u00e9, y al poco recib\u00ed un mensaje de los promotores japoneses que quer\u00edan a VENOM en Jap\u00f3n. Les dije que yo ir\u00eda, y les pregunt\u00e9 que les parec\u00eda si fuera Abaddon conmigo ahora que hab\u00edamos vuelto a conectar. A ellos les pareci\u00f3 fant\u00e1stico y as\u00ed hicimos. Habl\u00e9 con Abaddon, le pareci\u00f3 bien y ya tenemos los vuelos. Salimos el 27 de noviembre y creo que tocamos el 30.<\/p>\n<p>Despu\u00e9s me escribi\u00f3 la gente del festival Keep It True y me hablaron de \u2018reuni\u00f3n de VENOM\u2019, a lo que respond\u00ed, \u2018buena suerte con eso\u2019. En este momento estamos toc\u00e1ndonos las mand\u00edbulas en el juzgado, pero aun as\u00ed, contact\u00e9 con Cronos a trav\u00e9s de un amigo com\u00fan y le dije, \u2018mira, dile que quiero hablar con \u00e9l. Hay una oferta, es buena, as\u00ed que vamos a hablar. Incluso si no sale nada, vamos a hablar.\u2019 Nada. Despu\u00e9s el abogado habl\u00f3 con su abogado y le mencion\u00f3 la reuni\u00f3n, y lo que obtuvimos como respuesta\u2026 b\u00e1sicamente no merece perder el tiempo con ello.\u201d<\/p>\n<p>Mantas y Abaddon, que se encuentran actualmente inmersos en una <a href=\"https:\/\/www.rafabasa.com\/2025\/08\/30\/bon-jovi-geoff-tate-venom\/#VENOM\" rel=\"nofollow noopener\" target=\"_blank\">batalla legal<\/a> contra su antiguo compa\u00f1ero Cronos, tocar\u00e1n acompa\u00f1ados por varios invitados en la pr\u00f3xima edici\u00f3n del festival alem\u00e1n Keep It True que se celebrar\u00e1 los d\u00edas 24 y 25 de abril en Lauda Konigshofen.\u00a8La pareja celebrar\u00e1 su disco de debut \u201cWelcome To Hell\u201d.<\/p>\n<p>Abaddon public\u00f3 el 26 de julio a trav\u00e9s de No Remorse Records y High Roller Records su autobiograf\u00eda <a href=\"https:\/\/www.rafabasa.com\/2025\/07\/04\/black-sabbath-venom-crematory-joe-stumps-tower-of-babel-siren\/\" rel=\"nofollow noopener\" target=\"_blank\">\u201cThe View From The Metal Throne \u2013 The Story Of Abaddon &amp; Venom\u201d<\/a>.<\/p>\n<p>Por su parte Mantas <a href=\"https:\/\/www.rafabasa.com\/2024\/12\/02\/opeth-venom-inc-heavy-metal-enforcer\/#VENOM_INC\" target=\"_blank\" rel=\"noopener nofollow\">anunci\u00f3 su marcha de VENOM INC.<\/a> a primeros de diciembre.<\/p>\n<p>Por \u00faltimo Cronos sigue adelante con su versi\u00f3n de <a href=\"http:\/\/www.venomslegions.com\/\" target=\"_blank\" rel=\"noopener nofollow\"><strong>VENOM<\/strong><\/a> y en junio insinu\u00f3 estar preparando <a href=\"https:\/\/www.rafabasa.com\/2025\/06\/01\/nightwish-venom-glenn-hughes-ciudad-olvido\/#VENOM\" rel=\"nofollow noopener\" target=\"_blank\">nuevo material<\/a>.<\/p>\n<p>\u00a0<\/p>\n<p>\u00a0<\/p>\n<p><strong>SIXSTRINGS<\/strong> han estrenado su nuevo single y v\u00eddeo \u00abRacing To The Top\u00bb.<\/p>\n<p>El 25 de noviembre de 2022 editaron un nuevo EP titulado\u00a0\u201cNo Future\u201d.<\/p>\n<p>Su anteriores singles en este <a href=\"https:\/\/www.rafabasa.com\/2024\/02\/12\/ace-frehley-geoff-tate-sixstrings\/#SIXSTRINGS\" target=\"_blank\" rel=\"noopener nofollow\">bloque<\/a>.<\/p>\n<p>\u00a0<\/p>\n<p align=\"center\"><strong>Sigue el\u00a0<a href=\"https:\/\/whatsapp.com\/channel\/0029VaCprxVBA1f555USvT2O\" target=\"_blank\" rel=\"nofollow noopener\">Canal de RAFABASA.COM en WhatsApp<\/a>, donde encontrar\u00e1s todas nuestras novedades al instante<\/strong><\/p>\n<p>\u00a0<\/p>\n<p>\u00a0<\/p>\n<p>\u00a0<\/p>\n<p>\u00a0<\/p>\n","protected":false},"excerpt":{"rendered":"\u00a0 DARK MOOR celebra su 25 aniversario con un concierto \u00fanico en MADRID. Jeff \u201cMantas\u201d Dunn habla de&hellip;\n","protected":false},"author":2,"featured_media":164115,"comment_status":"","ping_status":"","sticky":false,"template":"","format":"standard","meta":{"footnotes":""},"categories":[170],"tags":[48422,146,147,25,24,184,185,48423,23,48424],"class_list":{"0":"post-164114","1":"post","2":"type-post","3":"status-publish","4":"format-standard","5":"has-post-thumbnail","7":"category-musica","8":"tag-dark-moor","9":"tag-entertainment","10":"tag-entretenimiento","11":"tag-es","12":"tag-espana","13":"tag-music","14":"tag-musica","15":"tag-sixstrings","16":"tag-spain","17":"tag-venom"},"share_on_mastodon":{"url":"","error":""},"_links":{"self":[{"href":"https:\/\/www.europesays.com\/es\/wp-json\/wp\/v2\/posts\/164114","targetHints":{"allow":["GET"]}}],"collection":[{"href":"https:\/\/www.europesays.com\/es\/wp-json\/wp\/v2\/posts"}],"about":[{"href":"https:\/\/www.europesays.com\/es\/wp-json\/wp\/v2\/types\/post"}],"author":[{"embeddable":true,"href":"https:\/\/www.europesays.com\/es\/wp-json\/wp\/v2\/users\/2"}],"replies":[{"embeddable":true,"href":"https:\/\/www.europesays.com\/es\/wp-json\/wp\/v2\/comments?post=164114"}],"version-history":[{"count":0,"href":"https:\/\/www.europesays.com\/es\/wp-json\/wp\/v2\/posts\/164114\/revisions"}],"wp:featuredmedia":[{"embeddable":true,"href":"https:\/\/www.europesays.com\/es\/wp-json\/wp\/v2\/media\/164115"}],"wp:attachment":[{"href":"https:\/\/www.europesays.com\/es\/wp-json\/wp\/v2\/media?parent=164114"}],"wp:term":[{"taxonomy":"category","embeddable":true,"href":"https:\/\/www.europesays.com\/es\/wp-json\/wp\/v2\/categories?post=164114"},{"taxonomy":"post_tag","embeddable":true,"href":"https:\/\/www.europesays.com\/es\/wp-json\/wp\/v2\/tags?post=164114"}],"curies":[{"name":"wp","href":"https:\/\/api.w.org\/{rel}","templated":true}]}}