{"id":164116,"date":"2025-10-09T01:22:11","date_gmt":"2025-10-09T01:22:11","guid":{"rendered":"https:\/\/www.europesays.com\/es\/164116\/"},"modified":"2025-10-09T01:22:11","modified_gmt":"2025-10-09T01:22:11","slug":"dune-3-confirma-un-nuevo-miembro-para-el-reparto-y-los-fans-de-las-novelas-estan-confundidos-con-la-noticia","status":"publish","type":"post","link":"https:\/\/www.europesays.com\/es\/164116\/","title":{"rendered":"Dune 3 confirma un nuevo miembro para el reparto, y los fans de las novelas est\u00e1n confundidos con la noticia"},"content":{"rendered":"<p>Tras sorprender con las dos primeras entregas, Denis Villeneuve regresar\u00e1 para dar forma a <strong>la \u00faltima de la trilog\u00eda Dune<\/strong>.<\/p>\n<p>Y no te pierdas&#8230;<a href=\"https:\/\/es.ign.com\/the-witcher-tv\/222030\/news\/netflix-nos-ofrece-un-nuevo-vistazo-a-la-cuarta-temporada-de-the-witcher-con-nuevas-imagenes-y-este\" class=\"recirc_odd\" rel=\"nofollow noopener\" target=\"_blank\"><img decoding=\"async\" class=\"image\" src=\"https:\/\/www.europesays.com\/es\/wp-content\/uploads\/2025\/10\/netflix-releases-action-packed-the-witcher-season-4-trailer_qm2n.640.jpg\" alt=\"Netflix nos ofrece un nuevo vistazo a la cuarta temporada de The Witcher con nuevas im\u00e1genes y este tr\u00e1iler lleno de acci\u00f3n\"\/>Netflix nos ofrece un nuevo vistazo a la cuarta temporada de The Witcher con nuevas im\u00e1genes y este tr\u00e1iler lleno de acci\u00f3n<\/a><\/p>\n<p>En esta ocasi\u00f3n, la nueva pel\u00edcula se centrar\u00e1 en adaptar los acontecimientos de <strong>El Mes\u00edas de Dune<\/strong>, la segunda entrega de la saga literaria de Frank Herbert. No obstante, Denis Villeneuve no se ha cortado a la hora de <strong>modificar<\/strong> algunos elementos del material original, y todo apunta a que seguir\u00e1 esta l\u00ednea en la tercera pel\u00edcula. La actriz Rebecca Ferguson, que ha interpretado a <strong>Jessica Atreides<\/strong> en las dos primeras entregas de Dune, anunci\u00f3 el primer cambio en una entrevista reciente con <a href=\"https:\/\/www.indiewire.com\/features\/interviews\/a-house-of-dynamite-rebecca-ferguson-interview-1235154395\/?utm_campaign=trueanthem&amp;utm_medium=social&amp;utm_source=twitter\" rel=\"noopener nofollow\" target=\"_blank\">IndieWire<\/a>. Confirm\u00f3 <strong>su <a href=\"https:\/\/es.ign.com\/dune-part-three\/215192\/feature\/robert-pattinson-podria-estar-en-dune-3-pero-que-personaje-interpretara\" rel=\"nofollow noopener\" target=\"_blank\">participaci\u00f3n<\/a> <\/strong>en la nueva pel\u00edcula, a pesar de que su personaje no aparece en la segunda novela de Dune.<\/p>\n<p>\u00bfQu\u00e9 papel tendr\u00e1 Jessica Atreides en la nueva Dune?<\/p>\n<p>\u00abNo tengo un papel importante en esta, <strong>ella apenas aparece en el libro<\/strong>\u00ab, coment\u00f3 la actriz al medio. \u00abCreo que no estaba previsto que yo apareciera en esta pel\u00edcula, pero Denis tuvo una peque\u00f1a idea\u00bb.<\/p>\n<p>La actriz aprovech\u00f3 la entrevista para <strong>elogiar el guion<\/strong> de la nueva pel\u00edcula de Dune: \u00abEl guion es fenomenal. Es muy dif\u00edcil crear una pel\u00edcula, es un libro muy denso. Hay mucho que contar. [Denis] va entrando y saliendo, lo intenta, y quiere <strong>mantener ciertas conexiones y ramificaciones con el libro<\/strong>. Creo que todo lo que toca Denis es fenomenal\u00bb.<\/p>\n<p><strong>Atenci\u00f3n: posibles spoilers de Dune: Parte Tres a continuaci\u00f3n.<\/strong><\/p>\n<p>Jessica Atreides no forma parte de la historia de la segunda novela de la saga porque, seg\u00fan se menciona en ella, <strong>viaja al planeta Caladan<\/strong>. Regresa finalmente en la tercera novela, Hijos de Dune, donde se encuentra con los hijos gemelos de Paul Atreides, Leto II y Ghanima. <a href=\"https:\/\/es.ign.com\/dune-part-three\/217935\/news\/el-hijo-de-jason-momoa-se-hace-con-un-papel-importante-en-dune-3\" rel=\"nofollow noopener\" target=\"_blank\">Seg\u00fan inform\u00f3 Deadline en junio<\/a>, Nakoa-Wolf Momoa e Ida Brooke han sido elegidos <strong>para interpretar a los gemelos <\/strong>en Dune: Parte Tres.<\/p>\n<p>Dune ha sido todo un \u00e9xito para Villeneuve. La primera pel\u00edcula termin\u00f3 su carrera en los cines con 410,6 millones de d\u00f3lares recaudados en todo el mundo, mientras que Dune: Parte Dos se hizo con <strong>714,8 millones de d\u00f3lares<\/strong>. \u00abEn Dune: Parte Dos, Villeneuve aplica la misma f\u00f3rmula que en su predecesora, pero todo es m\u00e1s y mejor. Un espect\u00e1culo visual y sonoro de ciencia ficci\u00f3n hecho para verse en el cine y <strong>perderse en la infinidad de Arrakis<\/strong>\u00ab, comentamos en <a href=\"https:\/\/es.ign.com\/dune-part-two\/200446\/review\/critica-de-dune-parte-dos-un-viaje-inolvidable-por-las-infinitas-dunas-de-arrakis\" rel=\"nofollow noopener\" target=\"_blank\">nuestra cr\u00edtica de la secuela<\/a>.<\/p>\n","protected":false},"excerpt":{"rendered":"Tras sorprender con las dos primeras entregas, Denis Villeneuve regresar\u00e1 para dar forma a la \u00faltima de la&hellip;\n","protected":false},"author":2,"featured_media":164117,"comment_status":"","ping_status":"","sticky":false,"template":"","format":"standard","meta":{"footnotes":""},"categories":[169],"tags":[177,146,147,25,24,176,175,23],"class_list":{"0":"post-164116","1":"post","2":"type-post","3":"status-publish","4":"format-standard","5":"has-post-thumbnail","7":"category-cine","8":"tag-cine","9":"tag-entertainment","10":"tag-entretenimiento","11":"tag-es","12":"tag-espana","13":"tag-film","14":"tag-movies","15":"tag-spain"},"share_on_mastodon":{"url":"","error":""},"_links":{"self":[{"href":"https:\/\/www.europesays.com\/es\/wp-json\/wp\/v2\/posts\/164116","targetHints":{"allow":["GET"]}}],"collection":[{"href":"https:\/\/www.europesays.com\/es\/wp-json\/wp\/v2\/posts"}],"about":[{"href":"https:\/\/www.europesays.com\/es\/wp-json\/wp\/v2\/types\/post"}],"author":[{"embeddable":true,"href":"https:\/\/www.europesays.com\/es\/wp-json\/wp\/v2\/users\/2"}],"replies":[{"embeddable":true,"href":"https:\/\/www.europesays.com\/es\/wp-json\/wp\/v2\/comments?post=164116"}],"version-history":[{"count":0,"href":"https:\/\/www.europesays.com\/es\/wp-json\/wp\/v2\/posts\/164116\/revisions"}],"wp:featuredmedia":[{"embeddable":true,"href":"https:\/\/www.europesays.com\/es\/wp-json\/wp\/v2\/media\/164117"}],"wp:attachment":[{"href":"https:\/\/www.europesays.com\/es\/wp-json\/wp\/v2\/media?parent=164116"}],"wp:term":[{"taxonomy":"category","embeddable":true,"href":"https:\/\/www.europesays.com\/es\/wp-json\/wp\/v2\/categories?post=164116"},{"taxonomy":"post_tag","embeddable":true,"href":"https:\/\/www.europesays.com\/es\/wp-json\/wp\/v2\/tags?post=164116"}],"curies":[{"name":"wp","href":"https:\/\/api.w.org\/{rel}","templated":true}]}}