{"id":164118,"date":"2025-10-09T01:23:07","date_gmt":"2025-10-09T01:23:07","guid":{"rendered":"https:\/\/www.europesays.com\/es\/164118\/"},"modified":"2025-10-09T01:23:07","modified_gmt":"2025-10-09T01:23:07","slug":"murio-miguel-angel-russo-el-mensaje-de-paredes-y-jugadores-de-boca","status":"publish","type":"post","link":"https:\/\/www.europesays.com\/es\/164118\/","title":{"rendered":"Muri\u00f3 Miguel \u00c1ngel Russo: el mensaje de Paredes y jugadores de Boca"},"content":{"rendered":"<p><strong>Leandro Paredes lament\u00f3 el fallecimiento de <a href=\"https:\/\/espndeportes.espn.com\/futbol\/argentina\/nota\/_\/id\/15711836\/murio-miguel-angel-russo-dt-de-boca-juniors\" target=\"_blank\" rel=\"nofollow noopener\">Miguel \u00c1ngel Russo<\/a><\/strong> a trav\u00e9s de su cuenta en Instagram, el capit\u00e1n Xeneize con unas emotivas palabras se despidi\u00f3 de su entrenador.<\/p>\n<p><img class=\" lazyload lazyload\" data-image-container=\".inline-photo\" height=\"320\" width=\"570\"\/>Russo prepara el equipo de Boca para el encuentro contra Banfield.\u00a0@BocaJrsOficialSelecciones Editoriales<\/p>\n<p>2 Relacionado<\/p>\n<p><strong>\u00abGracias por defender nuestros colores con tanta pasi\u00f3n, gracias por luchar hasta el \u00faltimo d\u00eda para estar presente acompa\u00f1ando a tu equipo. Nos dejas muchos recuerdos y ense\u00f1anzas. \u00a1Hasta siempre Miguel! Un sentido p\u00e9same a todo la familia de Russo\u00bb,<\/strong> destac\u00f3 Paredes.<\/p>\n<p>El volante campe\u00f3n del mundo se sum\u00f3 a los <a href=\"https:\/\/espndeportes.espn.com\/futbol\/argentina\/nota\/_\/id\/15789756\/murio-miguel-angel-russo-el-adios-del-futbol-argentino-entrenador-boca-juniors\" target=\"_blank\" rel=\"nofollow noopener\">mensajes de despedida<\/a> de otros jugadores de Boca, que lamentaron el adi\u00f3s del DT.<\/p>\n<blockquote class=\"instagram-media\" data-instgrm-captioned=\"\" data-instgrm-permalink=\"https:\/\/www.instagram.com\/p\/DPkYih2jJld\/?utm_source=ig_embed&amp;utm_campaign=loading\" data-instgrm-version=\"14\" style=\" background:#FFF; border:0; border-radius:3px; box-shadow:0 0 1px 0 rgba(0,0,0,0.5),0 1px 10px 0 rgba(0,0,0,0.15); margin: 1px; max-width:540px; min-width:326px; padding:0; width:99.375%; width:-webkit-calc(100% - 2px); width:calc(100% - 2px);\"\/>\n<p><script async src=\"\/\/www.instagram.com\/embed.js\"><\/script><\/p>\n","protected":false},"excerpt":{"rendered":"Leandro Paredes lament\u00f3 el fallecimiento de Miguel \u00c1ngel Russo a trav\u00e9s de su cuenta en Instagram, el capit\u00e1n&hellip;\n","protected":false},"author":2,"featured_media":164119,"comment_status":"","ping_status":"","sticky":false,"template":"","format":"standard","meta":{"footnotes":""},"categories":[93],"tags":[168,25,24,23,167],"class_list":{"0":"post-164118","1":"post","2":"type-post","3":"status-publish","4":"format-standard","5":"has-post-thumbnail","7":"category-deportes","8":"tag-deportes","9":"tag-es","10":"tag-espana","11":"tag-spain","12":"tag-sports"},"share_on_mastodon":{"url":"","error":""},"_links":{"self":[{"href":"https:\/\/www.europesays.com\/es\/wp-json\/wp\/v2\/posts\/164118","targetHints":{"allow":["GET"]}}],"collection":[{"href":"https:\/\/www.europesays.com\/es\/wp-json\/wp\/v2\/posts"}],"about":[{"href":"https:\/\/www.europesays.com\/es\/wp-json\/wp\/v2\/types\/post"}],"author":[{"embeddable":true,"href":"https:\/\/www.europesays.com\/es\/wp-json\/wp\/v2\/users\/2"}],"replies":[{"embeddable":true,"href":"https:\/\/www.europesays.com\/es\/wp-json\/wp\/v2\/comments?post=164118"}],"version-history":[{"count":0,"href":"https:\/\/www.europesays.com\/es\/wp-json\/wp\/v2\/posts\/164118\/revisions"}],"wp:featuredmedia":[{"embeddable":true,"href":"https:\/\/www.europesays.com\/es\/wp-json\/wp\/v2\/media\/164119"}],"wp:attachment":[{"href":"https:\/\/www.europesays.com\/es\/wp-json\/wp\/v2\/media?parent=164118"}],"wp:term":[{"taxonomy":"category","embeddable":true,"href":"https:\/\/www.europesays.com\/es\/wp-json\/wp\/v2\/categories?post=164118"},{"taxonomy":"post_tag","embeddable":true,"href":"https:\/\/www.europesays.com\/es\/wp-json\/wp\/v2\/tags?post=164118"}],"curies":[{"name":"wp","href":"https:\/\/api.w.org\/{rel}","templated":true}]}}