{"id":164120,"date":"2025-10-09T01:25:13","date_gmt":"2025-10-09T01:25:13","guid":{"rendered":"https:\/\/www.europesays.com\/es\/164120\/"},"modified":"2025-10-09T01:25:13","modified_gmt":"2025-10-09T01:25:13","slug":"la-princesa-rajwa-de-jordania-al-estilo-de-la-reina-rania-deslumbra-en-paris-con-un-vestido-negro-con-capa-y-bolso-de-bottega-veneta","status":"publish","type":"post","link":"https:\/\/www.europesays.com\/es\/164120\/","title":{"rendered":"La princesa Rajwa de Jordania, al estilo de la reina Rania, deslumbra en Par\u00eds con un vestido negro con capa y bolso de Bottega Veneta"},"content":{"rendered":"<p data-journey-content=\"true\" data-node-id=\"1\" class=\"body-dropcap css-1vn2egp emevuu60\">Par\u00eds ha sido la primera parada de la gira europea del pr\u00edncipe heredero Hussein de Jordania y su esposa,<strong data-node-id=\"1.1\"> la princesa Rajwa<\/strong>. El Presidente de la Rep\u00fablica Francesa, Emmanuel Macron, y su<a href=\"https:\/\/www.harpersbazaar.com\/es\/cultura\/ocio\/a21440560\/brigitte-macron-emmanuel-macron-historia-amor\/\" target=\"_blank\" data-vars-ga-outbound-link=\"https:\/\/www.harpersbazaar.com\/es\/cultura\/ocio\/a21440560\/brigitte-macron-emmanuel-macron-historia-amor\/\" data-vars-ga-ux-element=\"Hyperlink\" data-vars-ga-call-to-action=\" mujer, Brigitte\" data-node-id=\"1.3\" class=\"body-link css-156jt4g emevuu60\" rel=\"nofollow noopener\"> mujer, Brigitte<\/a>, les han recibido en el Palacio del El\u00edseo en la capital del pa\u00eds galo, donde pasar\u00e1n tan solo unas horas antes de viajar a Reino Unido. <\/p>\n<p data-journey-content=\"true\" data-node-id=\"4\" class=\"css-6wxqfj emevuu60\">Una visita de gran relevancia dentro de la monarqu\u00eda hachemita, la primera del matrimonio a la &#8216;ciudad del amor&#8217;, donde <a href=\"https:\/\/www.harpersbazaar.com\/es\/famosas\/el-estilo-de\/a63198660\/princesa-rajwa-jordania-moda-mejores-looks-2024\/\" target=\"_blank\" data-vars-ga-outbound-link=\"https:\/\/www.harpersbazaar.com\/es\/famosas\/el-estilo-de\/a63198660\/princesa-rajwa-jordania-moda-mejores-looks-2024\/\" data-vars-ga-ux-element=\"Hyperlink\" data-vars-ga-call-to-action=\"el estilo y la elegancia de la joven princesa\" data-node-id=\"4.1\" class=\"body-link css-156jt4g emevuu60\" rel=\"nofollow noopener\"><strong data-node-id=\"4.1.0\">el estilo y la elegancia<\/strong> de la joven princesa<\/a>, digna heredera de <a href=\"https:\/\/www.harpersbazaar.com\/es\/famosas\/el-estilo-de\/a65894668\/reina-rania-jordania-elegante-teoria-rojo-inesperado-conjunto-falda-camisa\/\" target=\"_blank\" data-vars-ga-outbound-link=\"https:\/\/www.harpersbazaar.com\/es\/famosas\/el-estilo-de\/a65894668\/reina-rania-jordania-elegante-teoria-rojo-inesperado-conjunto-falda-camisa\/\" data-vars-ga-ux-element=\"Hyperlink\" data-vars-ga-call-to-action=\"la reina Rania de Jordania\" data-node-id=\"4.3\" class=\"body-link css-156jt4g emevuu60\" rel=\"nofollow noopener\">la reina Rania de Jordania<\/a>, ha acaparado todos los flashes. Rajwa de Jordania ha apostado por la sobriedad que le caracteriza al elegir un estilismo con <strong data-node-id=\"4.7\">el negro<\/strong> como protagonista, un color que es <a href=\"https:\/\/www.harpersbazaar.com\/es\/moda\/tendencias\/a63235587\/vestir-negro-editoras-moda-expertas-razones-color-elegante\/\" target=\"_blank\" data-vars-ga-outbound-link=\"https:\/\/www.harpersbazaar.com\/es\/moda\/tendencias\/a63235587\/vestir-negro-editoras-moda-expertas-razones-color-elegante\/\" data-vars-ga-ux-element=\"Hyperlink\" data-vars-ga-call-to-action=\"sin\u00f3nimo de glamour y moda\" data-node-id=\"4.9\" class=\"body-link css-156jt4g emevuu60\" rel=\"nofollow noopener\">sin\u00f3nimo de glamour y moda<\/a>. <\/p>\n<p><img draggable=\"true\" alt=\"crown prince of jordan hussein and his wife princess rajwa al hussein meet french president emmanuel macron\" title=\"Crown Prince of Jordan Hussein and his wife Princess Rajwa Al Hussein meet French President Emmanuel Macron\" loading=\"lazy\" width=\"4911\" height=\"4563\" decoding=\"async\" data-nimg=\"1\" style=\"color:transparent;width:100%;height:auto;\"   src=\"https:\/\/www.europesays.com\/es\/wp-content\/uploads\/2025\/10\/french-president-emmanuel-macron-french-first-lady-brigitte-news-photo-1759938778.pjpeg\" class=\"css-0 e1g79fud0\"\/><\/p>\n<p>Anadolu\/\/Getty Images<\/p>\n<p><img draggable=\"true\" alt=\"french president emmanuel macron meets crown prince of jordan\" title=\"French President Emmanuel Macron Meets Crown Prince Of Jordan\" loading=\"lazy\" width=\"6031\" height=\"3921\" decoding=\"async\" data-nimg=\"1\" style=\"color:transparent;width:100%;height:auto;\"   src=\"https:\/\/www.europesays.com\/es\/wp-content\/uploads\/2025\/10\/french-president-emmanuel-macron-and-his-wife-brigitte-news-photo-1759938796.pjpeg\" class=\"css-0 e1g79fud0\"\/><\/p>\n<p>China News Service\/\/Getty Images<\/p>\n<p data-journey-content=\"true\" data-node-id=\"8\" class=\"css-6wxqfj emevuu60\">La princesa jornada ha deslumbrado con un <strong data-node-id=\"8.1\">vestido negro <\/strong>estructurado de largo midi, escote en V y detalle con abotonadura en la parte central, que incorporaba en el hombro una <strong data-node-id=\"8.5\">sobretela o capa<\/strong> que ca\u00eda con sutileza hasta el suelo, sumando un extra de sofisticaci\u00f3n y fuerza a la propuesta. Una pieza de <strong data-node-id=\"8.7\">estilo arquitect\u00f3nic<\/strong>o que combinaba con unos sencillos zapatos de sal\u00f3n de ante atados al tobillo y un peque\u00f1o clutch de<strong data-node-id=\"8.12\"> Bottega Veneta<\/strong>, una de las firmas que despunta con fuerza en <a href=\"https:\/\/www.harpersbazaar.com\/es\/famosas\/el-estilo-de\/a64018179\/rania-de-jordania-vestido-marron-chocolate-efecto-cintura-de-avispa-bottega-veneta\/\" target=\"_blank\" data-vars-ga-outbound-link=\"https:\/\/www.harpersbazaar.com\/es\/famosas\/el-estilo-de\/a64018179\/rania-de-jordania-vestido-marron-chocolate-efecto-cintura-de-avispa-bottega-veneta\/\" data-vars-ga-ux-element=\"Hyperlink\" data-vars-ga-call-to-action=\"el vestidor de la reina Rania.\" data-node-id=\"8.14\" class=\"body-link css-156jt4g emevuu60\" rel=\"nofollow noopener\">el vestidor de la reina Rania.<\/a><\/p>\n<p data-journey-content=\"true\" data-node-id=\"12\" class=\"css-6wxqfj emevuu60\">Se trata del <strong data-node-id=\"12.1\">modelo Knot<\/strong> de la maison, caracterizado por su acabado trenzado y su cierre en forma de nudo. Un dise\u00f1o con historia que tambi\u00e9n han llevado otras figuras de la realeza como <a href=\"https:\/\/www.harpersbazaar.com\/es\/famosas\/el-estilo-de\/a68874516\/reina-letizia-vestido-plisado-giorgio-armani-bruselas-encuentro-matilde-belgica\/\" target=\"_blank\" data-vars-ga-outbound-link=\"https:\/\/www.harpersbazaar.com\/es\/famosas\/el-estilo-de\/a68874516\/reina-letizia-vestido-plisado-giorgio-armani-bruselas-encuentro-matilde-belgica\/\" data-vars-ga-ux-element=\"Hyperlink\" data-vars-ga-call-to-action=\"Do\u00f1a Letizia\" data-node-id=\"12.5\" class=\"body-link css-156jt4g emevuu60\" rel=\"nofollow noopener\">Do\u00f1a Letizia<\/a>, la reina M\u00e1xima de Holanda o las princesas Victoria y Magdalena de Suecia.<\/p>\n<p><img draggable=\"true\" alt=\"crown prince of jordan hussein and his wife princess rajwa al hussein meet french president emmanuel macron\" title=\"Crown Prince of Jordan Hussein and his wife Princess Rajwa Al Hussein meet French President Emmanuel Macron\" loading=\"lazy\" width=\"3075\" height=\"4462\" decoding=\"async\" data-nimg=\"1\" style=\"color:transparent;width:100%;height:auto;\"   src=\"https:\/\/www.europesays.com\/es\/wp-content\/uploads\/2025\/10\/french-president-emmanuel-macron-hussein-crown-prince-of-news-photo-1759938806.pjpeg\" class=\"css-0 e1g79fud0\"\/><\/p>\n<p>Anadolu\/\/Getty Images<\/p>\n<p data-journey-content=\"true\" data-node-id=\"15\" class=\"css-6wxqfj emevuu60\">En esta ocasi\u00f3n, la princesa Rajwa de Jordania ha decidido llevar suelta su <strong data-node-id=\"15.1\">larga y brillante melena<\/strong> casta\u00f1a oscura, con raya central y ligeras ondas naturales que aportaban un extra de volumen y movimiento. Para el peinado, la naturalidad y simplicidad que definen a la royal volv\u00edan a ser claves.<\/p>\n","protected":false},"excerpt":{"rendered":"Par\u00eds ha sido la primera parada de la gira europea del pr\u00edncipe heredero Hussein de Jordania y su&hellip;\n","protected":false},"author":2,"featured_media":164121,"comment_status":"","ping_status":"","sticky":false,"template":"","format":"standard","meta":{"footnotes":""},"categories":[91],"tags":[253,146,147,25,24,23],"class_list":{"0":"post-164120","1":"post","2":"type-post","3":"status-publish","4":"format-standard","5":"has-post-thumbnail","7":"category-entretenimiento","8":"tag-discover","9":"tag-entertainment","10":"tag-entretenimiento","11":"tag-es","12":"tag-espana","13":"tag-spain"},"share_on_mastodon":{"url":"","error":""},"_links":{"self":[{"href":"https:\/\/www.europesays.com\/es\/wp-json\/wp\/v2\/posts\/164120","targetHints":{"allow":["GET"]}}],"collection":[{"href":"https:\/\/www.europesays.com\/es\/wp-json\/wp\/v2\/posts"}],"about":[{"href":"https:\/\/www.europesays.com\/es\/wp-json\/wp\/v2\/types\/post"}],"author":[{"embeddable":true,"href":"https:\/\/www.europesays.com\/es\/wp-json\/wp\/v2\/users\/2"}],"replies":[{"embeddable":true,"href":"https:\/\/www.europesays.com\/es\/wp-json\/wp\/v2\/comments?post=164120"}],"version-history":[{"count":0,"href":"https:\/\/www.europesays.com\/es\/wp-json\/wp\/v2\/posts\/164120\/revisions"}],"wp:featuredmedia":[{"embeddable":true,"href":"https:\/\/www.europesays.com\/es\/wp-json\/wp\/v2\/media\/164121"}],"wp:attachment":[{"href":"https:\/\/www.europesays.com\/es\/wp-json\/wp\/v2\/media?parent=164120"}],"wp:term":[{"taxonomy":"category","embeddable":true,"href":"https:\/\/www.europesays.com\/es\/wp-json\/wp\/v2\/categories?post=164120"},{"taxonomy":"post_tag","embeddable":true,"href":"https:\/\/www.europesays.com\/es\/wp-json\/wp\/v2\/tags?post=164120"}],"curies":[{"name":"wp","href":"https:\/\/api.w.org\/{rel}","templated":true}]}}