{"id":164127,"date":"2025-10-09T01:30:04","date_gmt":"2025-10-09T01:30:04","guid":{"rendered":"https:\/\/www.europesays.com\/es\/164127\/"},"modified":"2025-10-09T01:30:04","modified_gmt":"2025-10-09T01:30:04","slug":"israel-y-hamas-ultiman-los-detalles-de-un-acuerdo-que-se-espera-alcanzar-en-24-o-36-horas","status":"publish","type":"post","link":"https:\/\/www.europesays.com\/es\/164127\/","title":{"rendered":"Israel y Ham\u00e1s ultiman los detalles de un acuerdo que se espera alcanzar \u00aben 24 \u00f3 36 horas\u00bb"},"content":{"rendered":"<p style=\"\">El acuerdo entre Ham\u00e1s e Israel parece m\u00e1s pr\u00f3ximo que nunca y desde Sharm el Sheij se desprende gran optimismo. El proceso vive horas decisivas y se desarrolla bajo las bombas que siguen castigando Gaza. Por primera vez se han juntado todos los actores clave  &#8230; tras la incorporaci\u00f3n a la mediaci\u00f3n del equipo de Estados Unidos, formado por <a href=\"https:\/\/www.abc.es\/internacional\/mediadores-enviado-trump-egipto-negociar-plan-paz-20251004194800-nt.html\" target=\"_self\" data-voc-vtm-id=\"in-text-traffic\" title=\"Steve Witkoff y Jared Kushner\" rel=\"nofollow noopener\">Steve Witkoff y Jared Kushner<\/a>, el jefe de la Inteligencia turca, <strong>Ibrahim Kalin<\/strong>, el primer ministro de Qatar, <strong>Mohamed Al Thani<\/strong>, y el ministro israel\u00ed de Asuntos Estrat\u00e9gicos, <strong>Ron Dermer<\/strong>. Hasta la ciudad balneario del mar Rojo tambi\u00e9n se acerc\u00f3 el jefe negociador de Yihad Isl\u00e1mica, cuyo brazo armado, Brigadas al Quds, tambi\u00e9n tiene en su poder a alguno de los secuestrados.<\/p>\n<p class=\"voc-p\" style=\"\">Medios israel\u00edes y egipcios se\u00f1alaron que el acuerdo se podr\u00eda hacer p\u00fablico \u00aben 24 o 36 horas\u00bb. <a href=\"https:\/\/www.abc.es\/internacional\/egipto-libera-2700-presos-tras-perdon-presidente-20251007120052-nt.html\" target=\"_self\" data-voc-vtm-id=\"in-text-traffic\" title=\"El presidente Abdel Fatah Al Sisi\" rel=\"nofollow noopener\">El presidente Abdel Fatah Al Sisi<\/a> se atrevi\u00f3 a invitar a Donald Trump a Egipto para la firma de un acuerdo que s\u00f3lo ser\u00e1 posible gracias a su implicaci\u00f3n. \u00abHago un llamamiento a Trump para que siga apoyando la consecuci\u00f3n de <a href=\"https:\/\/www.abc.es\/internacional\/hamas-anuncia-intercambio-israel-listado-rehenes-presos-20251008103730-nt.html\" target=\"_self\" data-voc-vtm-id=\"in-text-traffic\" title=\"un acuerdo sobre Gaza\" rel=\"nofollow noopener\">un acuerdo sobre Gaza<\/a>\u00bb, afirm\u00f3 Al Sisi, a\u00f1adiendo que Estados Unidos hab\u00eda enviado a su delegaci\u00f3n con el \u00fanico objetivo de \u00abtrabajar para poner fin a la guerra\u00bb.<\/p>\n<p class=\"voc-p\" style=\"\">Los medios israel\u00edes aseguraron que Ham\u00e1s ha proporcionado informaci\u00f3n sobre <strong>los rehenes vivos, que son 20 en total<\/strong>, y busca los cuerpos de los fallecidos, aunque no puede garantizar la entrega de todos porque algunos no los tiene localizados. Si todo discurre seg\u00fan lo que se est\u00e1 negociando el intercambio se realizar\u00e1 a comienzos de la pr\u00f3xima semana. \u00abIsrael se compromete retirar sus tropas hasta los l\u00edmites marcados por Trump, lo que le permitir\u00e1 permanecer en el 57% de la Franja. El Gobierno de Netanyahu ya ha comenzado a redactar una propuesta que se someter\u00e1 a votaci\u00f3n ante los ministros lo antes posible\u00bb, adelant\u00f3 el periodista israel\u00ed Amit Segal, experto en temas de seguridad.<\/p>\n<p class=\"voc-p\" style=\"\">Fuentes pr\u00f3ximas a la negociaci\u00f3n declararon a &#8216;The Jerusalem Post&#8217; que \u00abahora la duda no es saber si habr\u00e1 acuerdo, sino determinar cu\u00e1ndo se har\u00e1 p\u00fablico\u00bb. El Canal 12 israel\u00ed asegur\u00f3 que Estados Unidos <strong>planea para que todo coincida con el fallo del Nobel de la Paz<\/strong> el viernes a las 12, hora de Oslo, y que Trump est\u00e1 dispuesto a volar a Egipto coincidiendo con el anuncio del nombre del galardonado.<\/p>\n<p>\nAcuerdo multilateral\n<\/p>\n<p class=\"voc-p\" style=\"\">Trump es la \u00fanica persona con capacidad para presionar a Benjamin Netanyahu a que acepte un alto el fuego en este momento y el repliegue de sus tropas, dos pasos imprescindibles para abrir las puertas al <strong>intercambio de rehenes por presos palestinos<\/strong>. Por otro lado, el presidente de Estados Unidos ha dejado a un lado su marcado unilaterialismo para abrazar el multilateralismo a la hora de gestionar este conflicto y su alianza con los pa\u00edses \u00e1rabes e isl\u00e1micos es clave para presionar a Ham\u00e1s. Su intenci\u00f3n es que Gaza sea un primer paso para nuevos acuerdo a lo largo de todo Oriente Pr\u00f3ximo. <\/p>\n<p class=\"voc-p\" style=\"\"><strong>Izzat Al Rishq<\/strong>, alto cargo de Ham\u00e1s, mostr\u00f3 la \u00absatisfacci\u00f3n\u00bb del grupo por la presencia de Qatar y Turqu\u00eda en la mediaci\u00f3n ya que \u00absu participaci\u00f3n impulsa firmemente las negociaciones para lograr resultados positivos que permitan poner <strong>fin a la guerra<\/strong> y facilitar el intercambio de prisioneros, a la vez que reduce el margen de maniobra de Netanyahu para continuar la agresi\u00f3n y sabotear las negociaciones\u00bb. <\/p>\n<p class=\"voc-p\" style=\"\">Los islamistas exigen garant\u00edas por escrito de que Israel no volver\u00e1 a la guerra cuando ellos liberen a todos los rehenes y de que se completar\u00e1n las siguientes fases del acuerdo. La presencia de turcos y qatar\u00edes da confianza a Ham\u00e1s y por ello muestra mayor flexibilidad que antes, pero el proceso que queda por delante tras el intercambio es largo con temas clave como el desarme de su brazo armado, la transici\u00f3n de poder en la Franja o el futuro que espera a los l\u00edderes islamistas.<\/p>\n<p>\nBombardeos en Gaza\n<\/p>\n<p class=\"voc-p\" style=\"\">Los israel\u00edes negocian con la presi\u00f3n a\u00f1adida a Ham\u00e1s de los bombardeos en Gaza y el avance de las tropas en Ciudad de Gaza. <a href=\"https:\/\/www.abc.es\/internacional\/ejercito-israel-estima-tardara-varios-meses-tomar-20250916194421-nt.html\" target=\"_self\" data-voc-vtm-id=\"in-text-traffic\" title=\"El ministro de Defensa, Israel Katz\" rel=\"nofollow noopener\">El ministro de Defensa, Israel Katz<\/a>, visit\u00f3 a las tropas en el barrio de Sabra, en la Ciudad de Gaza, y dijo que gracias a las acciones de las tropas se han creado \u00ablas condiciones para las negociaciones destinadas a asegurar la liberaci\u00f3n de todos los rehenes y el logro de los objetivos de la guerra\u00ab. Unas declaraciones criticadas por la oposici\u00f3n ya que, pasados 2 a\u00f1os, Israel no ha acabado con Ham\u00e1s, ni ha logrado liberar a los cautivos con el uso m\u00e1ximo de la fuerza, sus dos grandes objetivos. <\/p>\n<p class=\"voc-p\" style=\"\"><strong>Son momentos de gran expectaci\u00f3n<\/strong> porque por primera vez desde marzo las armas pueden volver a callar en Gaza. La gran inc\u00f3gnita es saber lo que durar\u00e1 esa pausa y c\u00f3mo ser\u00e1 el d\u00eda despu\u00e9s en una Franja devastada.<\/p>\n","protected":false},"excerpt":{"rendered":"El acuerdo entre Ham\u00e1s e Israel parece m\u00e1s pr\u00f3ximo que nunca y desde Sharm el Sheij se desprende&hellip;\n","protected":false},"author":2,"featured_media":164128,"comment_status":"","ping_status":"","sticky":false,"template":"","format":"standard","meta":{"footnotes":""},"categories":[5],"tags":[945,5791,17,18,7510,25,24,4351,13,14,75,11,297,74,19,20,9,10,15,16,23,12,48425,21,22],"class_list":{"0":"post-164127","1":"post","2":"type-post","3":"status-publish","4":"format-standard","5":"has-post-thumbnail","7":"category-titulares","8":"tag-acuerdo","9":"tag-alcanzar","10":"tag-breaking-news","11":"tag-breakingnews","12":"tag-detalles","13":"tag-es","14":"tag-espana","15":"tag-espera","16":"tag-featured-news","17":"tag-featurednews","18":"tag-hamas","19":"tag-headlines","20":"tag-horas","21":"tag-israel","22":"tag-latest-news","23":"tag-latestnews","24":"tag-news","25":"tag-noticias","26":"tag-noticias-destacadas","27":"tag-noticiasdestacadas","28":"tag-spain","29":"tag-titulares","30":"tag-ultiman","31":"tag-ultimas-noticias","32":"tag-ultimasnoticias"},"share_on_mastodon":{"url":"","error":""},"_links":{"self":[{"href":"https:\/\/www.europesays.com\/es\/wp-json\/wp\/v2\/posts\/164127","targetHints":{"allow":["GET"]}}],"collection":[{"href":"https:\/\/www.europesays.com\/es\/wp-json\/wp\/v2\/posts"}],"about":[{"href":"https:\/\/www.europesays.com\/es\/wp-json\/wp\/v2\/types\/post"}],"author":[{"embeddable":true,"href":"https:\/\/www.europesays.com\/es\/wp-json\/wp\/v2\/users\/2"}],"replies":[{"embeddable":true,"href":"https:\/\/www.europesays.com\/es\/wp-json\/wp\/v2\/comments?post=164127"}],"version-history":[{"count":0,"href":"https:\/\/www.europesays.com\/es\/wp-json\/wp\/v2\/posts\/164127\/revisions"}],"wp:featuredmedia":[{"embeddable":true,"href":"https:\/\/www.europesays.com\/es\/wp-json\/wp\/v2\/media\/164128"}],"wp:attachment":[{"href":"https:\/\/www.europesays.com\/es\/wp-json\/wp\/v2\/media?parent=164127"}],"wp:term":[{"taxonomy":"category","embeddable":true,"href":"https:\/\/www.europesays.com\/es\/wp-json\/wp\/v2\/categories?post=164127"},{"taxonomy":"post_tag","embeddable":true,"href":"https:\/\/www.europesays.com\/es\/wp-json\/wp\/v2\/tags?post=164127"}],"curies":[{"name":"wp","href":"https:\/\/api.w.org\/{rel}","templated":true}]}}