{"id":164138,"date":"2025-10-09T01:40:25","date_gmt":"2025-10-09T01:40:25","guid":{"rendered":"https:\/\/www.europesays.com\/es\/164138\/"},"modified":"2025-10-09T01:40:25","modified_gmt":"2025-10-09T01:40:25","slug":"lourdes-montes-carga-contra-su-cunado-julian-contreras-en-su-primera-entrevista-en-television-su-carino-era-interesado","status":"publish","type":"post","link":"https:\/\/www.europesays.com\/es\/164138\/","title":{"rendered":"Lourdes Montes carga contra su cu\u00f1ado Juli\u00e1n Contreras en su primera entrevista en televisi\u00f3n: \u00abSu cari\u00f1o era interesado\u00bb"},"content":{"rendered":"<p class=\"c-paragraph\"><b>Lourdes Montes<\/b>, mujer de <a href=\"https:\/\/www.20minutos.es\/tags\/personas\/fran-rivera.html\" title=\"Fran Rivera\" rel=\"nofollow noopener\" target=\"_blank\">Fran Rivera<\/a>, ha concedido este martes su primera entrevista en televisi\u00f3n al intervenir en el plat\u00f3 de <a href=\"https:\/\/www.20minutos.es\/tags\/temas\/y-ahora-sonsoles.html\" title=\"Y ahora Sonsoles\" rel=\"nofollow noopener\" target=\"_blank\">Y ahora Sonsoles<\/a>, donde fue entrevistada por <a href=\"https:\/\/www.20minutos.es\/tags\/personas\/sonsoles-onega.html\" title=\"Sonsoles \u00d3nega\" rel=\"nofollow noopener\" target=\"_blank\">Sonsoles \u00d3nega<\/a>.<\/p>\n<p class=\"c-paragraph\">La empresaria, adem\u00e1s de dar pinceladas de su matrimonio con el torero, del que cont\u00f3 que<b> su peor momento fue cuando se retir\u00f3 de los ruedos<\/b>, habl\u00f3 de su familia pol\u00edtica.<\/p>\n<p class=\"c-paragraph\">Y, de entre todos, destac\u00f3 lo que dijo de su cu\u00f1ado Juli\u00e1n Contreras.\u00a0\u00abYo le quer\u00eda mucho a Juli\u00e1n y descubr\u00ed uno que no conoc\u00eda\u00bb, empezaba diciendo, visiblemente afectada la empresaria. \u00abQue<b> su cari\u00f1o y su apego hacia nosotros no era real, era interesado<\/b>\u00ab, sentenciaba, asegurando que ya no tienen relaci\u00f3n.<\/p>\n<p class=\"c-paragraph\">\u00ab<b>Necesitaba dinero y, por primera vez, Fran y Cayetano le dijeron que no<\/b>\u00ab, se\u00f1alaba. \u00abA partir de ah\u00ed, <b>lo puso como los trapos en la tele<\/b>\u00ab, conclu\u00eda Montes sobre su cu\u00f1ado, que se ver\u00e1 su reacciona a estas duras palabras de la empresaria.<\/p>\n","protected":false},"excerpt":{"rendered":"Lourdes Montes, mujer de Fran Rivera, ha concedido este martes su primera entrevista en televisi\u00f3n al intervenir en&hellip;\n","protected":false},"author":2,"featured_media":164139,"comment_status":"","ping_status":"","sticky":false,"template":"","format":"standard","meta":{"footnotes":""},"categories":[174],"tags":[6514,255,19913,146,147,25,24,256,20052,15476,23,3271],"class_list":{"0":"post-164138","1":"post","2":"type-post","3":"status-publish","4":"format-standard","5":"has-post-thumbnail","7":"category-famosos","8":"tag-carga","9":"tag-celebrities","10":"tag-contra","11":"tag-entertainment","12":"tag-entretenimiento","13":"tag-es","14":"tag-espana","15":"tag-famosos","16":"tag-lourdes","17":"tag-montes","18":"tag-spain","19":"tag-su"},"share_on_mastodon":{"url":"","error":""},"_links":{"self":[{"href":"https:\/\/www.europesays.com\/es\/wp-json\/wp\/v2\/posts\/164138","targetHints":{"allow":["GET"]}}],"collection":[{"href":"https:\/\/www.europesays.com\/es\/wp-json\/wp\/v2\/posts"}],"about":[{"href":"https:\/\/www.europesays.com\/es\/wp-json\/wp\/v2\/types\/post"}],"author":[{"embeddable":true,"href":"https:\/\/www.europesays.com\/es\/wp-json\/wp\/v2\/users\/2"}],"replies":[{"embeddable":true,"href":"https:\/\/www.europesays.com\/es\/wp-json\/wp\/v2\/comments?post=164138"}],"version-history":[{"count":0,"href":"https:\/\/www.europesays.com\/es\/wp-json\/wp\/v2\/posts\/164138\/revisions"}],"wp:featuredmedia":[{"embeddable":true,"href":"https:\/\/www.europesays.com\/es\/wp-json\/wp\/v2\/media\/164139"}],"wp:attachment":[{"href":"https:\/\/www.europesays.com\/es\/wp-json\/wp\/v2\/media?parent=164138"}],"wp:term":[{"taxonomy":"category","embeddable":true,"href":"https:\/\/www.europesays.com\/es\/wp-json\/wp\/v2\/categories?post=164138"},{"taxonomy":"post_tag","embeddable":true,"href":"https:\/\/www.europesays.com\/es\/wp-json\/wp\/v2\/tags?post=164138"}],"curies":[{"name":"wp","href":"https:\/\/api.w.org\/{rel}","templated":true}]}}