{"id":164165,"date":"2025-10-09T02:03:04","date_gmt":"2025-10-09T02:03:04","guid":{"rendered":"https:\/\/www.europesays.com\/es\/164165\/"},"modified":"2025-10-09T02:03:04","modified_gmt":"2025-10-09T02:03:04","slug":"ana-mena-cuenta-en-el-hormiguero-como-fue-su-estancia-en-un-hotel-erotico","status":"publish","type":"post","link":"https:\/\/www.europesays.com\/es\/164165\/","title":{"rendered":"Ana Mena cuenta en &#8216;El Hormiguero&#8217; c\u00f3mo fue su estancia en un hotel er\u00f3tico"},"content":{"rendered":"<p><img fetchpriority=\"high\" class=\"v-a-img\" src=\"https:\/\/www.europesays.com\/es\/wp-content\/uploads\/2025\/10\/ana-mena-hormiguero-kXtG-U2303317787610lCG-1200x840@El Correo.jpg\" loading=\"eager\" decoding=\"async\" alt=\"Ana Mena cuenta en 'El Hormiguero' c\u00f3mo fue su estancia en un hotel er\u00f3tico\"  width=\"1200\" height=\"840\"\/><\/p>\n<p>La cantante ha presentado su nuevo single, titulado &#8216;L\u00e1rgate&#8217;, que ver\u00e1 la luz el viernes 10 de octubre<\/p>\n<p class=\"v-mdl-ath__p v-mdl-ath__p--6\">\nMi\u00e9rcoles, 8 de octubre 2025, 22:34<\/p>\n<p>| Actualizado 22:45h.<\/p>\n<p class=\"v-p\">Ana Mena ha visitado este mi\u00e9rcoles &#8216;El Hormiguero&#8217;. Pablo Motos le ha preguntado sobre una de las canciones de su nuevo single, &#8216;L\u00e1rgate&#8217;. Es un tema que est\u00e1 dedicado \u00aba todos los que nos hacen putadas\u00bb, ha soltado la artista. De hecho, la artista la cant\u00f3 en directo en el programa. <\/p>\n<p class=\"v-p\">Motos ha comenzado haci\u00e9ndole preguntas directas. La primera era si en alguna ocasi\u00f3n ha robado algo. La cantante se ha sincerado: \u00abCuando ten\u00eda 13 a\u00f1os rob\u00e9 unos Donetes en un camping\u00bb. La segunda era algo m\u00e1s peliaguda. \u00bfQu\u00e9 canci\u00f3n famosa te parece horrorosa? Ana ha dicho &#8216;Call Me Maybe&#8217;, de Carly Rae Jepsen. \u00abNo la soporto\u00bb. El presentador tambi\u00e9n ha querido saber si la artista ha recurrido a aplicaciones para ligar. Un aspecto que no ha necesitado, ya que afirma que \u00abel Instagram es como Tinder\u00bb.<\/p>\n<p class=\"v-p\">Ana Mena ha presentado su nuevo single, titulado &#8216;L\u00e1rgate&#8217;, que ver\u00e1 la luz el viernes 10 de octubre. \u00abHay canciones personales, de enamorada, hay de todo&#8230;\u00bb, ha explicado la cantante, que ha estado dos a\u00f1os de gira con &#8216;Bellodrama&#8217;. La artista tambi\u00e9n ha hablado de la pel\u00edcula que pr\u00f3ximamente estrenar\u00e1 en cines, titulada &#8216;\u00cddolos&#8217;. Una pel\u00edcula en la que se convertir\u00e1 en tatuadora. De hecho, Ana ha desvelado que se ha hecho un tatuaje. Hasta ahora no ten\u00eda ninguno. Motos ha tratado de sonsacarle c\u00f3mo es, pero Ana le ha parado para que no indagara m\u00e1s. \u00abNo me tires de ah\u00ed\u00bb, le dec\u00eda, con una sonrisa. Lo \u00fanico que han obtenido es la ubicaci\u00f3n, en la zona de la ingle. <\/p>\n<p class=\"v-p\">La cantante tambi\u00e9n ha contado su experiencia en un hotel para adultos. Fue en Par\u00eds, donde le llev\u00f3 la productora Sony Music. \u00abEra un hotel er\u00f3tico. Entro y en la recepci\u00f3n hab\u00eda un Mickey Mouse\u00bb con el miembro erecto. Lo ha explicado con gestos para no decirlo de forma expl\u00edcita. Un establecimiento donde las alformbas ten\u00edan \u00abestampados de vaginas\u00bb. Tambi\u00e9n ten\u00eda cuadros er\u00f3ticos sobre la cama, un aspecto que a Ana no le gust\u00f3 mucho. <\/p>\n<p>Reporta un error<\/p>\n","protected":false},"excerpt":{"rendered":"La cantante ha presentado su nuevo single, titulado &#8216;L\u00e1rgate&#8217;, que ver\u00e1 la luz el viernes 10 de octubre&hellip;\n","protected":false},"author":2,"featured_media":164166,"comment_status":"","ping_status":"","sticky":false,"template":"","format":"standard","meta":{"footnotes":""},"categories":[174],"tags":[683,255,2196,146,147,48431,25,24,13306,256,17775,206,28018,23],"class_list":{"0":"post-164165","1":"post","2":"type-post","3":"status-publish","4":"format-standard","5":"has-post-thumbnail","7":"category-famosos","8":"tag-ana","9":"tag-celebrities","10":"tag-cuenta","11":"tag-entertainment","12":"tag-entretenimiento","13":"tag-erotico","14":"tag-es","15":"tag-espana","16":"tag-estancia","17":"tag-famosos","18":"tag-hormiguero","19":"tag-hotel","20":"tag-mena","21":"tag-spain"},"share_on_mastodon":{"url":"","error":""},"_links":{"self":[{"href":"https:\/\/www.europesays.com\/es\/wp-json\/wp\/v2\/posts\/164165","targetHints":{"allow":["GET"]}}],"collection":[{"href":"https:\/\/www.europesays.com\/es\/wp-json\/wp\/v2\/posts"}],"about":[{"href":"https:\/\/www.europesays.com\/es\/wp-json\/wp\/v2\/types\/post"}],"author":[{"embeddable":true,"href":"https:\/\/www.europesays.com\/es\/wp-json\/wp\/v2\/users\/2"}],"replies":[{"embeddable":true,"href":"https:\/\/www.europesays.com\/es\/wp-json\/wp\/v2\/comments?post=164165"}],"version-history":[{"count":0,"href":"https:\/\/www.europesays.com\/es\/wp-json\/wp\/v2\/posts\/164165\/revisions"}],"wp:featuredmedia":[{"embeddable":true,"href":"https:\/\/www.europesays.com\/es\/wp-json\/wp\/v2\/media\/164166"}],"wp:attachment":[{"href":"https:\/\/www.europesays.com\/es\/wp-json\/wp\/v2\/media?parent=164165"}],"wp:term":[{"taxonomy":"category","embeddable":true,"href":"https:\/\/www.europesays.com\/es\/wp-json\/wp\/v2\/categories?post=164165"},{"taxonomy":"post_tag","embeddable":true,"href":"https:\/\/www.europesays.com\/es\/wp-json\/wp\/v2\/tags?post=164165"}],"curies":[{"name":"wp","href":"https:\/\/api.w.org\/{rel}","templated":true}]}}