{"id":164179,"date":"2025-10-09T02:18:04","date_gmt":"2025-10-09T02:18:04","guid":{"rendered":"https:\/\/www.europesays.com\/es\/164179\/"},"modified":"2025-10-09T02:18:04","modified_gmt":"2025-10-09T02:18:04","slug":"la-asistencia-a-espectaculos-de-tauromaquia-baja-casi-dos-puntos-en-dos-decadas","status":"publish","type":"post","link":"https:\/\/www.europesays.com\/es\/164179\/","title":{"rendered":"La asistencia a espect\u00e1culos de tauromaquia baja casi dos puntos en dos d\u00e9cadas"},"content":{"rendered":"<p class=\"paragraph text-xl pb-7 w-full text-pretty [&amp;_a]:text-link-normal dark:[&amp;_a]:text-link-dark [&amp;_a]:decoration-1 [&amp;_a:hover]:underline [&amp;_a:hover]:text-link-hover [&amp;_a:hover]:decoration-2 [&amp;_b_a]:text-link-normal dark:[&amp;_b_a]:text-link-dark [&amp;_b_a]:decoration-1 [&amp;_b_a:hover]:underline [&amp;_b_a:hover]:text-link-hover desktop:leading-relaxed break-words font-serif\" data-original-text-size=\"text-xl\">La tauromaquia es pr\u00e1cticamente el \u00fanico sector que baja en consumo cultural en casi dos d\u00e9cadas, al pasar del 9,8% de asistencia a estos espect\u00e1culos en 2006 <b>al 8% actual<\/b>, seg\u00fan la Encuesta de H\u00e1bitos y Pr\u00e1cticas Culturales 2024-2025 del Ministerio de Cultura.<\/p>\n<p class=\"paragraph text-xl pb-7 w-full text-pretty [&amp;_a]:text-link-normal dark:[&amp;_a]:text-link-dark [&amp;_a]:decoration-1 [&amp;_a:hover]:underline [&amp;_a:hover]:text-link-hover [&amp;_a:hover]:decoration-2 [&amp;_b_a]:text-link-normal dark:[&amp;_b_a]:text-link-dark [&amp;_b_a]:decoration-1 [&amp;_b_a:hover]:underline [&amp;_b_a:hover]:text-link-hover desktop:leading-relaxed break-words font-serif\" data-original-text-size=\"text-xl\">En rueda de prensa para presentar esta encuesta, el secretario de Estado de Cultura, <b>Jordi Mart\u00ed Grau<\/b>, ha asegurado que ese descenso deja claro que \u00abla sensibilidad al <a href=\"https:\/\/www.publico.es\/tag\/maltrato-animal\" title=\"maltrato animal\" rel=\"nofollow noopener\" target=\"_blank\">maltrato animal<\/a> crece en la sociedad espa\u00f1ola\u00bb y se \u00abva contrayendo el acceso a los <a href=\"https:\/\/eldiariocantabria.publico.es\/articulo\/cantabria\/denuncian-participacion-menores-falta-seguridad-evento-taurino-celebrado-edilla\/20250917134104181965.html\" title=\"Denuncian la participaci\u00f3n de menores y falta de seguridad en un evento taurino celebrado en Rasines\" rel=\"nofollow noreferrer noopener\" target=\"_blank\">espect\u00e1culos taurinos<\/a>\u00ab.<\/p>\n<p class=\"paragraph text-xl pb-7 w-full text-pretty [&amp;_a]:text-link-normal dark:[&amp;_a]:text-link-dark [&amp;_a]:decoration-1 [&amp;_a:hover]:underline [&amp;_a:hover]:text-link-hover [&amp;_a:hover]:decoration-2 [&amp;_b_a]:text-link-normal dark:[&amp;_b_a]:text-link-dark [&amp;_b_a]:decoration-1 [&amp;_b_a:hover]:underline [&amp;_b_a:hover]:text-link-hover desktop:leading-relaxed break-words font-serif\" data-original-text-size=\"text-xl\">\u00abEsto es l\u00f3gico. La sensibilidad no es lo que ayer se reflej\u00f3 en el Congreso\u00bb, ha se\u00f1alado el secretario de Estado en referencia a la <a href=\"https:\/\/www.publico.es\/politica\/congreso\/ilp-antitaurina-cae-abstencion-sorpresa-psoe-votos-pp-vox.html\" title=\"La ILP antitaurina cae por la abstenci\u00f3n sorpresa del PSOE y los votos en contra de PP y Vox\" rel=\"nofollow noopener\" target=\"_blank\">Iniciativa Legislativa Popular (ILP)<\/a> para <b>quitar el estatus de patrimomio cultural a la tauromaqu\u00eda<\/b> que este martes fue rechazada en la C\u00e1mara Baja con los votos de PP, Vox y UPN y la abstenci\u00f3n del PSOE.<\/p>\n<p>Relacionado con este tema<\/p>\n<p class=\"paragraph text-xl pb-7 w-full text-pretty [&amp;_a]:text-link-normal dark:[&amp;_a]:text-link-dark [&amp;_a]:decoration-1 [&amp;_a:hover]:underline [&amp;_a:hover]:text-link-hover [&amp;_a:hover]:decoration-2 [&amp;_b_a]:text-link-normal dark:[&amp;_b_a]:text-link-dark [&amp;_b_a]:decoration-1 [&amp;_b_a:hover]:underline [&amp;_b_a:hover]:text-link-hover desktop:leading-relaxed break-words font-serif\" data-original-text-size=\"text-xl\">Ha a\u00f1adido que en la actualidad asiste una quinta parte menos de p\u00fablico a los toros y ha augurado que \u00ab<b>ese descenso seguir\u00e1 en el futuro<\/b> y ello apoya la idea de que es una actividad que deber\u00edamos ir restringiendo\u00bb.<\/p>\n<p class=\"paragraph text-xl pb-7 w-full text-pretty [&amp;_a]:text-link-normal dark:[&amp;_a]:text-link-dark [&amp;_a]:decoration-1 [&amp;_a:hover]:underline [&amp;_a:hover]:text-link-hover [&amp;_a:hover]:decoration-2 [&amp;_b_a]:text-link-normal dark:[&amp;_b_a]:text-link-dark [&amp;_b_a]:decoration-1 [&amp;_b_a:hover]:underline [&amp;_b_a:hover]:text-link-hover desktop:leading-relaxed break-words font-serif\" data-original-text-size=\"text-xl\">Por tanto, y seg\u00fan Cultura, el 20% de las personas que asist\u00edan a espect\u00e1culos de tauromaquia <b>han dejado de asistir<\/b>.<\/p>\n","protected":false},"excerpt":{"rendered":"La tauromaquia es pr\u00e1cticamente el \u00fanico sector que baja en consumo cultural en casi dos d\u00e9cadas, al pasar&hellip;\n","protected":false},"author":2,"featured_media":164180,"comment_status":"","ping_status":"","sticky":false,"template":"","format":"standard","meta":{"footnotes":""},"categories":[277],"tags":[6345,6814,373,28488,168,25,24,2793,23,167,625,374],"class_list":{"0":"post-164179","1":"post","2":"type-post","3":"status-publish","4":"format-standard","5":"has-post-thumbnail","7":"category-toreo","8":"tag-asistencia","9":"tag-baja","10":"tag-bullfighting","11":"tag-casi","12":"tag-deportes","13":"tag-es","14":"tag-espana","15":"tag-espectaculos","16":"tag-spain","17":"tag-sports","18":"tag-tauromaquia","19":"tag-toreo"},"share_on_mastodon":{"url":"","error":""},"_links":{"self":[{"href":"https:\/\/www.europesays.com\/es\/wp-json\/wp\/v2\/posts\/164179","targetHints":{"allow":["GET"]}}],"collection":[{"href":"https:\/\/www.europesays.com\/es\/wp-json\/wp\/v2\/posts"}],"about":[{"href":"https:\/\/www.europesays.com\/es\/wp-json\/wp\/v2\/types\/post"}],"author":[{"embeddable":true,"href":"https:\/\/www.europesays.com\/es\/wp-json\/wp\/v2\/users\/2"}],"replies":[{"embeddable":true,"href":"https:\/\/www.europesays.com\/es\/wp-json\/wp\/v2\/comments?post=164179"}],"version-history":[{"count":0,"href":"https:\/\/www.europesays.com\/es\/wp-json\/wp\/v2\/posts\/164179\/revisions"}],"wp:featuredmedia":[{"embeddable":true,"href":"https:\/\/www.europesays.com\/es\/wp-json\/wp\/v2\/media\/164180"}],"wp:attachment":[{"href":"https:\/\/www.europesays.com\/es\/wp-json\/wp\/v2\/media?parent=164179"}],"wp:term":[{"taxonomy":"category","embeddable":true,"href":"https:\/\/www.europesays.com\/es\/wp-json\/wp\/v2\/categories?post=164179"},{"taxonomy":"post_tag","embeddable":true,"href":"https:\/\/www.europesays.com\/es\/wp-json\/wp\/v2\/tags?post=164179"}],"curies":[{"name":"wp","href":"https:\/\/api.w.org\/{rel}","templated":true}]}}