{"id":164187,"date":"2025-10-09T02:26:09","date_gmt":"2025-10-09T02:26:09","guid":{"rendered":"https:\/\/www.europesays.com\/es\/164187\/"},"modified":"2025-10-09T02:26:09","modified_gmt":"2025-10-09T02:26:09","slug":"rulo-se-sincera-sobre-la-perdida-de-su-hijo-andy-la-vida-te-da","status":"publish","type":"post","link":"https:\/\/www.europesays.com\/es\/164187\/","title":{"rendered":"Rulo se sincera sobre la p\u00e9rdida de su hijo Andy: \u00abLa vida te da\u00bb"},"content":{"rendered":"<p data-start=\"199\" data-end=\"822\">El cantante c\u00e1ntabro <a href=\"https:\/\/www.instagram.com\/ruloylacontrabanda_oficial\/?hl=es\" target=\"_blank\" rel=\"nofollow noopener noreferrer\">Ra\u00fal Guti\u00e9rrez<\/a>, conocido art\u00edsticamente como <strong data-start=\"265\" data-end=\"273\">Rulo<\/strong>, ha acudido al programa Herrera en COPE para participar en la secci\u00f3n Un caf\u00e9 con Alberto, conducida por <strong data-start=\"393\" data-end=\"412\">Alberto Herrera<\/strong>. Desde su tierra, <strong data-start=\"431\" data-end=\"444\">Santander<\/strong>, el m\u00fasico de <strong data-start=\"459\" data-end=\"470\">Reinosa<\/strong> ha repasado su trayectoria profesional y personal, dejando al descubierto un lado \u00edntimo y profundamente humano. Con la voz entre la serenidad y la emoci\u00f3n, ha hablad de su carrera, de los altibajos que ha enfrentado y, sobre todo, del golpe m\u00e1s devastador de su vida: la p\u00e9rdida de su hijo <strong data-start=\"753\" data-end=\"761\">Andy<\/strong>, fallecido hace apenas cuatro meses, con tan solo tres a\u00f1os.<\/p>\n<p data-start=\"824\" data-end=\"1437\">Durante la entrevista, uno de los momentos m\u00e1s conmovedores ha sido cuando Rulo ha explicado el significado de los tatuajes que lleva grabados en los dedos de su mano derecha. Cada letra forma la palabra <strong data-start=\"1021\" data-end=\"1029\">AMOR<\/strong>, un homenaje visible a las cuatro personas m\u00e1s importantes de su vida. \u00abLa A es por Andy, mi hijo peque\u00f1o; la M, por Mar\u00eda, mi mujer; la O, por Oliver, mi hijo mediano; y la R, por Ruth, mi hija mayor\u00bb, ha explicado con ternura. El detalle del nombre de su hijo menor es especialmente simb\u00f3lico: \u00abLe dec\u00eda a Mar\u00eda que fuera ni\u00f1o o ni\u00f1a, el nombre ten\u00eda que empezar por A, para completar la palabra AMOR\u00bb.<\/p>\n<blockquote class=\"instagram-media\" style=\"background: #FFF; border: 0; border-radius: 3px; box-shadow: 0 0 1px 0 rgba(0,0,0,0.5),0 1px 10px 0 rgba(0,0,0,0.15); margin: 1px; max-width: 540px; min-width: 326px; padding: 0; width: calc(100% - 2px);\" data-instgrm-captioned=\"\" data-instgrm-permalink=\"https:\/\/www.instagram.com\/p\/DEQSCMpApkm\/?utm_source=ig_embed&amp;utm_campaign=loading\" data-instgrm-version=\"14\">\n<\/blockquote>\n<p data-start=\"1439\" data-end=\"1955\">Esa palabra resume todo lo que el artista est\u00e1 viviendo: <strong>una etapa marcada por el dolor, pero tambi\u00e9n por la gratitud y la esperanza. <\/strong>\u00abLa vida te da, te quita, te zarandea. Te mete muchos palos, pero tambi\u00e9n te regala cosas maravillosas\u00bb, ha reflexionado. Ante la adversidad, asegura que uno debe decidir si avanza hacia la luz o se deja arrastrar por la oscuridad. \u00abHay dos opciones -ha dicho-: o te vas hacia la luz y hacia la vida, o te vas hacia la oscuridad. <strong>Si entras mucho en la oscuridad, luego es muy dif\u00edcil salir\u00bb<\/strong>.<\/p>\n<p data-start=\"231\" data-end=\"685\">La m\u00fasica, compa\u00f1era fiel en cada etapa de su vida, se ha convertido para \u00e9l en un refugio, aunque no siempre en una v\u00eda inmediata para expresar lo que siente. <strong>\u00abCuando estoy muy triste, no me salen canciones\u00bb<\/strong>, confiesa, \u00abpero esos momentos son el caldo de cultivo de las que nacer\u00e1n despu\u00e9s\u00bb. Rulo cita una frase de Nacho Cano que resume perfectamente su forma de entender el arte: <strong>\u00abDe todas las artes, la m\u00fasica es la que llega m\u00e1s profundo al coraz\u00f3n\u00bb<\/strong>.<\/p>\n<blockquote class=\"instagram-media\" style=\"background: #FFF; border: 0; border-radius: 3px; box-shadow: 0 0 1px 0 rgba(0,0,0,0.5),0 1px 10px 0 rgba(0,0,0,0.15); margin: 1px; max-width: 540px; min-width: 326px; padding: 0; width: calc(100% - 2px);\" data-instgrm-captioned=\"\" data-instgrm-permalink=\"https:\/\/www.instagram.com\/p\/DMdpGJEA2bm\/?utm_source=ig_embed&amp;utm_campaign=loading\" data-instgrm-version=\"14\">\n<\/blockquote>\n<p data-start=\"2863\" data-end=\"3437\">En el terreno personal, el artista ha encontrado consuelo en su familia y en el cari\u00f1o de amigos como <a href=\"https:\/\/okdiario.com\/look\/actualidad\/incendio-cadiz-amenaza-casas-imanol-arias-dani-martin-vip-alli-2355242\" rel=\"nofollow noopener\" target=\"_blank\"><strong data-start=\"2965\" data-end=\"2980\">Dani Mart\u00edn<\/strong><\/a>, a quien considera su hermano. Fue \u00e9l mismo quien, tras la tr\u00e1gica muerte de Andy el pasado mayo, lo acompa\u00f1\u00f3 en silencio y con gestos de apoyo. Ese fat\u00eddico 23 de mayo, Rulo acababa de actuar en <strong data-start=\"3177\" data-end=\"3188\">Bangkok<\/strong> cuando recibi\u00f3 la noticia. Pese al dolor insoportable, decidi\u00f3 continuar con sus compromisos y subi\u00f3 al escenario en <strong data-start=\"3306\" data-end=\"3323\">San Sebasti\u00e1n<\/strong> apenas una semana despu\u00e9s, citando al poeta Ovidio: \u00abS\u00e9 paciente y fuerte; alg\u00fan d\u00eda este dolor te ser\u00e1 \u00fatil\u00bb.<\/p>\n<p data-start=\"2349\" data-end=\"2861\">Rulo tambi\u00e9n ha hablado de su trayectoria profesional, marcada por una ruptura dolorosa: su salida de <strong data-start=\"2446\" data-end=\"2457\">La Fuga<\/strong>, <a href=\"https:\/\/www.instagram.com\/lafugaoficial\/?hl=es\" target=\"_blank\" rel=\"nofollow noopener noreferrer\">la banda que \u00e9l mismo fund\u00f3 y con la que alcanz\u00f3 la fama.<\/a> \u00abFue mi gran desamor\u00bb, confiesa. \u00abEra como irte de tu propia casa. No me fui porque quisiera, me fui porque ya estaba roto\u00bb. De ese vac\u00edo naci\u00f3 <strong data-start=\"2660\" data-end=\"2685\">Rulo y la Contrabanda<\/strong>, proyecto que lleva 15 a\u00f1os de vida y que ha consolidado una nueva etapa creativa. \u00abSoy un hombre de banda\u00bb, asegura, orgulloso de mantener el mismo equipo desde el principio.<\/p>\n<p>\t\t\t\t\t\t\t<script async src=\"\/\/www.instagram.com\/embed.js\"><\/script><\/p>\n","protected":false},"excerpt":{"rendered":"El cantante c\u00e1ntabro Ra\u00fal Guti\u00e9rrez, conocido art\u00edsticamente como Rulo, ha acudido al programa Herrera en COPE para participar&hellip;\n","protected":false},"author":2,"featured_media":164188,"comment_status":"","ping_status":"","sticky":false,"template":"","format":"standard","meta":{"footnotes":""},"categories":[174],"tags":[255,146,147,25,24,256,2049,23],"class_list":{"0":"post-164187","1":"post","2":"type-post","3":"status-publish","4":"format-standard","5":"has-post-thumbnail","7":"category-famosos","8":"tag-celebrities","9":"tag-entertainment","10":"tag-entretenimiento","11":"tag-es","12":"tag-espana","13":"tag-famosos","14":"tag-rulo","15":"tag-spain"},"share_on_mastodon":{"url":"","error":""},"_links":{"self":[{"href":"https:\/\/www.europesays.com\/es\/wp-json\/wp\/v2\/posts\/164187","targetHints":{"allow":["GET"]}}],"collection":[{"href":"https:\/\/www.europesays.com\/es\/wp-json\/wp\/v2\/posts"}],"about":[{"href":"https:\/\/www.europesays.com\/es\/wp-json\/wp\/v2\/types\/post"}],"author":[{"embeddable":true,"href":"https:\/\/www.europesays.com\/es\/wp-json\/wp\/v2\/users\/2"}],"replies":[{"embeddable":true,"href":"https:\/\/www.europesays.com\/es\/wp-json\/wp\/v2\/comments?post=164187"}],"version-history":[{"count":0,"href":"https:\/\/www.europesays.com\/es\/wp-json\/wp\/v2\/posts\/164187\/revisions"}],"wp:featuredmedia":[{"embeddable":true,"href":"https:\/\/www.europesays.com\/es\/wp-json\/wp\/v2\/media\/164188"}],"wp:attachment":[{"href":"https:\/\/www.europesays.com\/es\/wp-json\/wp\/v2\/media?parent=164187"}],"wp:term":[{"taxonomy":"category","embeddable":true,"href":"https:\/\/www.europesays.com\/es\/wp-json\/wp\/v2\/categories?post=164187"},{"taxonomy":"post_tag","embeddable":true,"href":"https:\/\/www.europesays.com\/es\/wp-json\/wp\/v2\/tags?post=164187"}],"curies":[{"name":"wp","href":"https:\/\/api.w.org\/{rel}","templated":true}]}}