{"id":164195,"date":"2025-10-09T02:37:09","date_gmt":"2025-10-09T02:37:09","guid":{"rendered":"https:\/\/www.europesays.com\/es\/164195\/"},"modified":"2025-10-09T02:37:09","modified_gmt":"2025-10-09T02:37:09","slug":"los-picos-de-desnutricion-en-gaza-coinciden-con-los-bloqueos","status":"publish","type":"post","link":"https:\/\/www.europesays.com\/es\/164195\/","title":{"rendered":"Los picos de desnutrici\u00f3n en Gaza coinciden con los bloqueos"},"content":{"rendered":"<p>El estudio se apoya en datos de calidad y metodolog\u00eda adecuada dadas las limitaciones del contexto b\u00e9lico. El hecho de que sea longitudinal durante m\u00e1s de 1,5 a\u00f1os y la inclusi\u00f3n de m\u00faltiples puntos de recogida de datos da solidez al estudio, pudiendo estimar que los datos reflejan tendencias reales de malnutrici\u00f3n en la poblaci\u00f3n preescolar.<\/p>\n<p>En comparaci\u00f3n con trabajos previos sobre malnutrici\u00f3n infantil en Gaza, este estudio aporta informaci\u00f3n longitudinal y de calidad sobre los efectos de la guerra y las restricciones humanitarias en la prevalencia de desnutrici\u00f3n aguda. Destaca como novedad la capacidad de vincular aumentos y disminuciones de la malnutrici\u00f3n con eventos concretos (bloqueos, env\u00edos de ayuda, ceses de fuego), mostrando diferencias seg\u00fan edad y ubicaci\u00f3n geogr\u00e1fica, lo que permite una comprensi\u00f3n m\u00e1s detallada de la din\u00e1mica del hambre en contextos de conflicto.<\/p>\n<p>Las limitaciones est\u00e1n bien definidas, como el hecho de un sesgo de selecci\u00f3n al incluir solo a ni\u00f1os\/as que acudieron a los centros incluidos en el estudio, pero aun as\u00ed los resultados son muy relevantes para la pr\u00e1ctica y para el an\u00e1lisis del impacto del conflicto en la malnutrici\u00f3n infantil. Esto subraya la necesidad de intervenciones r\u00e1pidas y sostenidas de ayuda humanitaria, monitoreo continuo y priorizaci\u00f3n de grupos vulnerables, as\u00ed como la coordinaci\u00f3n internacional para garantizar la seguridad alimentaria y sanitaria en contextos de conflicto prolongado.<\/p>\n","protected":false},"excerpt":{"rendered":"El estudio se apoya en datos de calidad y metodolog\u00eda adecuada dadas las limitaciones del contexto b\u00e9lico. El&hellip;\n","protected":false},"author":2,"featured_media":164196,"comment_status":"","ping_status":"","sticky":false,"template":"","format":"standard","meta":{"footnotes":""},"categories":[42],"tags":[17,18,16436,13,14,694,11,61,62,63,64,19,20,9,10,15,16,1452,12,21,22,12353,65,66,67],"class_list":{"0":"post-164195","1":"post","2":"type-post","3":"status-publish","4":"format-standard","5":"has-post-thumbnail","7":"category-internacional","8":"tag-breaking-news","9":"tag-breakingnews","10":"tag-epidemiologia","11":"tag-featured-news","12":"tag-featurednews","13":"tag-gaza","14":"tag-headlines","15":"tag-internacional","16":"tag-international","17":"tag-international-news","18":"tag-internationalnews","19":"tag-latest-news","20":"tag-latestnews","21":"tag-news","22":"tag-noticias","23":"tag-noticias-destacadas","24":"tag-noticiasdestacadas","25":"tag-salud-publica","26":"tag-titulares","27":"tag-ultimas-noticias","28":"tag-ultimasnoticias","29":"tag-urgencias","30":"tag-world","31":"tag-world-news","32":"tag-worldnews"},"share_on_mastodon":{"url":"","error":""},"_links":{"self":[{"href":"https:\/\/www.europesays.com\/es\/wp-json\/wp\/v2\/posts\/164195","targetHints":{"allow":["GET"]}}],"collection":[{"href":"https:\/\/www.europesays.com\/es\/wp-json\/wp\/v2\/posts"}],"about":[{"href":"https:\/\/www.europesays.com\/es\/wp-json\/wp\/v2\/types\/post"}],"author":[{"embeddable":true,"href":"https:\/\/www.europesays.com\/es\/wp-json\/wp\/v2\/users\/2"}],"replies":[{"embeddable":true,"href":"https:\/\/www.europesays.com\/es\/wp-json\/wp\/v2\/comments?post=164195"}],"version-history":[{"count":0,"href":"https:\/\/www.europesays.com\/es\/wp-json\/wp\/v2\/posts\/164195\/revisions"}],"wp:featuredmedia":[{"embeddable":true,"href":"https:\/\/www.europesays.com\/es\/wp-json\/wp\/v2\/media\/164196"}],"wp:attachment":[{"href":"https:\/\/www.europesays.com\/es\/wp-json\/wp\/v2\/media?parent=164195"}],"wp:term":[{"taxonomy":"category","embeddable":true,"href":"https:\/\/www.europesays.com\/es\/wp-json\/wp\/v2\/categories?post=164195"},{"taxonomy":"post_tag","embeddable":true,"href":"https:\/\/www.europesays.com\/es\/wp-json\/wp\/v2\/tags?post=164195"}],"curies":[{"name":"wp","href":"https:\/\/api.w.org\/{rel}","templated":true}]}}