{"id":164197,"date":"2025-10-09T02:38:06","date_gmt":"2025-10-09T02:38:06","guid":{"rendered":"https:\/\/www.europesays.com\/es\/164197\/"},"modified":"2025-10-09T02:38:06","modified_gmt":"2025-10-09T02:38:06","slug":"moreno-bonilla-anuncia-la-dimision-de-la-consejera-de-salud-de-andalucia-por-la-crisis-de-los-cribados-sociedad","status":"publish","type":"post","link":"https:\/\/www.europesays.com\/es\/164197\/","title":{"rendered":"Moreno Bonilla anuncia la dimisi\u00f3n de la consejera de Salud de Andaluc\u00eda por la crisis de los cribados | Sociedad"},"content":{"rendered":"<p class=\"\">El presidente de la Junta de Andaluc\u00eda, Juan Manuel Moreno, ha aceptado la dimisi\u00f3n que esta tarde le ha presentado su consejera de Salud, Roc\u00edo Hern\u00e1ndez, principal se\u00f1alada en el esc\u00e1ndalo por los retrasos en <a href=\"https:\/\/elpais.com\/sociedad\/2025-10-08\/la-junta-dice-que-necesitara-casi-dos-meses-para-subsanar-el-fallo-en-los-cribados-del-cancer.html\" target=\"_self\" rel=\"nofollow noopener\" title=\"https:\/\/elpais.com\/sociedad\/2025-10-08\/la-junta-dice-que-necesitara-casi-dos-meses-para-subsanar-el-fallo-en-los-cribados-del-cancer.html\">el cribado de c\u00e1ncer de mama.<\/a> El dirigente popular se ha visto obligado a tomar una decisi\u00f3n, a la que se hab\u00eda resistido durante toda la semana pasada, cuando empezaron a trascender los casos de mujeres afectadas, ante las dimensiones de una crisis, que no han parado de crecer y que por primera vez han desbordado la capacidad de reacci\u00f3n y de resiliencia de Moreno, desde que hace casi ocho a\u00f1os llegara al Gobierno aut\u00f3nomo<\/p>\n<p class=\"\">\u201cHa gestionado con sus errores y aciertos, pero con una honestidad y una entrega fuera de lugar a dudas\u201d, ha dicho Moreno, que ha tratado de justificar lo complicado que es gestionar el Sistema Andaluz de Salud, el mayor de Espa\u00f1a. \u201cResulta comprensible que en un sistema tan complejo haya errores, incidencias. Lo dif\u00edcil de entender es que hayan sido las propias afectadas las que hayan tenido que alertar <a href=\"https:\/\/elpais.com\/sociedad\/2025-10-07\/decenas-de-mujeres-se-unen-para-llevar-a-la-justicia-el-escandalo-de-las-mamografias-nadie-las-habia-escuchado.html\" target=\"_self\" rel=\"nofollow noopener\" title=\"https:\/\/elpais.com\/sociedad\/2025-10-07\/decenas-de-mujeres-se-unen-para-llevar-a-la-justicia-el-escandalo-de-las-mamografias-nadie-las-habia-escuchado.html\">del problema\u201d, <\/a>ha reconocido el presidente andaluz, que tambi\u00e9n ha anunciado una renovaci\u00f3n profunda del sistema sanitario. \u201cAuditaremos todo lo que haga falta auditar y cambiaremos todo aquello que detectemos que no funciona en la sanidad p\u00fablica\u201d, ha dicho en una comparecencia anunciada apenas con media hora de antelaci\u00f3n y sin preguntas. <\/p>\n<p>M\u00e1s informaci\u00f3n<\/p>\n<p class=\"\">El presidente andaluz descart\u00f3 su cese hace una semana. Apremi\u00f3 a su consejera a \u201cafanarse en localizar los errores\u201d, \u201cdedicarse en cuerpo y alma a su trabajo\u201d y \u201ctrabajar con m\u00e1s eficacia\u201d, pero desech\u00f3 el cambio porque, seg\u00fan explic\u00f3, \u201cno se debe abrir una crisis de gesti\u00f3n\u201d en la consejer\u00eda, la de mayor presupuesto de todas, \u201cni est\u00e1 para \u201cvaivenes, cambios y modificaciones\u201d.<\/p>\n<p><img decoding=\"auto\" class=\"_re lazyload a_m-h\" height=\"277\"  width=\"414\"  src=\"https:\/\/www.europesays.com\/es\/wp-content\/uploads\/2025\/10\/OWZE4GLFYZD6VP7VJPUW2WA4QA.jpg\" loading=\"lazy\"\/>Cora Calzada, operada de mastectom\u00eda bilateral, durante la manifestaci\u00f3n  este mi\u00e9rcoles.<br \/>\nPACO PUENTES<\/p>\n<p class=\"\">Una semana despu\u00e9s, sin embargo, la sucesi\u00f3n de denuncias ante la Fiscal\u00eda, tanto de organizaciones civiles, como de partidos pol\u00edticos, el anuncio de otra demanda por parte de las mujeres v\u00edctimas de c\u00e1ncer de mama, pero sobre todo el goteo de testimonios de pacientes que han desarrollado el tumor en estos meses sin haber conocido el resultado del cribado o angustiadas porque no saben si su screening era negativo o pod\u00eda ser dudoso, han hecho la situaci\u00f3n insostenible. Un ejemplo de esa indignaci\u00f3n se ha visto esta misma tarde cuando miles de personas se han concentrado frente a la sede del Servicio Andaluz de Salud, para protestar por la reacci\u00f3n de la Junta ante las denuncias de estas mujeres, hasta el punto de gritar la dimisi\u00f3n de Moreno, algo que jam\u00e1s se hab\u00eda escuchado en las m\u00faltiples manifestaciones en favor de la sanidad p\u00fablica convocadas por Marea Blanca.<\/p>\n<p class=\"\">Moreno ha comenzado su intervenci\u00f3n explicando las medidas que ha adoptado su Gobierno en esta \u00faltima semana a trav\u00e9s de un plan de choque que ha sido presentado esta ma\u00f1ana por la portavoz de la Junta y no por la consejera de Salud, ausente de la vida p\u00fablica desde que el pasado viernes asegur\u00f3 que no iba a dimitir \u201cporque era lo f\u00e1cil\u201d. El presidente ha recordado que se va a revisar a todas las mujeres con diagn\u00f3stico dudoso antes del 30 de noviembre, con la incorporaci\u00f3n de 119 nuevos profesionales, la mayor\u00eda radi\u00f3logos, que trabajar\u00e1n por las tardes y los fines de semana, gracias a la inyecci\u00f3n de 12 millones de euros.<\/p>\n<p class=\"\">La ausencia de Hern\u00e1ndez en la rueda de prensa posterior del Consejo ha sido muy llamativa. La portavoz del Gobierno, Carolina Espa\u00f1a, la excus\u00f3 por estar en una reuni\u00f3n con los responsables del Virgen del Roc\u00edo, pero parece m\u00e1s bien que se opt\u00f3 por no correr m\u00e1s riesgos de exposici\u00f3n p\u00fablica.<\/p>\n<p class=\"\">Hern\u00e1ndez (Irun, Gipuzkoa, 54 a\u00f1os), estaba especializada en pediatr\u00eda y era la tercera consejera que pasaba por la cartera de Salud, la que m\u00e1s quebraderos de cabeza le ha dado a Moreno desde que es presidente de la Junta. Lleg\u00f3 al Gobierno a finales de julio de 2024 con la vitola de gerente, todo lo contrario que sus antecesores, Jes\u00fas Aguirre \u2014ahora presidente del Parlamento andaluz\u2014 y Catalina Garc\u00eda \u2014actual consejera de Medio Ambiente\u2014 todos con un marcado perfil pol\u00edtico. Con su experiencia en la gesti\u00f3n sanitaria, Moreno quer\u00eda tratar de encauzar el \u00e1rea que se hab\u00eda convertido en el principal ariete de la oposici\u00f3n y tambi\u00e9n el principal exponente del descontento de los ciudadanos.<\/p>\n<p class=\"\">Las listas de espera, el colapso en la atenci\u00f3n primaria o la investigaci\u00f3n en dos juzgados de los presuntos abusos de la contrataci\u00f3n de emergencia y el fraccionamiento de contratos, eran los asuntos que normalmente han focalizado las sesiones de control en la C\u00e1mara auton\u00f3mica. Por eso, en un primer momento, desde su equipo se fue muy categ\u00f3rico a la hora de descartar una dimisi\u00f3n en la cartera de Salud, a menos de nueve meses de las elecciones, para no evidenciar un nuevo fracaso en la forma de lidiar con la sanidad p\u00fablica. \u201cPuede ser siesa, pero es una gran gestora\u201d, dec\u00edan en el entorno del presidente.<\/p>\n<p><img decoding=\"auto\" class=\"_re lazyload a_m-h\" height=\"277\"  width=\"414\"  src=\"https:\/\/www.europesays.com\/es\/wp-content\/uploads\/2025\/10\/SXPY2ZTJWRBGRHTXINCGKLX574.jpg\" loading=\"lazy\"\/>Momento de la manifestaci\u00f3n, frente a la Consejer\u00eda de Sanidad de la Junta.PACO PUENTES<\/p>\n<p class=\"\">Sin embargo, en el escaso a\u00f1o que ha estado al frente de la Consejer\u00eda de Salud es su falta de cintura pol\u00edtica y su aparente frialdad la que ha descolocado a sus propios compa\u00f1eros de Gobierno. Ese d\u00e9ficit de empat\u00eda ha sido crucial en el desenlace de la crisis de los cribados de c\u00e1ncer de mama. Tras los primeros testimonios, ella respondi\u00f3 limit\u00e1ndolos a \u201ctres casos puntuales\u201d, para luego acusar a las mujeres de alarmistas y de estar politizadas, por haberse reunido con el PSOE.<\/p>\n<p class=\"\">Tuvo que ser el propio Moreno quien primero se vio obligado a pedir perd\u00f3n a las mujeres durante la rueda posterior al Consejo de Gobierno del pasado mi\u00e9rcoles, que estaba prevista para poder presumir de la inauguraci\u00f3n de las Atarazanas, un proyecto cultural estancado durante a\u00f1os, y del anuncio de sus rebajas fiscales. El presidente de la Junta se ha visto obligado a tomar las riendas de la gesti\u00f3n de esta crisis y por primera vez tambi\u00e9n ha cometido deslices un tanto sorprendentes, como el de sostener que a las mujeres cuyos cribados hab\u00edan salido dudosos no se les informaba para no generarles \u201cansiedad\u201d. <\/p>\n<p class=\"\">La crisis del cribado ha conseguido desestabilizar la apacible tranquilidad con la que discurr\u00eda Moreno y su mayor\u00eda absoluta, que apenas se hab\u00eda visto desgastado por los casos de los contratos \u2014donde sus tres gerentes del SAS est\u00e1n imputados\u2014 o el colapso sanitario, gracias en parte a una oposici\u00f3n que tampoco ha sabido inquietar al dirigente popular. El malestar ha explotado esta misma tarde en el centro de Sevilla, donde se han reunido miles de personas en una concentraci\u00f3n convocada apenas 48 horas antes y en la que todo tipo de ciudadanos \u2014enfermas de c\u00e1ncer, familiares de pacientes oncol\u00f3gicos, pero tambi\u00e9n j\u00f3venes y mayores perfectamente sanos\u2014 han coreado gritos de dimisi\u00f3n que no solo se\u00f1alaban a la consejera, sino tambi\u00e9n al presidente de la Junta.<\/p>\n<p><img decoding=\"auto\" class=\"_re lazyload a_m-h\" height=\"277\"  width=\"414\"  src=\"https:\/\/www.europesays.com\/es\/wp-content\/uploads\/2025\/10\/2PCOPSUH5VAV7KI72HCTDPEIME.jpg\" loading=\"lazy\"\/>Una asistente a la marcha, protesta por el cribado del c\u00e1ncer de mama.PACO PUENTESUn problema de modelo sanitario<\/p>\n<p class=\"\">Al PSOE, principal grupo de la oposici\u00f3n, le ha sabido poco la dimisi\u00f3n de la consejera, que ma\u00f1ana ten\u00eda que contestar hasta ocho preguntas de los grupos parlamentarios en la sesi\u00f3n de control. En un mensaje en sus redes sociales, la portavoz y vicesecretaria general del PSOE andaluz, Mar\u00eda M\u00e1rquez, ha escrito: \u201cMoreno Bonilla en una comparecencia plagada de mentiras sigue culpando a las mujeres, a los profesionales sanitarios y a los gobiernos anteriores. No nos vale la dimisi\u00f3n de la consejera, hoy el grito de Ya las andaluzas en las calles es que se vaya usted, se\u00f1or Moreno. El da\u00f1o es irreparable\u201d.<\/p>\n<p class=\"\">En la misma l\u00ednea, el portavoz del grupo mixto-Adelante Andaluc\u00eda, Jos\u00e9 Ignacio Garc\u00eda, ha afirmado: \u201cEl problema no es uno, dos, tres o cuatro consejeros de salud. El problema es el Partido Popular y el modelo sanitario del se\u00f1or Moreno Bonilla. Llevan a\u00f1os desmantelando la sanidad p\u00fablica, privatiz\u00e1ndola paso a paso y esto del cribado de c\u00e1ncer de mamas es la punta del iceberg de lo que est\u00e1n haciendo con la sanidad p\u00fablica que est\u00e1 costando vidas de la gente \u00bfpretenden que los andaluces nos callemos porque haya cesado a su tercera consejera de salud? \u00bfPretenden que nos callemos por un plan de choque que llega tarde y no va a solucionar los problemas? Lo que hace falta en un modelo sanitario radicalmente diferente que no mande ni un euro de dinero p\u00fablico a la sanidad privada\u201d.<\/p>\n<p class=\"\">Tambi\u00e9n Vox lo ha se\u00f1alado como el m\u00e1ximo responsable. El pleno del Parlamento, te\u00f1ido por la crisis de los cribados, ha vivido momentos de mucha tensi\u00f3n entre los grupos por la decisi\u00f3n de su presidente, Jes\u00fas Aguirre, de impedir y luego autorizar una votaci\u00f3n para que se incluyera un debate general sobre los problemas de detecci\u00f3n.<\/p>\n<p class=\"\">Los sindicatos, que tambi\u00e9n han manifestado su descontento por las formas fr\u00edas de la consejera ya dimitida, van m\u00e1s all\u00e1 del abandono de su cargo y reclaman que su sucesor aborde, de verdad, los grandes cambios que requiere el actual sistema de salud andaluz. \u201cNo pod\u00eda seguir al frente de la Consejer\u00eda, pero quien la releve debe afrontar con decisi\u00f3n el problema que le ha costado el puesto a su antecesora, atendiendo a sus causas \u00faltimas y solucionando los problemas de fondo que lo han provocado\u201d, indica a este diario Rafael Ojeda, presidente del Sindicato M\u00e9dico Andaluz, para quien es esencial que aborde las carencias del sistema p\u00fablico de salud para garantizar su calidad y que se trate con transparencia el problema del colapso de las pruebas diagn\u00f3sticas. Antonio Mac\u00edas, responsable de Sanidad de UGT-Andaluc\u00eda, considera que el cese de Hern\u00e1ndez es \u201cuna nueva oportunidad para el presidente de la Junta de Andaluc\u00eda de revertir la delicad\u00edsima situaci\u00f3n de nuestro sistema sanitario p\u00fablico\u201d. <\/p>\n<p><img decoding=\"auto\" class=\"_re lazyload a_m-h\" height=\"277\"  width=\"414\"  src=\"https:\/\/www.europesays.com\/es\/wp-content\/uploads\/2025\/10\/ERXYF74VKJBOPNBQDI3LXO3G44.jpg\" loading=\"lazy\"\/>Concetraci\u00f3n en Sevilla por los fallos en el sistema de cribado de c\u00e1ncer de mama en Andaluc\u00eda.<br \/>\nPACO PUENTES<\/p>\n","protected":false},"excerpt":{"rendered":"El presidente de la Junta de Andaluc\u00eda, Juan Manuel Moreno, ha aceptado la dimisi\u00f3n que esta tarde le&hellip;\n","protected":false},"author":2,"featured_media":164198,"comment_status":"","ping_status":"","sticky":false,"template":"","format":"standard","meta":{"footnotes":""},"categories":[8],"tags":[259,17,18,1066,17019,25,24,13,14,11,48436,19,20,4044,9,10,15,16,956,166,1811,17109,1171,492,23,12,21,22],"class_list":{"0":"post-164197","1":"post","2":"type-post","3":"status-publish","4":"format-standard","5":"has-post-thumbnail","7":"category-espana","8":"tag-andalucia","9":"tag-breaking-news","10":"tag-breakingnews","11":"tag-cancer","12":"tag-cancer-mama","13":"tag-es","14":"tag-espana","15":"tag-featured-news","16":"tag-featurednews","17":"tag-headlines","18":"tag-jose-manuel-moreno","19":"tag-latest-news","20":"tag-latestnews","21":"tag-mujeres","22":"tag-news","23":"tag-noticias","24":"tag-noticias-destacadas","25":"tag-noticiasdestacadas","26":"tag-pp","27":"tag-salud","28":"tag-sanidad","29":"tag-sanidad-publica","30":"tag-sevilla","31":"tag-sociedad","32":"tag-spain","33":"tag-titulares","34":"tag-ultimas-noticias","35":"tag-ultimasnoticias"},"share_on_mastodon":{"url":"","error":""},"_links":{"self":[{"href":"https:\/\/www.europesays.com\/es\/wp-json\/wp\/v2\/posts\/164197","targetHints":{"allow":["GET"]}}],"collection":[{"href":"https:\/\/www.europesays.com\/es\/wp-json\/wp\/v2\/posts"}],"about":[{"href":"https:\/\/www.europesays.com\/es\/wp-json\/wp\/v2\/types\/post"}],"author":[{"embeddable":true,"href":"https:\/\/www.europesays.com\/es\/wp-json\/wp\/v2\/users\/2"}],"replies":[{"embeddable":true,"href":"https:\/\/www.europesays.com\/es\/wp-json\/wp\/v2\/comments?post=164197"}],"version-history":[{"count":0,"href":"https:\/\/www.europesays.com\/es\/wp-json\/wp\/v2\/posts\/164197\/revisions"}],"wp:featuredmedia":[{"embeddable":true,"href":"https:\/\/www.europesays.com\/es\/wp-json\/wp\/v2\/media\/164198"}],"wp:attachment":[{"href":"https:\/\/www.europesays.com\/es\/wp-json\/wp\/v2\/media?parent=164197"}],"wp:term":[{"taxonomy":"category","embeddable":true,"href":"https:\/\/www.europesays.com\/es\/wp-json\/wp\/v2\/categories?post=164197"},{"taxonomy":"post_tag","embeddable":true,"href":"https:\/\/www.europesays.com\/es\/wp-json\/wp\/v2\/tags?post=164197"}],"curies":[{"name":"wp","href":"https:\/\/api.w.org\/{rel}","templated":true}]}}