{"id":164217,"date":"2025-10-09T03:01:07","date_gmt":"2025-10-09T03:01:07","guid":{"rendered":"https:\/\/www.europesays.com\/es\/164217\/"},"modified":"2025-10-09T03:01:07","modified_gmt":"2025-10-09T03:01:07","slug":"el-gobierno-saca-adelante-in-extremis-la-ley-de-movilidad-sostenible-tras-llegar-a-un-acuerdo-con-podemos-para-que-se-abstenga","status":"publish","type":"post","link":"https:\/\/www.europesays.com\/es\/164217\/","title":{"rendered":"El Gobierno saca adelante \u00abin extremis\u00bb la Ley de Movilidad Sostenible tras llegar a un acuerdo con Podemos para que se abstenga"},"content":{"rendered":"<p>\t\t\t \t\t \t\t\t\t\t\t\tEl ministro \u00d3scar Puente antes de conocer que se aprobar\u00eda la ley <strong class=\"pd-l\">JP Gandul | EFE  <\/strong><\/p>\n<p>\t\t\t\t\t\tLa normativa desbloquea 10.000 millones de fondos europeos para iniciativas de movilidad. Los cuatro diputados de la formaci\u00f3n morada se abstuvieron tras arrancar a Transportes mayores controles medioambientales en el aeropuerto del Prat. En la ley se incluye el nuevo modelo de concesiones de buses estatales<br \/>\n\t\t\t\t\t\t\t\t\t\t\t\t<strong>08 oct 2025<\/strong> . Actualizado a las 22:27 h.\t\t\t\t\t\t<\/p>\n<p class=\"first-paragraph txt\">Con negociaciones de v\u00e9rtigo de \u00faltima hora para lograr la abstenci\u00f3n de <a href=\"https:\/\/www.lavozdegalicia.es\/temas\/podemos\" rel=\"nofollow noopener\" target=\"_blank\">Podemos<\/a>, el Gobierno ha conseguido aprobar este mi\u00e9rcoles la Ley de Movilidad Sostenible, una de las normas m\u00e1s relevantes de la legislatura, pues supone adaptar el modelo de <a href=\"https:\/\/www.lavozdegalicia.es\/temas\/transporte\" rel=\"nofollow noopener\" target=\"_blank\">transporte<\/a> espa\u00f1ol a las prioridades de Bruselas en materia de emisiones y de lucha contra el <a href=\"https:\/\/www.lavozdegalicia.es\/temas\/cambio-climatico\" rel=\"nofollow noopener\" target=\"_blank\">cambio clim\u00e1tico<\/a> y, de esta forma, <strong>desbloquear 10.000 millones de euros de fondos Next Generation de la UE para aplicar estas pol\u00edticas a nivel estatal, auton\u00f3mico y municipal. <\/strong><\/p>\n<p class=\"txt\">Tan solo dos horas antes de la votaci\u00f3n, <a href=\"https:\/\/www.lavozdegalicia.es\/temas\/podemos\" rel=\"nofollow noopener\" target=\"_blank\">Podemos<\/a> se manten\u00eda firmen en su no a la ley, salvo que se paralizara la ampliaci\u00f3n del aeropuerto del Prat, en Barcelona, por sus repercusiones medioambientales. Pero el Ministerio de Transportes<strong> negoci\u00f3 con los cuatro diputados un r\u00e9gimen de control medioambiental muy estricto para este proyecto<\/strong>, que probablemente no ser\u00e1 del agrado del presidente de la Generalitat, Salvador Illa, y que supone que las obras no empezar\u00e1n antes del 2031.\u00a0Estos compromisos\u00a0propiciaron la abstenci\u00f3n de la formaci\u00f3n morada. Finalmente, hubo 174 votos a favor (PSOE, Sumar, <a href=\"https:\/\/www.lavozdegalicia.es\/temas\/bng\" rel=\"nofollow noopener\" target=\"_blank\">BNG<\/a>, ERC, Junts, Bildu, PNV, Coalici\u00f3n Canaria y los parlamentarios del grupo mixto <a href=\"https:\/\/www.lavozdegalicia.es\/temas\/jose-luis-abalos\" rel=\"nofollow noopener\" target=\"_blank\">Jos\u00e9 Luis \u00c1balos<\/a> y \u00c1gueda Mic\u00f3), 170 en contra (PP y Vox) y las cuatro abstenciones de Podemos.<\/p>\n<p class=\"txt\">\n<p>\t\t\t\t\t\t\t\t\t\t\t\t&#13;<br \/>\n\t\t\t\t\t\t\t\t&#13;<br \/>\n&#13;<br \/>\n&#13;<\/p>\n<p>\t\t\t&#13;<br \/>\n\t&#13;<\/p>\n<p>\t\t\t<a href=\"https:\/\/www.lavozdegalicia.es\/noticia\/mercados\/2025\/07\/06\/ley-vale-10000-millones-motorizacion-movilidad-sostenible\/0003_202507SM6P3991.htm\" data-analytics=\"link-embed\" rel=\"nofollow noopener\" target=\"_blank\">Una ley que vale 10.000 millones: de la motorizaci\u00f3n a la movilidad sostenible<\/a><\/p>\n<p class=\"a-min-author\">\n<p>\t\t\t\t\t\t\t\t\t\t\t<a href=\"https:\/\/www.lavozdegalicia.es\/firmas\/pablo-gonzalez\" rel=\"nofollow noopener\" target=\"_blank\"> \tPablo Gonz\u00e1lez<\/a><\/p>\n<p>\t&#13;<br \/>\n\t&#13;<br \/>\n&#13;<\/p>\n<p class=\"txt\"><strong>El PP no logr\u00f3 que se aprobaran las enmiendas transaccionales sobre el mapa concesional de los autobuses estatales<\/strong>, que en su plan inicial suprim\u00eda 22 paradas en \u00e1reas rurales de Galicia, <a class=\"link-txt\" href=\"https:\/\/www.lavozdegalicia.es\/noticia\/galicia\/2025\/01\/11\/plan-suprimir-paradas-rurales-buses-estatales-seguira-adelante\/0003_202501G11P5991.htm\" rel=\"nofollow noopener\" target=\"_blank\">dejando a 130.000 gallegos sin conexi\u00f3n directa.<\/a> No obstante, el <a href=\"https:\/\/www.lavozdegalicia.es\/temas\/bng\" rel=\"nofollow noopener\" target=\"_blank\">BNG<\/a> introdujo en la Comisi\u00f3n de Transportes una enmienda<a class=\"link-txt\" href=\"https:\/\/www.lavozdegalicia.es\/noticia\/galicia\/2025\/09\/23\/tramitacion-ley-movilidad-suaviza-eliminacion-paradas-autobuses-estatales-areas-rurales-galicia\/00031758640664031850360.htm\" rel=\"nofollow noopener\" target=\"_blank\"> que suaviza el esp\u00edritu del plan inicial,<\/a> manteniendo las conexiones en las \u00e1reas sin otras opciones de movilidad y asegurando que, si estas rutas son asumidas por las comunidades aut\u00f3nomas, ser\u00e1n compensadas econ\u00f3micamente. La diputada socialista gallega Patricia Otero record\u00f3 que el Gobierno \u00abpuxo enriba da mesa os recursos necesarios\u00bb para mantener esas paradas con cargo a la Xunta,\u00a0\u00abpero diante da falta de resposta do Executivo auton\u00f3mico ser\u00e1 o Estado quen se contin\u00fae encargando da s\u00faa xesti\u00f3n, tal e como estaba a facer ata o de agora e como se comprometeron tanto o ministro como o Secretario de Estado de Transportes\u00bb.<\/p>\n<p class=\"txt\">Los populares, en cambio, consiguieron que se aprobara<strong> un plan de choque para evitar las incidencias y los retrasos en el ferrocarril, <\/strong>que debe ponerse en marcha dos meses despu\u00e9s de la entrada en vigor de la Ley de Movilidad.<\/p>\n<blockquote class=\"twitter-tweet\">\n<p lang=\"es\" dir=\"ltr\">Gracias, equipazo!!! <a href=\"https:\/\/t.co\/h8Sw8d5b8c\" rel=\"nofollow\">https:\/\/t.co\/h8Sw8d5b8c<\/a> <a href=\"https:\/\/t.co\/BcO594al9B\" rel=\"nofollow\">pic.twitter.com\/BcO594al9B<\/a><\/p>\n<p>\u2014 \u00c3\u0093scar Puente (@oscar_puente_) <a href=\"https:\/\/twitter.com\/oscar_puente_\/status\/1975990631135883454?ref_src=twsrc%5Etfw\" rel=\"nofollow noopener\" target=\"_blank\">October 8, 2025<\/a><\/p><\/blockquote>\n<p class=\"txt\">El ministro de Transportes, \u00d3scar Puente, celebr\u00f3 en el Congreso la aprobaci\u00f3n de una norma \u00abque garantiza \u00abel derecho a la movilidad de los ciudadanos\u00bb. Mientras, el ministerio destacaba en un comunicado que la ley <strong>establece por primera vez la necesidad de llegar a la neutralidad clim\u00e1tica en el sector del <a href=\"https:\/\/www.lavozdegalicia.es\/temas\/transporte\" rel=\"nofollow noopener\" target=\"_blank\">transporte<\/a>.<\/strong> Introduce mecanismos para la descarbonizaci\u00f3n progresiva y, en materia de veh\u00edculos ligeros para el transporte por carretera, se apuesta por la necesidad de actualizar las etiquetas medioambientales de la DGT, teniendo en cuenta la evoluci\u00f3n tecnol\u00f3gica de estos veh\u00edculos.<\/p>\n<p class=\"txt\">La nueva ley establece la obligaci\u00f3n de que las Administraciones\u00a0incentiven la movilidad activa y el transporte p\u00fablico colectivo, avanzando en la transformaci\u00f3n de la ciudad de los coches en la ciudad de las personas. Adem\u00e1s, se introduce la obligaci\u00f3n de que los grandes centros de actividad <strong>y las empresas de m\u00e1s de 200 personas trabajadoras por centro, o 100 por turno,<\/strong> dispongan de planes de movilidad sostenible al trabajo. Las empresas podr\u00e1n optar por distintas alternativas como potenciar la movilidad activa, la el\u00e9ctrica, la compartida o el transporte colectivo, o bien apostar por flexibilizar los horarios de entrada y salida y el teletrabajo.<\/p>\n<p class=\"txt\">\u00a0Por otra parte, el pleno del Congreso ha aprobado una proposici\u00f3n no de ley del PP <strong>que exige a Renfe recuperar las indemnizaciones por retrasos de 15 y 30 minutos en los AVE<\/strong>, que suprimi\u00f3 el pasado 1 de julio de 2024 para limitarlas a demoras de al menos 60 minutos.<\/p>\n<p>&#13;<br \/>\n\tArchivado en:&#13;<br \/>\n\t\t\t\t\t<a href=\"https:\/\/www.lavozdegalicia.es\/temas\/podemos\/\" target=\"_blank\" class=\"mg-l\" rel=\"nofollow noopener\">Podemos<\/a>&#13;<br \/>\n\t\t\t\t\t<a href=\"https:\/\/www.lavozdegalicia.es\/temas\/transporte\/\" target=\"_blank\" class=\"mg-l\" rel=\"nofollow noopener\">Transporte<\/a>&#13;<br \/>\n\t\t\t\t\t<a href=\"https:\/\/www.lavozdegalicia.es\/temas\/aeropuerto-de-el-prat\/\" target=\"_blank\" class=\"mg-l\" rel=\"nofollow noopener\">Aeropuerto de El Prat<\/a>&#13;<br \/>\n\t\t\t\t\t<a href=\"https:\/\/www.lavozdegalicia.es\/temas\/cambio-climatico\/\" target=\"_blank\" class=\"mg-l\" rel=\"nofollow noopener\">Cambio clim\u00e1tico<\/a>&#13;<br \/>\n\t\t\t\t\t<a href=\"https:\/\/www.lavozdegalicia.es\/temas\/bng\/\" target=\"_blank\" class=\"mg-l\" rel=\"nofollow noopener\">BNG<\/a>&#13;<br \/>\n\t\t\t        \t&#13;<\/p>\n<p>\t\t\t\t<script async src=\"https:\/\/platform.twitter.com\/widgets.js\" charset=\"utf-8\"><\/script><\/p>\n","protected":false},"excerpt":{"rendered":"El ministro \u00d3scar Puente antes de conocer que se aprobar\u00eda la ley JP Gandul | EFE La normativa&hellip;\n","protected":false},"author":2,"featured_media":164218,"comment_status":"","ping_status":"","sticky":false,"template":"","format":"standard","meta":{"footnotes":""},"categories":[8],"tags":[48439,1482,17,18,1295,25,24,13,14,11,5610,19,20,9,10,15,16,6067,23,12,5535,21,22,1617],"class_list":{"0":"post-164217","1":"post","2":"type-post","3":"status-publish","4":"format-standard","5":"has-post-thumbnail","7":"category-espana","8":"tag-aeropuerto-de-el-prat","9":"tag-bng","10":"tag-breaking-news","11":"tag-breakingnews","12":"tag-cambio-climatico","13":"tag-es","14":"tag-espana","15":"tag-featured-news","16":"tag-featurednews","17":"tag-headlines","18":"tag-jose-luis-abalos","19":"tag-latest-news","20":"tag-latestnews","21":"tag-news","22":"tag-noticias","23":"tag-noticias-destacadas","24":"tag-noticiasdestacadas","25":"tag-podemos","26":"tag-spain","27":"tag-titulares","28":"tag-transporte","29":"tag-ultimas-noticias","30":"tag-ultimasnoticias","31":"tag-union-europea"},"share_on_mastodon":{"url":"","error":""},"_links":{"self":[{"href":"https:\/\/www.europesays.com\/es\/wp-json\/wp\/v2\/posts\/164217","targetHints":{"allow":["GET"]}}],"collection":[{"href":"https:\/\/www.europesays.com\/es\/wp-json\/wp\/v2\/posts"}],"about":[{"href":"https:\/\/www.europesays.com\/es\/wp-json\/wp\/v2\/types\/post"}],"author":[{"embeddable":true,"href":"https:\/\/www.europesays.com\/es\/wp-json\/wp\/v2\/users\/2"}],"replies":[{"embeddable":true,"href":"https:\/\/www.europesays.com\/es\/wp-json\/wp\/v2\/comments?post=164217"}],"version-history":[{"count":0,"href":"https:\/\/www.europesays.com\/es\/wp-json\/wp\/v2\/posts\/164217\/revisions"}],"wp:featuredmedia":[{"embeddable":true,"href":"https:\/\/www.europesays.com\/es\/wp-json\/wp\/v2\/media\/164218"}],"wp:attachment":[{"href":"https:\/\/www.europesays.com\/es\/wp-json\/wp\/v2\/media?parent=164217"}],"wp:term":[{"taxonomy":"category","embeddable":true,"href":"https:\/\/www.europesays.com\/es\/wp-json\/wp\/v2\/categories?post=164217"},{"taxonomy":"post_tag","embeddable":true,"href":"https:\/\/www.europesays.com\/es\/wp-json\/wp\/v2\/tags?post=164217"}],"curies":[{"name":"wp","href":"https:\/\/api.w.org\/{rel}","templated":true}]}}