{"id":164225,"date":"2025-10-09T03:08:08","date_gmt":"2025-10-09T03:08:08","guid":{"rendered":"https:\/\/www.europesays.com\/es\/164225\/"},"modified":"2025-10-09T03:08:08","modified_gmt":"2025-10-09T03:08:08","slug":"pogacar-quiere-cerrar-2025-haciendo-historia","status":"publish","type":"post","link":"https:\/\/www.europesays.com\/es\/164225\/","title":{"rendered":"Pogacar quiere cerrar 2025 haciendo historia"},"content":{"rendered":"<p>Las cifras asombran. Suma 107 victorias con 27 a\u00f1os y si gana este s\u00e1bado en el Giro de Lombard\u00eda cerrar\u00e1 2025 con 20 triunfos en  &#8230; su haber. Tadej Pogacar no se cansa de ganar, de agrandar su leyenda y de hacer disfrutar a los aficionados con sus exhibiciones, all\u00e1 donde compita. Pero para seguir con hambre necesita retos y por eso su calendario establece referencias como la de este s\u00e1bado en Italia, en la &#8216;cl\u00e1sica de las hojas muertas&#8217;. \u00bfQu\u00e9 mejor reto que medirse cara a cara con Fausto Coppi?<\/p>\n<p class=\"v-p\">71 a\u00f1os despu\u00e9s Pogacar, luciendo por segunda temporada consecutiva el maillot arco\u00edris, puede alcanzar y superar a Il Campionissimo. \u00bfC\u00f3mo? A d\u00eda de hoy, s\u00f3lo Coppi y Pogacar han ganado en cuatro ocasiones consecutivas el Giro de Lombard\u00eda. Pero el italiano tiene una victoria m\u00e1s, lo que le hace ser el \u00fanico corredor con cinco triunfos en su palmar\u00e9s. Si gana Pogacar el s\u00e1bado, cumplir\u00e1 dos objetivos en uno, alcanzar esos cinco &#8216;Lombard\u00edas&#8217; y a su vez ser el \u00fanico en hacerlo de forma consecutiva. Es su forma de divertirse, de seguir compitiendo al m\u00e1ximo nivel para desgracia de unos rivales que ya le dan por imposible, como sucedi\u00f3 el martes en los Tres Valles Varesinos. En la preparatoria de Lombard\u00eda, Pogacar cumpli\u00f3 con su palabra tras la suspensi\u00f3n de la edici\u00f3n de 2024 por las malas condiciones meteorol\u00f3gicas. Prometi\u00f3 volver en 2025 para luchar por la victoria y cumpli\u00f3. Fue la n\u00famero 19 del presente curso. La 20\u00ba le espera el s\u00e1bado. <\/p>\n<p class=\"v-p\">Si lo consigue entrar\u00e1 en el podio de los corredores con m\u00e1s monumentos en su palmar\u00e9s, con 10. Solo quedar\u00e1 por detr\u00e1s de Eddy Merckx (19) y Roger de Vlaeminck (11). Eso s\u00ed, a Pogacar todav\u00eda le queda por levantar los brazos en dos de ellos que se le resisten. Por un lado esa Mil\u00e1n-San Remo que se est\u00e1 convirtiendo en un quebradero de cabeza para un ciclista acostumbrado a avasallar por donde pasa. Y por otro una Par\u00eds-Roubaix que demostr\u00f3 tener a su alcance en el debut de este a\u00f1o, donde solo fue superado por Van der Poel. <\/p>\n<p class=\"v-p\">Completar su colecci\u00f3n de monumentos es uno de los objetivos que le quedan a un corredor que est\u00e1 haciendo historia en el ciclismo. \u00bfM\u00e1s retos? Alcanzar en 2026 los cinco tours de Anquetil, Merckx, Hinault e Indur\u00e1in, el club m\u00e1s selecto. De momento tiene cuatro y por lo visto en las dos \u00faltimas ediciones, Jonas Vingegaard no parece estar a la altura en estos momentos de inquietar el quinto de Pogacar, aunque de aqu\u00ed a la salida en julio desde Barcelona pueden pasar muchas cosas. <\/p>\n<p class=\"v-p\">Tambi\u00e9n el Mundial de ruta del pr\u00f3ximo a\u00f1o en Montreal (Canad\u00e1) es un aliciente para el ciclista esloveno. Suma dos consecutivos y en un circuito que se adapta perfectamente a sus caracter\u00edsticas, tiene la posibilidad de alcanzar los tres consecutivos que sum\u00f3 Peter Sagan y sumarse a una lista que forman Oscar Freire, Eddy Merckx, Alfredo Binda y Rik Van Steenbergen. <\/p>\n<p class=\"v-p\"><strong>Rivales en Lombard\u00eda<\/strong><\/p>\n<p class=\"v-p\">De vuelta a lo m\u00e1s pr\u00f3ximo, visto el estado de forma con el que ha llegado al final de temporada, pocos rivales parecen en disposici\u00f3n de hacer frente a Pogacar en Lombard\u00eda. Remco Evenepoel, que fue quien m\u00e1s cerca estuvo en el Europeo de ruta, estar\u00e1 en la salida, lo mismo que Julien Alaphilippe, tercero en Tres Valles Varesinos. En el propio UAE est\u00e1 otro corredor que ha llegado muy bien a este tramo de temporada como es Isaac del Toro, que se presenta como la alternativa a Pogacar en caso de vigilancia extrema al esloveno. Primoz Roglic, Lenny Martinez, Richard Carapaz, Tom Pidcock, Egan Bernal, Mikel Landa, Ben O&#8217;Connor o Paul Seixas son otros de los corredores que estar\u00e1n en la salida del s\u00e1bado en busca de los puestos de honor. Aunque Pogacar avisa: \u00abLas piernas estar\u00e1n bien para Lombard\u00eda\u00bb.<\/p>\n","protected":false},"excerpt":{"rendered":"Las cifras asombran. Suma 107 victorias con 27 a\u00f1os y si gana este s\u00e1bado en el Giro de&hellip;\n","protected":false},"author":2,"featured_media":164226,"comment_status":"","ping_status":"","sticky":false,"template":"","format":"standard","meta":{"footnotes":""},"categories":[273],"tags":[45,5417,313,312,168,25,24,4133,448,549,2615,23,167],"class_list":{"0":"post-164225","1":"post","2":"type-post","3":"status-publish","4":"format-standard","5":"has-post-thumbnail","7":"category-ciclismo","8":"tag-45","9":"tag-cerrar","10":"tag-ciclismo","11":"tag-cycling","12":"tag-deportes","13":"tag-es","14":"tag-espana","15":"tag-haciendo","16":"tag-historia","17":"tag-pogacar","18":"tag-quiere","19":"tag-spain","20":"tag-sports"},"share_on_mastodon":{"url":"","error":""},"_links":{"self":[{"href":"https:\/\/www.europesays.com\/es\/wp-json\/wp\/v2\/posts\/164225","targetHints":{"allow":["GET"]}}],"collection":[{"href":"https:\/\/www.europesays.com\/es\/wp-json\/wp\/v2\/posts"}],"about":[{"href":"https:\/\/www.europesays.com\/es\/wp-json\/wp\/v2\/types\/post"}],"author":[{"embeddable":true,"href":"https:\/\/www.europesays.com\/es\/wp-json\/wp\/v2\/users\/2"}],"replies":[{"embeddable":true,"href":"https:\/\/www.europesays.com\/es\/wp-json\/wp\/v2\/comments?post=164225"}],"version-history":[{"count":0,"href":"https:\/\/www.europesays.com\/es\/wp-json\/wp\/v2\/posts\/164225\/revisions"}],"wp:featuredmedia":[{"embeddable":true,"href":"https:\/\/www.europesays.com\/es\/wp-json\/wp\/v2\/media\/164226"}],"wp:attachment":[{"href":"https:\/\/www.europesays.com\/es\/wp-json\/wp\/v2\/media?parent=164225"}],"wp:term":[{"taxonomy":"category","embeddable":true,"href":"https:\/\/www.europesays.com\/es\/wp-json\/wp\/v2\/categories?post=164225"},{"taxonomy":"post_tag","embeddable":true,"href":"https:\/\/www.europesays.com\/es\/wp-json\/wp\/v2\/tags?post=164225"}],"curies":[{"name":"wp","href":"https:\/\/api.w.org\/{rel}","templated":true}]}}