{"id":164251,"date":"2025-10-09T03:35:21","date_gmt":"2025-10-09T03:35:21","guid":{"rendered":"https:\/\/www.europesays.com\/es\/164251\/"},"modified":"2025-10-09T03:35:21","modified_gmt":"2025-10-09T03:35:21","slug":"los-espanoles-son-13-centimetros-mas-altos-menos-este-musico-con-ganas-de-rajar","status":"publish","type":"post","link":"https:\/\/www.europesays.com\/es\/164251\/","title":{"rendered":"Los espa\u00f1oles son 13 cent\u00edmetros m\u00e1s altos (menos este m\u00fasico con ganas de rajar)"},"content":{"rendered":"\n<p> Hay una l\u00ednea recta que une Vigo con las selvas del Congo. Al menos en el subconsciente de <strong>Abraham Boba<\/strong>, cantante de <strong>Le\u00f3n Benavente<\/strong>, que de ni\u00f1o ten\u00eda un sue\u00f1o recurrente: \u201cDos simios entraban en mi casa, me sacaban de la cama, me llevaban al recibidor y me envolv\u00edan con una manta. Despu\u00e9s, cada uno de ellos tomaba un extremo de la manta y me paseaban por las calles de Vigo. Solo me paseaban. Yo me asomaba de vez en cuando para ver si pod\u00eda reconocer la calle, si no me hab\u00edan llevado lejos, si sab\u00eda volver a casa\u201d. Leyendo las <strong>singulares memorias<\/strong> que publica ahora Boba \u2014<a href=\"https:\/\/www.amazon.es\/dp\/8419753440\/ref=sr_1_38?tag=elconfi-21\" target=\"_blank\" rel=\"nofollow noopener\">163 cent\u00edmetros<\/a> (Arrebato Libros), centradas en su corta estatura\u2014 podr\u00eda pensarse los simios del sue\u00f1o sab\u00edan que el peque\u00f1o Boba merec\u00eda que le pasearan por Vigo como un pr\u00edncipe porque se acabar\u00eda reinando sobre los escenarios pese a todo. <\/p>\n<p> \u201cMis abuelos paternos eran pobres, ven\u00edan del campo y se ganaron la vida<strong> sirviendo en la casa de una familia rica en <a href=\"https:\/\/www.elconfidencial.com\/espana\/galicia\/2025-08-28\/turismo-emergente-tasa-vigo-1hms_4197669\/\" target=\"_self\" rel=\"nofollow noopener\">Vigo<\/a><\/strong>. Mi padre recuerda hacerse el calzado con suelas que encontraba por la calle y un par de cuerdas. Tambi\u00e9n recuerda robar pan, leche y fruta de los \u00e1rboles del vecino. Nunca llegaron a pillarlo.<strong> Su cuerpo peque\u00f1o se mov\u00eda r\u00e1pido<\/strong>\u201d, cuenta en 163 cent\u00edmetros. <\/p>\n<p> \u201cLa sociedad prefiere <strong>medicar a sus ni\u00f1os bajos<\/strong>, a pesar de no tener ning\u00fan problema de salud, para evitar futuros traumas causados, precisamente, por los prejuicios de la propia sociedad\u201d, a\u00f1ade. <\/p>\n<p> Hablamos con Boba sobre <strong>ligar siendo bajo, la presunta mala leche de los bajitos <\/strong>y <a href=\"https:\/\/www.elconfidencial.com\/cultura\/2024-11-13\/simon-garfunkel-paces-escenarios-curiosidades_4002785\/\" target=\"_self\" rel=\"nofollow noopener\">las reyertas entre Simon y Garfunkel<\/a>. <\/p>\n<p>               Abraham Boba: &#8216;La estatura no es un debate que est\u00e9 encima de la mesa, como puede ser la gordofobia&#8217;. (O. C.)             <\/p>\n<p> <strong>PREGUNTA. Si le digo \u00abpeque\u00f1as ampollas de cristal \u00e1mbar\u00bb, \u00bfqu\u00e9 es lo primero que se le viene a la cabeza?<\/strong> <\/p>\n<p> \u200bRESPUESTA. Lo que mi madre me echaba cada ma\u00f1ana en el <a href=\"https:\/\/www.vanitatis.elconfidencial.com\/vida-saludable\/2024-11-22\/zumo-naranja-perjudicial-negativo-salud-1qrt_4004080\/\" target=\"_self\" rel=\"nofollow noopener\">zumo de naranja<\/a> cada ma\u00f1ana en la \u00e9poca en la que deb\u00eda dar el estir\u00f3n, aunque por gen\u00e9tica estaba claro que no iba a ser un hombre de estatura dentro de la norma. A mi madre le dijeron que tomase esa medicaci\u00f3n, que realmente nunca supe qu\u00e9 era, porque no nos acordamos del nombre, no s\u00e9 si eran hormonas de crecimiento o no <\/p>\n<p> <strong>P. \u00bfValieron de algo las ampollas?<\/strong> <\/p>\n<p> R. No lo s\u00e9, cuando le pregunt\u00e9 a mi madre, me dijo: \u00abBueno, el m\u00e9dico nos dijo que s\u00ed, que si no las hubieses tomado, quiz\u00e1 unos cent\u00edmetros menos tendr\u00edas\u00bb. <\/p>\n<p> <strong>P. \u00bfLas tablas con los percentiles las carga el diablo?<\/strong> <\/p>\n<p> \u200bR. Las carga la sociedad por crear un prejuicio que hace que puedas tener complejo por no <a href=\"https:\/\/www.elconfidencial.com\/espana\/2020-12-20\/opositoras-quedan-fuera-policia-centimetro-estatura_2878791\/\" target=\"_self\" rel=\"nofollow noopener\">tener una estatura dentro de la norma<\/a>. Ser bajo no conlleva tener problemas de salud, pero al final los padres se preocupan mucho por la estatura de sus hijos, no porque vayan a tener mejor o peor salud, sino por si les afecta psicol\u00f3gicamente, saben que los cr\u00edos van a tener que lidiar con una serie de circunstancias sociales el resto de sus vidas. <\/p>\n<p> La estatura no es un debate que est\u00e9 encima de la mesa, como puede ser la <a href=\"https:\/\/www.elconfidencial.com\/alma-corazon-vida\/2019-07-03\/gordofobia-culto-al-cuerpo-discriminacion_2102006\/\" target=\"_self\" rel=\"nofollow noopener\">gordofobia<\/a>, pero sospecho que los padres de hoy siguen tan preocupados como los de ayer por la estatura de sus hijos, se sigue viendo como un h\u00e1ndicap. <\/p>\n<p> <strong>P. En las notas sobre su desarrollo infantil, su pediatra apunt\u00f3 que \u00abcon pocos a\u00f1os cantaba canciones en un idioma inventado parecido al ingl\u00e9s\u00bb. \u00bfEra m\u00e1s vidente que pediatra o ya dominaba usted las tablas de peque\u00f1o?<\/strong> <\/p>\n<p> R. Ja, ja. Es cierto que se me daba bastante bien cantar. Recuerdo algunas reuniones con familiares o amigos de mis padres donde dec\u00edan: \u00abVenga, dile al ni\u00f1o que cante\u00bb. Tengo alguna grabaci\u00f3n de mis padres en Super 8 cantando canciones de <a href=\"https:\/\/www.elconfidencial.com\/cultura\/2025-08-22\/raphael-icono-pop-jovenes_4193897\/\" target=\"_self\" rel=\"nofollow noopener\">Raphael<\/a> y <a href=\"https:\/\/www.vanitatis.elconfidencial.com\/famosos\/2021-05-06\/miguel-rios-cantante-carcel-sexo-drogas_2374319\/\" target=\"_self\" rel=\"nofollow noopener\">Miguel R\u00edos<\/a> con cinco a\u00f1os. Pero como no nac\u00ed en un ambiente familiar con querencia por lo art\u00edstico, mis padres no me apuntaron ni al conservatorio ni a las extraescolares musicales. <\/p>\n<p> \u200b<strong>P. \u00bfHa so\u00f1ado alguna vez con enanos o eso solo le pasa a David Lynch?<\/strong> <\/p>\n<p> \u200bR. Le pasa m\u00e1s a <a href=\"https:\/\/www.elconfidencial.com\/cultura\/2025-01-16\/muere-david-lynch-artista-enseno-lado-perturbador-cine_4044761\/\" target=\"_self\" rel=\"nofollow noopener\">Lynch<\/a> que a m\u00ed. En el libro recuerdo esa escena divertid\u00edsima de Vivir rodando, de Tom DiCillo, en la que a <a href=\"https:\/\/www.vanitatis.elconfidencial.com\/celebrities\/2019-04-13\/juego-de-tronos-tyrion-peter-dinklage-serie-hbo_1939226\/\" target=\"_self\" rel=\"nofollow noopener\">Peter Dinklage<\/a> [el Lannister peque\u00f1o de Juego de Tronos] le piden que haga de enano en un sue\u00f1o y se pilla un gran rebote. \u00ab\u00a1Ni siquiera yo, que soy un enano acondropl\u00e1sico, sue\u00f1o con enanos! \u00bfPor qu\u00e9 siempre quer\u00e9is meter a enanos en los sue\u00f1os?\u00bb. Es un t\u00f3pico on\u00edrico recurrente. <\/p>\n<p>               Foto: O. C.             <\/p>\n<p> <strong>P. Dice Zendaya que la presunci\u00f3n de que las actrices tienen que ser m\u00e1s bajas que los actores es \u00ababsurda y mis\u00f3gina\u00bb. Nada que objetar. Ahora bien: seg\u00fan estudios que comenta en el libro, a las mujeres les gustan m\u00e1s los hombres altos que los bajos\u2026<\/strong> <\/p>\n<p> \u200bR. Lo dice la estad\u00edstica; adem\u00e1s, a m\u00ed me ha pasado. Yo soy <a href=\"https:\/\/www.elconfidencial.com\/cultura\/2024-03-29\/entrevista-darian-leader-sexo-heterosexuales_3856256\/\" target=\"_self\" rel=\"nofollow noopener\">heterosexual<\/a>. Muchas mujeres me han rechazado por mi estatura. <\/p>\n<p> <strong>P. \u00bfPero le han dicho expl\u00edcitamente que no quer\u00edan tener nada con usted por ser bajo?<\/strong> <\/p>\n<p> \u200bR. S\u00ed, s\u00ed, tan expl\u00edcito como: \u00abMira, eres muy mono, pero eres muy bajito para m\u00ed\u00bb. <\/p>\n<p> <strong>P. Ya veo. \u00bfPodr\u00edamos calificar eso de putada?<\/strong> <\/p>\n<p> \u200bR. No s\u00e9 si es una putada o no, es <a href=\"https:\/\/www.elconfidencial.com\/alma-corazon-vida\/2015-09-20\/es-usted-bajito-quizas-sus-antepasados-vivieran-en-una-isla_1018360\/\" target=\"_self\" rel=\"nofollow noopener\">un criterio est\u00e9tico<\/a> creado por la humanidad, sobre lo que se supone que tiene que ser un hombre respecto a una mujer, m\u00e1s poderoso, m\u00e1s viril para proteger a la hembra; ella siempre m\u00e1s fr\u00e1gil, m\u00e1s peque\u00f1a, m\u00e1s baja. <\/p>\n<p> <strong>P. A los hombres les cuesta tambi\u00e9n que su pareja o su ligue sea m\u00e1s alta que ellos, \u00bfverdad?<\/strong> <\/p>\n<p> \u200bR. Tambi\u00e9n pasa. <a href=\"https:\/\/www.vanitatis.elconfidencial.com\/celebrities\/2020-10-11\/nicole-kidman-tom-cruise-relacion_2781251\/\" target=\"_self\" rel=\"nofollow noopener\">Tom Cruise no llevaba bien que Nicole Kidman<\/a> fuese bastante m\u00e1s alta, en los photocall siempre se pon\u00eda por delante de ella para ganar en perspectiva. O <a href=\"https:\/\/www.vanitatis.elconfidencial.com\/celebrities\/2025-01-20\/80-anos-de-tener-y-no-tener-cuando-el-cuarenton-humphrey-bogart-se-enamoro-de-la-adolescente-lauren-bacall_4044977\/\" target=\"_self\" rel=\"nofollow noopener\">Humphrey Bogart<\/a> llevando alzas para estar a la misma altura que Ingrid Bergman, sin ser \u00e9l un hombre bajo, al contrario de lo que dice el mito, pues med\u00eda 1,72. <\/p>\n<p> <strong>P. Una chica que le ten\u00eda un cari\u00f1o especial, le dijo una vez: \u00abSi midieras 15 cent\u00edmetros m\u00e1s, ser\u00edas insoportable\u00bb. \u00bfSe equivocaba?<\/strong> <\/p>\n<p> \u200bR. Ja, ja, no s\u00e9 si se equivocaba, porque nunca med\u00ed 15 cent\u00edmetros m\u00e1s. A ver, para m\u00ed era importante que este no fuera el libro de una v\u00edctima, huir del victimismo, nunca me he sentido v\u00edctima de mi estatura. No recuerdo ning\u00fan abuso especialmente grave por medir menos. Obviamente, me han insultado, me han llamado enano, pero no creo que me afectase especialmente. Supongo que es algo que llevas contigo, te vas acostumbrando, al final no lo acabas viendo como algo negativo, sino como una circunstancia que te ha tocado vivir y ya est\u00e1. <\/p>\n<p> <strong>P. Ahondando en el comentario de su amiga sobre la altura y la confianza en s\u00ed mismo. Si llega a medir 1,90 m, \u00bfquiz\u00e1 hubiera acabado fundando Tesla o mandando a millonarios a Marte en un cohete?<\/strong> <\/p>\n<p> \u200bR. [Duda unos segundos]. \u00a1<a href=\"https:\/\/www.elconfidencial.com\/tecnologia\/novaceno\/2025-08-28\/tesla-se-derrumba-y-byd-la-deja-atras_4198431\/\" target=\"_self\" rel=\"nofollow noopener\">Tesla<\/a>! Pensaba que te refer\u00edas al grupo, que tambi\u00e9n podr\u00eda ser, ese rollo heavy de hombres altos. Lo que s\u00ed he pensado muchas veces es que si hubiera medido 15 cent\u00edmetros m\u00e1s, igual no me hubiera dedicado a lo que me dedico, subirme al escenario para liderar una <a href=\"https:\/\/www.elconfidencial.com\/cultura\/2021-10-18\/reparten-pasta-grupos-rock-robamos-nosotros_3307306\/\" target=\"_self\" rel=\"nofollow noopener\">banda de rock<\/a>. Quiz\u00e1 tenga que ver con toda la informaci\u00f3n vital recibida desde peque\u00f1o: \u00abNo, nunca vas a poder ser el jefe de la pandilla, nunca vas a ser al primero que elijan en el equipo de baloncesto en el recreo\u00bb. De alg\u00fan modo, me acab\u00e9 rebelando contra todo eso, me esforc\u00e9 en alcanzar el reconocimiento que me negaban. Medir lo que mido ha hecho que vea la vida de una forma determinada, y quiz\u00e1 tambi\u00e9n que el subconsciente act\u00fae. <\/p>\n<p class=\"bodyObject bodyBlockquote\">\u00abSi hubiera medido 15 cm m\u00e1s, igual no me hubiera dedicado a lo que me dedico, subirme al escenario para liderar una banda de rock\u00bb<\/p>\n<p> <strong>P. Tras cada uno de sus conciertos, no es raro encontrar comentarios en redes del tipo: \u00abGuau, para lo peque\u00f1o que es, se come el escenario\u00bb. \u00bfEst\u00e1 gente no conoce a Prince o qu\u00e9 pasa?<\/strong> <\/p>\n<p> \u200bR. Bueno, no s\u00e9 si la gente conoce a <a href=\"https:\/\/www.vanitatis.elconfidencial.com\/celebrities\/2021-04-21\/prince-muerte-curiosidades-anecdotas-herencia_3044368\/\" target=\"_self\" rel=\"nofollow noopener\">Prince<\/a>, pero estoy convencido de que hubo periodistas en la \u00e9poca que se refirieron a la estatura de Prince \u20141,57\u2014 en t\u00e9rminos similares. La estatura era una caracter\u00edstica bastante clara de Prince, adem\u00e1s de vestir con tacones. De los hombres bajos que llevamos tacones, nunca se piensa que lo hacemos por est\u00e9tica, sino para parecer m\u00e1s altos. Respecto a Prince, su forma de ser, su vehemencia, su manera de gustarse a s\u00ed mismo, quiz\u00e1 tuvieran que ver con su estatura. <\/p>\n<p> <strong>P. Tambi\u00e9n comenta que los CEO de las grandes empresas suelen ser m\u00e1s altos que la media. \u00bfQu\u00e9 significa eso?<\/strong> <\/p>\n<p> \u200bR. En efecto, suelen ser hombres\u2026 y hombres altos. Los l\u00edderes tienden a estar por encima de la media, tambi\u00e9n los pol\u00edticos, aunque no siempre. Muchos dictadores, por ejemplo, eran personas de baja estatura, <a href=\"https:\/\/www.elconfidencial.com\/cultura\/2024-04-28\/aferrarse-al-poder-la-guia-definitiva-de-franco-para-gobernar-hasta-la-muerte_3874060\/\" target=\"_self\" rel=\"nofollow noopener\">Franco<\/a>, <a href=\"https:\/\/www.elconfidencial.com\/cultura\/2023-05-08\/el-gran-biografo-de-mussolini_3625119\/\" target=\"_self\" rel=\"nofollow noopener\">Mussolini<\/a>, <a href=\"https:\/\/www.elconfidencial.com\/cultura\/2023-02-26\/stalin-traicion-comunista-espanoles_3581919\/\" target=\"_self\" rel=\"nofollow noopener\">Stalin<\/a>. Es dif\u00edcil de demostrar, pero igual que quiz\u00e1 yo estoy encima de un escenario por medir lo que mido, ellos pudieron pasar por un proceso psicol\u00f3gico parecido. <\/p>\n<p> <strong>P. Al hilo: en la Academia Militar, al joven Franco le llamaban Cerillita. \u00bfPudo ser esa la primera chispa que acab\u00f3 encendiendo la pradera?<\/strong> <\/p>\n<p> R. Ja, ja, no lo descarto. El resentimiento personal de algunos mandatarios quiz\u00e1 explique algunas cosas. <\/p>\n<p> <strong>P. No obstante, como este es un asunto donde lo sociol\u00f3gico se cruza con lo costumbrista, tiene sus contradicciones: tambi\u00e9n dice que el s\u00edndrome de Napole\u00f3n tiene bastante de mito&#8230;<\/strong> <\/p>\n<p> \u200bR. S\u00ed, no est\u00e1 realmente demostrado. De hecho, para los est\u00e1ndares de la \u00e9poca, <a href=\"https:\/\/www.elconfidencial.com\/alma-corazon-vida\/2023-11-28\/historia-derrota-napoleon-conejos-animales-francia_3602561\/\" target=\"_self\" rel=\"nofollow noopener\">Napole\u00f3n<\/a> no era bajo en absoluto, estaba cerca de 1,70. Lo que pasa es que todo su entorno eran hombres altos, elegidos por \u00e9l, supongo que para sentirse protegido, aunque la gente le percibiera m\u00e1s bajo de lo que en realidad era. Todo eso del s\u00edndrome napole\u00f3nico, que los hombres bajos tienden a ser m\u00e1s hostiles e incluso m\u00e1s violentos, se ha ido diluyendo en los estudios. <\/p>\n<p>               Boba: &#8216;De los hombres bajos que llevamos tacones, nunca se piensa que lo hacemos por est\u00e9tica, sino para parecer m\u00e1s altos&#8217;. (O. C.)             <\/p>\n<p> <strong>P. Las broncas entre Simon &amp; Garfunkel, d\u00fao musical formado por un alto y un bajo, eran casi tan famosas como sus canciones. Garfunkel acusaba a Simon de ser napole\u00f3nico y Simon dec\u00eda que la gente cre\u00eda que las canciones las compon\u00eda Garfunkel porque era m\u00e1s alto. \u00bfNo s\u00e9 puede juntar a un alto y un bajo a hacer m\u00fasica?<\/strong> <\/p>\n<p> \u200bR. S\u00ed se puede, pero Garfunkel dec\u00eda cosas como: \u00abYo le salv\u00e9 la vida a este t\u00edo porque era una especie de freak monstruoso\u00bb. O \u00abs\u00ed, vale, Simon compon\u00eda las canciones, pero cuando las chicas entraban en los camerinos, quer\u00edan ligar conmigo\u00bb. Supongo que a Paul Simon le joder\u00eda bastante que la gente pensase que el otro, por ser m\u00e1s alto, era el que hac\u00eda las canciones, \u00a1Encima Garfunkel ligaba m\u00e1s que \u00e9l! Tambi\u00e9n te digo que vista su carrera posterior, est\u00e1 claro que Paul Simon no necesitaba a nadie a su lado. Yo <a href=\"https:\/\/www.elconfidencial.com\/cultura\/2015-05-26\/art-garfunkel-atiza-a-paul-simon-tonto-idiota-y-monstruo_854717\/\" target=\"_self\" rel=\"nofollow noopener\">le he empezado a coger un poco de man\u00eda a Garfunkel<\/a> porque, joder, ya le vale, a saber qu\u00e9 hubiera hecho Garfunkel con su vida si no llega a cruzarse con Simon. <\/p>\n<p> <strong>P. En el libro cita un art\u00edculo del Norte de Castilla sobre que los espa\u00f1oles han crecido 13 cent\u00edmetros en un siglo, titulado: \u00abYa no somos Alfredo Landa\u00bb. \u00bfLanda hizo mucho por el orgullo bajito?<\/strong> <\/p>\n<p> \u200bR. El landismo acab\u00f3 definiendo una singularidad del hombre espa\u00f1ol, lejos del arquetipo de hombre apuesto del cine italiano de la \u00e9poca, el gal\u00e1n gallardo de alta estatura. Hasta El crack de <a href=\"https:\/\/www.vanitatis.elconfidencial.com\/famosos\/2019-10-05\/amores-jose-luis-garci-ana-rosa-cayetana-guillen-696_2269531\/\" target=\"_self\" rel=\"nofollow noopener\">Garci<\/a>, Landa no hab\u00eda hecho pr\u00e1cticamente papeles que no fueran humoradas, en los que su f\u00edsico influ\u00eda mucho. Ver a una persona baja suele causar entre ternura y comicidad. Cuando contaba que estaba escribiendo este libro, la primera reacci\u00f3n de la gente era tom\u00e1rselo a broma. Hay algo del hombre bajo que siempre lleva al chiste. <\/p>\n<p> <strong>P. Territorio el Gordo y el Flaco. <\/strong> <\/p>\n<p> R. Eso es. <\/p>\n","protected":false},"excerpt":{"rendered":"Hay una l\u00ednea recta que une Vigo con las selvas del Congo. Al menos en el subconsciente de&hellip;\n","protected":false},"author":2,"featured_media":164252,"comment_status":"","ping_status":"","sticky":false,"template":"","format":"standard","meta":{"footnotes":""},"categories":[174],"tags":[255,146,147,25,24,256,23],"class_list":{"0":"post-164251","1":"post","2":"type-post","3":"status-publish","4":"format-standard","5":"has-post-thumbnail","7":"category-famosos","8":"tag-celebrities","9":"tag-entertainment","10":"tag-entretenimiento","11":"tag-es","12":"tag-espana","13":"tag-famosos","14":"tag-spain"},"share_on_mastodon":{"url":"","error":""},"_links":{"self":[{"href":"https:\/\/www.europesays.com\/es\/wp-json\/wp\/v2\/posts\/164251","targetHints":{"allow":["GET"]}}],"collection":[{"href":"https:\/\/www.europesays.com\/es\/wp-json\/wp\/v2\/posts"}],"about":[{"href":"https:\/\/www.europesays.com\/es\/wp-json\/wp\/v2\/types\/post"}],"author":[{"embeddable":true,"href":"https:\/\/www.europesays.com\/es\/wp-json\/wp\/v2\/users\/2"}],"replies":[{"embeddable":true,"href":"https:\/\/www.europesays.com\/es\/wp-json\/wp\/v2\/comments?post=164251"}],"version-history":[{"count":0,"href":"https:\/\/www.europesays.com\/es\/wp-json\/wp\/v2\/posts\/164251\/revisions"}],"wp:featuredmedia":[{"embeddable":true,"href":"https:\/\/www.europesays.com\/es\/wp-json\/wp\/v2\/media\/164252"}],"wp:attachment":[{"href":"https:\/\/www.europesays.com\/es\/wp-json\/wp\/v2\/media?parent=164251"}],"wp:term":[{"taxonomy":"category","embeddable":true,"href":"https:\/\/www.europesays.com\/es\/wp-json\/wp\/v2\/categories?post=164251"},{"taxonomy":"post_tag","embeddable":true,"href":"https:\/\/www.europesays.com\/es\/wp-json\/wp\/v2\/tags?post=164251"}],"curies":[{"name":"wp","href":"https:\/\/api.w.org\/{rel}","templated":true}]}}