{"id":164265,"date":"2025-10-09T03:53:12","date_gmt":"2025-10-09T03:53:12","guid":{"rendered":"https:\/\/www.europesays.com\/es\/164265\/"},"modified":"2025-10-09T03:53:12","modified_gmt":"2025-10-09T03:53:12","slug":"del-regalo-especial-de-la-universidad-de-salamanca-a-su-hijo-dormido","status":"publish","type":"post","link":"https:\/\/www.europesays.com\/es\/164265\/","title":{"rendered":"del regalo especial de la Universidad de Salamanca a su hijo dormido"},"content":{"rendered":"<p class=\"c-paragraph\">Por primera vez en el m\u00e1s de un siglo de historia de la Universidad de Salamanca, un deportista recibi\u00f3 el m\u00e1ximo honor concedido por el Estudio salmantino: <b><a href=\"https:\/\/www.20minutos.es\/tags\/deportes\/rafa-nadal.html\" title=\"Rafa Nadal\" rel=\"nofollow noopener\" target=\"_blank\">Rafa Nadal<\/a> fue investido doctor &#8216;Honoris Causa&#8217;<\/b> este pasado viernes, en una jornada cargada de detalles y simbolismos que homenajearon la figura del extenista manacor\u00ed.<\/p>\n<p class=\"c-paragraph\">Sobre las 10.00 horas lleg\u00f3 el balear a la Universidad de Salamanca para el ensayo de la ceremonia, que dio paso a <b>una visita\u00a0a la Biblioteca General Hist\u00f3rica<\/b>\u00a0junto al rector Juan Manuel Corchado a media ma\u00f1ana. Antes de que diese comienzo el acto, el ganador de 22 Grand Slam <b>se encontr\u00f3 con los cientos de aficionados<\/b> que le esperaban en el Patio de Escuelas, tom\u00e1ndose un momento para saludar, firmar aut\u00f3grafos y tomarse fotos.<\/p>\n<p class=\"c-paragraph\">El inicio de la investidura, justo despu\u00e9s, dio lugar entonces a<b> una de las an\u00e9cdotas de la jornada<\/b>: al entrar en el edificio Escuelas Mayores de la Universidad, <b>Nadal rompi\u00f3 el protocolo<\/b>, impresionado por la belleza del Paraninfo, y se acerc\u00f3 incluso a la ventana para ver el patio y admirar la secuoya del Claustro desde ah\u00ed durante unos segundos.<\/p>\n<p class=\"c-paragraph\">Acompa\u00f1ado por su familia, con su madre sin poder contener las l\u00e1grimas de emoci\u00f3n y junto al <b>peque\u00f1o Rafa, que se qued\u00f3 dormido<\/b> durante la ceremonia en el Paraninfo en los brazos de su madre, Mery Perell\u00f3, seg\u00fan detall\u00f3 el diario <a href=\"https:\/\/www.salamancahoy.es\/salamanca\/universidad\/secretos-honoris-nadal-rafa-cambio-roland-garros-20251003122001-nt.html?ref=https%3A%2F%2Fwww.salamancahoy.es%2Fsalamanca%2Funiversidad%2Fsecretos-honoris-nadal-rafa-cambio-roland-garros-20251003122001-nt.html\" rel=\"nofollow noreferrer noopener\" title=\"La noticia en &#039;Salamanca Hoy&#039;\" target=\"_blank\">Salamanca Hoy<\/a>, el doble campe\u00f3n ol\u00edmpico fue investido doctor &#8216;honoris causa&#8217; tras el laudatio del padrino Ricardo Canal y\u00a0la proyecci\u00f3n de un emotivo v\u00eddeo repasando los mejores momentos de su carrera deportiva y sus logros a nivel personal.\u00a0<\/p>\n<p class=\"c-paragraph\">Fue el propio catedr\u00e1tico, decano de la Facultad de Educaci\u00f3n, el que hizo los honores. <b>\u00abAg\u00e1chate un poquit\u00edn, que eres muy alto\u00bb<\/b>, le pidi\u00f3 en voz baja al extenista\u00a0en el momento en el que le coloc\u00f3 el birrete en la cabeza, de color azul, como la muceta. Despu\u00e9s, le coloc\u00f3 el anillo, le mostr\u00f3 el libro abierto y cerrado, antes de hacerle entrega de \u00e9ste, y por \u00faltimo, le coloc\u00f3 la medalla que le incluye en el Colegio de Doctores de la Universidad de Salamanca, que le hizo un &#8216;regalo&#8217; especial: <b>un v\u00edtor personalizado, con su silueta y una raqueta de tenis<\/b> junto a su nombre, junto al emblema caracter\u00edstico, seg\u00fan recoge <a href=\"https:\/\/www.lagacetadesalamanca.es\/salamanca\/regalo-personalizado-universidad-salamanca-rafael-nadal-20251003172036-nt.html\" rel=\"nofollow noreferrer noopener\" title=\"La noticia en &#039;La Gaceta de Salamanca&#039;\" target=\"_blank\">La Gaceta de Salamanca<\/a>.<\/p>\n<p class=\"c-paragraph\"><b>Toc\u00f3 el turno de palabra entonces a Rafa Nadal<\/b>, que acept\u00f3 el doctorado &#8216;honoris causa&#8217; con \u00abenorme orgullo y gratitud\u00bb a la Universidad, y puso en valor la distinci\u00f3n como \u00abuna muestra de respeto hacia el deporte y lo que \u00e9ste representa para la sociedad. En este sentido, el 14 veces ganador de Roland Garros destac\u00f3 \u00abel valor de la disciplina\u00bb, pues \u00abnada se consigue sin esfuerzo diario, sin compromiso y sin cuidar los peque\u00f1os detalles\u00bb, as\u00ed como que el deporte le ense\u00f1\u00f3 \u00aba no sentirme mejor que nadie\u00bb, y le otorg\u00f3 un \u00abdoctorado en resiliencia\u00bb, siendo capaz de superar momentos dif\u00edciles durante su carrera deportiva.<\/p>\n<p class=\"c-paragraph\">El balear tambi\u00e9n aprovech\u00f3 para revelar una an\u00e9cdota desconocida: <b>sus padres no le permitieron jugar el &#8216;grande&#8217; parisino en 2002, con 15 a\u00f1os<\/b>, porque ten\u00eda ex\u00e1menes. \u00abCon el tiempo he comprendido que aquella decisi\u00f3n fue una gran lecci\u00f3n y hoy les doy las gracias porque me ayudaron a terminar mi educaci\u00f3n obligatoria y me ense\u00f1aron, que ning\u00fan objetivo deportivo puede estar por encima de los valores y de la formaci\u00f3n\u00bb, asever\u00f3.<\/p>\n<p class=\"c-paragraph\">\u00abGracias a la Universidad de Salamanca y a toda Salamanca por el cari\u00f1o recibido. Este d\u00eda me acompa\u00f1ar\u00e1 siempre y me anima a seguir siendo fiel a los valores que el deporte me ha ense\u00f1ado\u00bb, agradeci\u00f3 despu\u00e9s el extenista en un mensaje en sus redes sociales, en el que recalc\u00f3 el \u00ab<b>inmenso honor de haber sido el primer deportista investido como doctor &#8216;Honoris Causa&#8217;<\/b> por esta universidad que ha dejado una huella tan profunda en la cultura, la en la sociedad y en el pensamiento de Espa\u00f1a\u00bb.<\/p>\n","protected":false},"excerpt":{"rendered":"Por primera vez en el m\u00e1s de un siglo de historia de la Universidad de Salamanca, un deportista&hellip;\n","protected":false},"author":2,"featured_media":164266,"comment_status":"","ping_status":"","sticky":false,"template":"","format":"standard","meta":{"footnotes":""},"categories":[274],"tags":[168,43342,25,24,6894,23,167,327,326,39720],"class_list":{"0":"post-164265","1":"post","2":"type-post","3":"status-publish","4":"format-standard","5":"has-post-thumbnail","7":"category-tenis","8":"tag-deportes","9":"tag-doctor-honoris-causa","10":"tag-es","11":"tag-espana","12":"tag-rafa-nadal","13":"tag-spain","14":"tag-sports","15":"tag-tenis","16":"tag-tennis","17":"tag-universidad-de-salamanca"},"share_on_mastodon":{"url":"","error":""},"_links":{"self":[{"href":"https:\/\/www.europesays.com\/es\/wp-json\/wp\/v2\/posts\/164265","targetHints":{"allow":["GET"]}}],"collection":[{"href":"https:\/\/www.europesays.com\/es\/wp-json\/wp\/v2\/posts"}],"about":[{"href":"https:\/\/www.europesays.com\/es\/wp-json\/wp\/v2\/types\/post"}],"author":[{"embeddable":true,"href":"https:\/\/www.europesays.com\/es\/wp-json\/wp\/v2\/users\/2"}],"replies":[{"embeddable":true,"href":"https:\/\/www.europesays.com\/es\/wp-json\/wp\/v2\/comments?post=164265"}],"version-history":[{"count":0,"href":"https:\/\/www.europesays.com\/es\/wp-json\/wp\/v2\/posts\/164265\/revisions"}],"wp:featuredmedia":[{"embeddable":true,"href":"https:\/\/www.europesays.com\/es\/wp-json\/wp\/v2\/media\/164266"}],"wp:attachment":[{"href":"https:\/\/www.europesays.com\/es\/wp-json\/wp\/v2\/media?parent=164265"}],"wp:term":[{"taxonomy":"category","embeddable":true,"href":"https:\/\/www.europesays.com\/es\/wp-json\/wp\/v2\/categories?post=164265"},{"taxonomy":"post_tag","embeddable":true,"href":"https:\/\/www.europesays.com\/es\/wp-json\/wp\/v2\/tags?post=164265"}],"curies":[{"name":"wp","href":"https:\/\/api.w.org\/{rel}","templated":true}]}}