{"id":164281,"date":"2025-10-09T04:08:08","date_gmt":"2025-10-09T04:08:08","guid":{"rendered":"https:\/\/www.europesays.com\/es\/164281\/"},"modified":"2025-10-09T04:08:08","modified_gmt":"2025-10-09T04:08:08","slug":"junts-presiona-desde-el-parlament-para-torpedear-la-opa-del-bbva-al-sabadell-economia","status":"publish","type":"post","link":"https:\/\/www.europesays.com\/es\/164281\/","title":{"rendered":"Junts presiona desde el Parlament para torpedear la opa del BBVA al Sabadell | Econom\u00eda"},"content":{"rendered":"<p class=\"\">En v\u00edsperas de que se conozca cu\u00e1ntos accionistas del Banco Sabadell ven con buenos ojos <a href=\"https:\/\/elpais.com\/economia\/negocios\/2025-10-08\/opas-hostiles-cuando-las-empresas-van-a-la-guerra-y-casi-todo-vale.html\" target=\"_blank\" rel=\"noreferrer nofollow noopener\" title=\"https:\/\/elpais.com\/economia\/negocios\/2025-10-08\/opas-hostiles-cuando-las-empresas-van-a-la-guerra-y-casi-todo-vale.html\">la oferta del BBVA<\/a>, la operaci\u00f3n, que ya acumula 16 meses de idas y venidas, irrumpe en el debate de pol\u00edtica general que se celebra esta semana en el Parlament. Junts per Catalunya quiere forzar al pleno a aprobar una proposici\u00f3n que \u201cinsta al Gobierno\u201d de Pedro S\u00e1nchez a presionar a la Comisi\u00f3n Nacional del Mercado de Valores (CNMV) y al Banco de Espa\u00f1a para que obstaculice el avance de la tramitaci\u00f3n. <\/p>\n<p>M\u00e1s informaci\u00f3n<\/p>\n<p class=\"\">En concreto, Junts se pone en el supuesto de que la opa alcance <a href=\"https:\/\/elpais.com\/economia\/2025-10-07\/el-bbva-y-el-sabadell-abren-la-guerra-de-cifras-sobre-el-nivel-de-aceptacion-de-la-opa.html\" target=\"_blank\" rel=\"noreferrer nofollow noopener\" title=\"https:\/\/elpais.com\/economia\/2025-10-07\/el-bbva-y-el-sabadell-abren-la-guerra-de-cifras-sobre-el-nivel-de-aceptacion-de-la-opa.html\">un 30% de apoyos, pero sin llegar al 50%<\/a>, un escenario que abre la puerta a que el BBVA aborde, luego, una segunda opa. Junts quiere cortocircuitar esa posibilidad y busca el apoyo del resto de partidos con representaci\u00f3n en la c\u00e1mara catalana para que se establezca \u201cel requisito para que la operaci\u00f3n hostil solo pueda prosperar si cuenta con el apoyo de, al menos, el 50% del capital social del Sabadell\u201d. Fuentes conocedoras de la tramitaci\u00f3n de la opa apuntan que Junts tendr\u00e1 complicado recabar apoyos para hacer prosperar su propuesta porque el redactado \u201cchoca con las normas comunitarias de competencia\u201d. <\/p>\n<p class=\"\">Junts trata de capitalizar de esta manera la resistencia catalana a la ofensiva del BBVA. En Catalu\u00f1a, la independencia operativa del banco vallesano <a href=\"https:\/\/elpais.com\/economia\/2025-05-05\/la-opa-bancaria-se-convierte-en-el-hit-del-cercle-y-sanchez-marca-el-ritmo.html\" target=\"_blank\" rel=\"noreferrer nofollow noopener\" title=\"https:\/\/elpais.com\/economia\/2025-05-05\/la-opa-bancaria-se-convierte-en-el-hit-del-cercle-y-sanchez-marca-el-ritmo.html\">se ha planteado como un asunto clave<\/a> para conservar un activo que muscula la actividad de las empresas catalanas, sobre todo las pymes, y que da identidad propia en un sistema bancario que tiende hacia la concentraci\u00f3n. <\/p>\n<p class=\"\">El <a href=\"https:\/\/elpais.com\/espana\/catalunya\/2025-10-01\/pimec-alerta-a-feijoo-de-que-la-actual-financiacion-catalana-pone-en-jaque-la-competitividad-de-las-empresas.html\" target=\"_blank\" rel=\"noreferrer nofollow noopener\" title=\"https:\/\/elpais.com\/espana\/catalunya\/2025-10-01\/pimec-alerta-a-feijoo-de-que-la-actual-financiacion-catalana-pone-en-jaque-la-competitividad-de-las-empresas.html\">presidente de Pimec<\/a>, Antoni Ca\u00f1ete, pidi\u00f3 este mi\u00e9rcoles \u201cjuego limpio\u201d a los accionistas de Banco Sabadell en la opa del BBVA a la entidad catalana y reiter\u00f3 que de llevarse a cabo, crear\u00e1 un problema sobre todo a las peque\u00f1as y medianas empresas. En una entrevista en La2, Ca\u00f1ete asegur\u00f3 que \u201cmuchas\u201d empresas han llamado a Pimec al respecto de las consecuencias de la posible operaci\u00f3n y se\u00f1al\u00f3 que de producirse la opa, el empresario que quiera un cr\u00e9dito tendr\u00e1 un problema. <\/p>\n<p class=\"\">El regreso de la sede social del banco a Sabadell el pasado mes de enero fue celebrado como una inyecci\u00f3n de autoestima, desde el Govern y desde amplios sectores vinculados con las empresas y la econom\u00eda, y el propio Salvador Illa. \u201cEstamos contentos, vamos por el buen camino\u201d, dijo entonces, al tiempo que presum\u00eda de estar reordenando las piezas para devolver \u201cla normalidad\u201d a Catalu\u00f1a, tras la agitaci\u00f3n del proc\u00e9s. <\/p>\n<p class=\"\">Junts, en las votaciones que se celebran este jueves en el Parlament, cuenta con poder arrancar el apoyo de Esquerra en lo que refiere a las trabas para la opa. Los republicanos ya impulsaron <a href=\"https:\/\/elpais.com\/espana\/catalunya\/2025-06-05\/el-rechazo-a-la-opa-del-bbva-sobre-el-sabadell-pone-de-acuerdo-a-la-mayoria-de-partidos-en-el-parlament.html\" target=\"_blank\" rel=\"noreferrer nofollow noopener\" title=\"https:\/\/elpais.com\/espana\/catalunya\/2025-06-05\/el-rechazo-a-la-opa-del-bbva-sobre-el-sabadell-pone-de-acuerdo-a-la-mayoria-de-partidos-en-el-parlament.html\">un posicionamiento de rechazo<\/a> el pasado mes de junio. Entonces, tambi\u00e9n PSC y Comuns se unieron a un ins\u00f3lito frente com\u00fan para apremiar al Gobierno a \u201cimpedir la materializaci\u00f3n\u201d de la operaci\u00f3n por razones de \u201cinter\u00e9s general\u201d. Se desmarcaron de aquella propuesta la CUP, junto con Vox y PP.<\/p>\n<p class=\"\">En cualquier caso, Junts y ERC quedan lejos de la mayor\u00eda, incluso contando con el respaldo de los Comuns, y el apoyo del PSC ser\u00eda esencial para aprobar la propuesta de resoluci\u00f3n que plantea el partido de Puigdemont. El l\u00edder del PP en el Parlament, <a href=\"https:\/\/elpais.com\/espana\/catalunya\/2025-04-06\/el-desafio-literario-de-alejandro-fernandez-a-feijoo-pilla-a-contrapie-al-pp-es-un-error-lavar-la-ropa-sucia-en-publico.html\" target=\"_blank\" rel=\"noreferrer nofollow noopener\" title=\"https:\/\/elpais.com\/espana\/catalunya\/2025-04-06\/el-desafio-literario-de-alejandro-fernandez-a-feijoo-pilla-a-contrapie-al-pp-es-un-error-lavar-la-ropa-sucia-en-publico.html\">Alejandro Fern\u00e1ndez<\/a>, ha acusado a Illa de \u201crendir pleites\u00eda\u201d a Puigdemont por reunirse con \u00e9l en B\u00e9lgica. <\/p>\n<p class=\"\">\u201cMe debo solo al inter\u00e9s general de Catalu\u00f1a\u201d, ha repetido Illa en varios momentos del pleno, que se est\u00e1 celebrando desde el martes, pero las dudas legales en materia de libre competencia que plantea el redactado que ha hecho Junts pueden alejar al grupo socialista. <\/p>\n<p class=\"\">Los miembros de la asociaci\u00f3n de Accionistas Minoritarios de Banco Sabadell se concentraron este mi\u00e9rcoles ante la sede para escenificar su rechazo a la oferta del BBVA. La asociaci\u00f3n ha reiterado su intenci\u00f3n de no acudir a la oferta, ya que considera que \u201cno reconoce el verdadero valor del Banco Sabadell ni de sus accionistas\u201d. <\/p>\n","protected":false},"excerpt":{"rendered":"En v\u00edsperas de que se conozca cu\u00e1ntos accionistas del Banco Sabadell ven con buenos ojos la oferta del&hellip;\n","protected":false},"author":2,"featured_media":164282,"comment_status":"","ping_status":"","sticky":false,"template":"","format":"standard","meta":{"footnotes":""},"categories":[80],"tags":[3287,3285,82,3834,7899,20881,95,94,25,24,3837,6558,14637,13347,23],"class_list":{"0":"post-164281","1":"post","2":"type-post","3":"status-publish","4":"format-standard","5":"has-post-thumbnail","7":"category-economia","8":"tag-banco-sabadell","9":"tag-bbva","10":"tag-business","11":"tag-carles-puigdemont","12":"tag-cnmv","13":"tag-competencia","14":"tag-economia","15":"tag-economy","16":"tag-es","17":"tag-espana","18":"tag-juntsxcat","19":"tag-opa-hostil","20":"tag-psc","21":"tag-salvador-illa","22":"tag-spain"},"share_on_mastodon":{"url":"","error":""},"_links":{"self":[{"href":"https:\/\/www.europesays.com\/es\/wp-json\/wp\/v2\/posts\/164281","targetHints":{"allow":["GET"]}}],"collection":[{"href":"https:\/\/www.europesays.com\/es\/wp-json\/wp\/v2\/posts"}],"about":[{"href":"https:\/\/www.europesays.com\/es\/wp-json\/wp\/v2\/types\/post"}],"author":[{"embeddable":true,"href":"https:\/\/www.europesays.com\/es\/wp-json\/wp\/v2\/users\/2"}],"replies":[{"embeddable":true,"href":"https:\/\/www.europesays.com\/es\/wp-json\/wp\/v2\/comments?post=164281"}],"version-history":[{"count":0,"href":"https:\/\/www.europesays.com\/es\/wp-json\/wp\/v2\/posts\/164281\/revisions"}],"wp:featuredmedia":[{"embeddable":true,"href":"https:\/\/www.europesays.com\/es\/wp-json\/wp\/v2\/media\/164282"}],"wp:attachment":[{"href":"https:\/\/www.europesays.com\/es\/wp-json\/wp\/v2\/media?parent=164281"}],"wp:term":[{"taxonomy":"category","embeddable":true,"href":"https:\/\/www.europesays.com\/es\/wp-json\/wp\/v2\/categories?post=164281"},{"taxonomy":"post_tag","embeddable":true,"href":"https:\/\/www.europesays.com\/es\/wp-json\/wp\/v2\/tags?post=164281"}],"curies":[{"name":"wp","href":"https:\/\/api.w.org\/{rel}","templated":true}]}}