{"id":164287,"date":"2025-10-09T04:12:08","date_gmt":"2025-10-09T04:12:08","guid":{"rendered":"https:\/\/www.europesays.com\/es\/164287\/"},"modified":"2025-10-09T04:12:08","modified_gmt":"2025-10-09T04:12:08","slug":"el-clasico-irrumpe-en-el-duelo-cangas-logrono","status":"publish","type":"post","link":"https:\/\/www.europesays.com\/es\/164287\/","title":{"rendered":"El Cl\u00e1sico irrumpe en el duelo Cangas-Logro\u00f1o"},"content":{"rendered":"<p class=\"ft-text ft-helper-closenews\"><strong>El Cl\u00e1sico se entromete en el camino del Frigor\u00edficos del Morrazo<\/strong>. El duelo cumbre del f\u00fatbol espa\u00f1ol entre el <strong>Real Madrid y el Barcelona <\/strong>ya tiene fijado su horario para el <strong>domingo 26 a partir de las 16.15 horas.<\/strong> El problema para el Balonm\u00e1n Cangas es que el choque se disputar\u00e1 en la misma franja horaria que su<strong> duelo ante el Logro\u00f1o<\/strong> La Rioja, ya que este ser\u00e1 ese mismo domingo<strong> a las 17.30 horas en el pabell\u00f3n de O Gata\u00f1al. <\/strong><\/p>\n<p class=\"ft-text\">La preocupaci\u00f3n es evidente en el seno del club cangu\u00e9s, que teme que el duelo entre blancos y blaugrana pueda incidir negativamente en la entrada al pabell\u00f3n. M\u00e1s a\u00fan en un choque ante un rival a priori superior y ante el que se necesitar\u00e1 toda la ayuda posible, y la que aportan las gradas de O Gata\u00f1al es notable. Con todo, se conf\u00eda en que finalmente se imponga la fidelidad a los colores cangueses.<\/p>\n<p data-close=\"closedContent\" class=\"subscribeHideForDisplay\">Suscr\u00edbete para seguir leyendo<\/p>\n","protected":false},"excerpt":{"rendered":"El Cl\u00e1sico se entromete en el camino del Frigor\u00edficos del Morrazo. El duelo cumbre del f\u00fatbol espa\u00f1ol entre&hellip;\n","protected":false},"author":2,"featured_media":164288,"comment_status":"","ping_status":"","sticky":false,"template":"","format":"standard","meta":{"footnotes":""},"categories":[278],"tags":[1672,376,210,2903,5145,168,320,25,24,1673,375,1063,1675,6173,3048,23,167],"class_list":{"0":"post-164287","1":"post","2":"type-post","3":"status-publish","4":"format-standard","5":"has-post-thumbnail","7":"category-balonmano","8":"tag-balonman-cangas","9":"tag-balonmano","10":"tag-barcelona","11":"tag-cangas","12":"tag-clasico","13":"tag-deportes","14":"tag-duelo","15":"tag-es","16":"tag-espana","17":"tag-frigorificos-del-morrazo","18":"tag-handball","19":"tag-irrumpe","20":"tag-liga-asobal","21":"tag-logrono","22":"tag-real-madrid","23":"tag-spain","24":"tag-sports"},"share_on_mastodon":{"url":"","error":""},"_links":{"self":[{"href":"https:\/\/www.europesays.com\/es\/wp-json\/wp\/v2\/posts\/164287","targetHints":{"allow":["GET"]}}],"collection":[{"href":"https:\/\/www.europesays.com\/es\/wp-json\/wp\/v2\/posts"}],"about":[{"href":"https:\/\/www.europesays.com\/es\/wp-json\/wp\/v2\/types\/post"}],"author":[{"embeddable":true,"href":"https:\/\/www.europesays.com\/es\/wp-json\/wp\/v2\/users\/2"}],"replies":[{"embeddable":true,"href":"https:\/\/www.europesays.com\/es\/wp-json\/wp\/v2\/comments?post=164287"}],"version-history":[{"count":0,"href":"https:\/\/www.europesays.com\/es\/wp-json\/wp\/v2\/posts\/164287\/revisions"}],"wp:featuredmedia":[{"embeddable":true,"href":"https:\/\/www.europesays.com\/es\/wp-json\/wp\/v2\/media\/164288"}],"wp:attachment":[{"href":"https:\/\/www.europesays.com\/es\/wp-json\/wp\/v2\/media?parent=164287"}],"wp:term":[{"taxonomy":"category","embeddable":true,"href":"https:\/\/www.europesays.com\/es\/wp-json\/wp\/v2\/categories?post=164287"},{"taxonomy":"post_tag","embeddable":true,"href":"https:\/\/www.europesays.com\/es\/wp-json\/wp\/v2\/tags?post=164287"}],"curies":[{"name":"wp","href":"https:\/\/api.w.org\/{rel}","templated":true}]}}