{"id":164300,"date":"2025-10-09T04:22:09","date_gmt":"2025-10-09T04:22:09","guid":{"rendered":"https:\/\/www.europesays.com\/es\/164300\/"},"modified":"2025-10-09T04:22:09","modified_gmt":"2025-10-09T04:22:09","slug":"a-todos-nos-caia-bien","status":"publish","type":"post","link":"https:\/\/www.europesays.com\/es\/164300\/","title":{"rendered":"\u00abA todos nos ca\u00eda bien\u00bb"},"content":{"rendered":"<p style=\"\">\u00abLaura&#8230; S\u00ed, claro que la conoc\u00eda, una mujer muy joven y simp\u00e1tica. Siempre iba con el jefe de obra de un lado a otro. Con nosotros no hablaba mucho, solo para saludarnos, &#8216;buenos d\u00edas&#8217;, &#8216;buenas tardes&#8217;&#8230; Pero era simp\u00e1tica, a todos nos ca\u00eda bien\u00bb.  &#8230; Doukara Sab, obrero maliense y superviviente del derrumbe del edificio de la calle Higueras \u2013\u00abestoy vivo de milagro, estaba arriba cuando todo se vino abajo y ni s\u00e9 c\u00f3mo sal\u00ed de all\u00ed\u00bb, dice\u2013, hace un esfuerzo para recordar a los compa\u00f1eros que quedaron bajo toneladas de escombros. Recuerda al ecuatoriano Jorge, al guineano Alfa, a su compatriota Moussa Dembele y, por supuesto, a la joven arquitecta espa\u00f1ola Laura Rodr\u00edguez Sabin. Todos ellos ten\u00edan entre 30 y 55 a\u00f1os.<\/p>\n<p class=\"voc-p\" style=\"\">El d\u00eda anterior, cuando Doukara y varios compa\u00f1eros de obra procedentes de Senegal, Mauritania o el propio Mali trataban de recuperar las fuerzas y el \u00e1nimo en un D\u00f6ner Kebab pr\u00f3ximo a Tirso de Molina, apenas dos horas despu\u00e9s del siniestro, el nombre de Laura empez\u00f3 a circular, casi como un susurro, entre el desolado grupo. Era una de los cuatro desaparecidos. Su cuerpo <a href=\"https:\/\/www.abc.es\/espana\/madrid\/historia-edificio-derrumbado-opera-rehabilitacion-estado-conservacion-20251007160734-nt.html\" target=\"_self\" data-voc-vtm-id=\"in-text-traffic\" title=\"fue rescatado hacia las dos de la madrugada\" data-mrf-link=\"www.abc.es\" rel=\"nofollow noopener\">fue rescatado hacia las dos de la madrugada<\/a> del martes al mi\u00e9rcoles.<\/p>\n<p class=\"voc-p\" style=\"\">Desde enero de 2022, Laura Rodr\u00edguez Sabin, nacida en Madrid, en 1995, ejerc\u00eda como jefa de Producci\u00f3n en Rebilita Habilita SL, empresa a la que hab\u00eda llegado un a\u00f1o antes, previo paso por UVE de Valoraciones, donde realiz\u00f3 tareas de tasadora en pr\u00e1cticas, y PROJASP S.L., compa\u00f1\u00eda de medici\u00f3n de planos base. En 2019 se hab\u00eda graduado en la Escuela T\u00e9cnica Superior de Arquitectura de Madrid (Universidad Polit\u00e9cnica), centro donde estudi\u00f3 el M\u00e1ster Habilitante. En 2013 recibi\u00f3 una beca de excelencia de la Comunidad de Madrid para Estudios Universitarios.<\/p>\n<p class=\"voc-p\" style=\"\">Doukara Sab explica a ABC que en las obra de reforma del inmueble de la calle de Higueras se hab\u00edan habilitado cuatro ba\u00f1os, \u00abdos para los trabajadores y dos para la gente de oficinas. He o\u00eddo que Laura <a href=\"https:\/\/www.abc.es\/espana\/madrid\/hablan-varios-testigos-derrumbe-edificio-plaza-opera-20251007150348-nt.html#vca=modulo-rel-uno&amp;vso=abc&amp;vmc=noticias-rel&amp;vli=espana\" target=\"_self\" data-voc-vtm-id=\"in-text-traffic\" title=\"estaba en el ba\u00f1o cuando el edificio colaps\u00f3\" data-mrf-link=\"www.abc.es\" rel=\"nofollow noopener\">estaba en el ba\u00f1o cuando el edificio colaps\u00f3<\/a>. Mi compa\u00f1ero Moussa tambi\u00e9n estaba en el ba\u00f1o cuando todo se derrumb\u00f3\u00bb.<\/p>\n<p><img decoding=\"async\" loading=\"lazy\" src=\"https:\/\/www.europesays.com\/es\/wp-content\/uploads\/2025\/10\/foto-hileras-U53307234405jAa-760x427@diario_abc.jpg\" class=\"voc-img\" width=\"760\" height=\"427\" alt=\"Moussa Dambele, el obrero maliense fallecido en la tragedia de Hileras\" data-voc-vtm-id=\"in-text-traffic\"\/><\/p>\n<p>Moussa Dambele, el obrero maliense fallecido en la tragedia de Hileras<\/p>\n<p>ABC<\/p>\n<p class=\"voc-p\" style=\"\">Moussa Dembele, seg\u00fan Douka, llevaba poco tiempo en Espa\u00f1a. Nacido en Mali y padre de cinco hijos \u00abllevaba pocos d\u00edas en la obra de la calle Higueras, no s\u00e9 si llegaba a la semana. No sab\u00eda espa\u00f1ol, s\u00f3lo hablaba bambara \u2013idioma propio de N\u00edger y Mali\u2013. Trabajaba a mi lado y tuvo la mala suerte de ir al ba\u00f1o. Alfa, otro muerto, tambi\u00e9n trabajaba conmigo. Alfa, que era guineano, hablaba el castellano y el fula\u00bb.<\/p>\n<p class=\"voc-p\" style=\"\">Jorge, el otro fallecido en esta tragedia, era un ecuatoriano originario de la ciudad de Quito. La embajada de este pa\u00eds en Espa\u00f1a public\u00f3 ayer un comunicado expresando su \u00abprofundo pesar\u00bb ante esta cat\u00e1strofe. La embajadora Wilma Andrade ha dispuesto a la encargada de las funciones consulares en Madrid que mantenga contacto directo con los familiares para \u00abofrecerles asistencia y acompa\u00f1amiento continuo, as\u00ed como coordinar con las autoridades competentes y con la empresa involucrada para garantizar que se atienda debidamente esta lamentable situaci\u00f3n\u00bb<\/p>\n<p class=\"voc-p\" style=\"\">Hoy, Doukara, como el mauritano Keita y varias decenas de trabajadores m\u00e1s, esperan en sus casas la llamada que les reactive laboralmente, mientras asumen que el suyo es \u00abun oficio arriesgado, a veces da miedo. Pero seguiremos con las obras que salgan\u00bb. Y explica con resignaci\u00f3n: \u00abA\u00fan no hemos podido recoger nuestras cosas, las llaves, las bolsas, la ropa&#8230; Mucho se ha quedado all\u00ed dentro\u00bb.<\/p>\n","protected":false},"excerpt":{"rendered":"\u00abLaura&#8230; S\u00ed, claro que la conoc\u00eda, una mujer muy joven y simp\u00e1tica. Siempre iba con el jefe de&hellip;\n","protected":false},"author":2,"featured_media":164301,"comment_status":"","ping_status":"","sticky":false,"template":"","format":"standard","meta":{"footnotes":""},"categories":[173],"tags":[17420,229,233,231,230,14649,48446,232,234,146,147,25,24,6040,34427,3459,4125,12082,23],"class_list":{"0":"post-164300","1":"post","2":"type-post","3":"status-publish","4":"format-standard","5":"has-post-thumbnail","7":"category-arte-y-diseno","8":"tag-arquitecta","9":"tag-arte","10":"tag-arte-y-diseno","11":"tag-arts","12":"tag-arts-and-design","13":"tag-bien","14":"tag-caia","15":"tag-design","16":"tag-diseno","17":"tag-entertainment","18":"tag-entretenimiento","19":"tag-es","20":"tag-espana","21":"tag-estudiante","22":"tag-excelente","23":"tag-laura","24":"tag-obra","25":"tag-pie","26":"tag-spain"},"share_on_mastodon":{"url":"","error":""},"_links":{"self":[{"href":"https:\/\/www.europesays.com\/es\/wp-json\/wp\/v2\/posts\/164300","targetHints":{"allow":["GET"]}}],"collection":[{"href":"https:\/\/www.europesays.com\/es\/wp-json\/wp\/v2\/posts"}],"about":[{"href":"https:\/\/www.europesays.com\/es\/wp-json\/wp\/v2\/types\/post"}],"author":[{"embeddable":true,"href":"https:\/\/www.europesays.com\/es\/wp-json\/wp\/v2\/users\/2"}],"replies":[{"embeddable":true,"href":"https:\/\/www.europesays.com\/es\/wp-json\/wp\/v2\/comments?post=164300"}],"version-history":[{"count":0,"href":"https:\/\/www.europesays.com\/es\/wp-json\/wp\/v2\/posts\/164300\/revisions"}],"wp:featuredmedia":[{"embeddable":true,"href":"https:\/\/www.europesays.com\/es\/wp-json\/wp\/v2\/media\/164301"}],"wp:attachment":[{"href":"https:\/\/www.europesays.com\/es\/wp-json\/wp\/v2\/media?parent=164300"}],"wp:term":[{"taxonomy":"category","embeddable":true,"href":"https:\/\/www.europesays.com\/es\/wp-json\/wp\/v2\/categories?post=164300"},{"taxonomy":"post_tag","embeddable":true,"href":"https:\/\/www.europesays.com\/es\/wp-json\/wp\/v2\/tags?post=164300"}],"curies":[{"name":"wp","href":"https:\/\/api.w.org\/{rel}","templated":true}]}}