{"id":164302,"date":"2025-10-09T04:23:09","date_gmt":"2025-10-09T04:23:09","guid":{"rendered":"https:\/\/www.europesays.com\/es\/164302\/"},"modified":"2025-10-09T04:23:09","modified_gmt":"2025-10-09T04:23:09","slug":"un-libro-muestra-el-universo-de-mario-vargas-llosa-en-100-palabras-clave-y-una-letra-especial-cultura","status":"publish","type":"post","link":"https:\/\/www.europesays.com\/es\/164302\/","title":{"rendered":"Un libro muestra el universo de Mario Vargas Llosa en 100 palabras clave y una letra especial | Cultura"},"content":{"rendered":"<p class=\"\">De la a de academia a la z de zozobra \u2014por la infancia sin padre, que no conoci\u00f3 hasta los 11 a\u00f1os\u2014, hay palabras clave para conocer la vida del escritor <a href=\"https:\/\/elpais.com\/cultura\/2025-04-14\/muere-mario-vargas-llosa-gigante-de-las-letras-universales.html\" target=\"_self\" rel=\"nofollow noopener\" title=\"https:\/\/elpais.com\/cultura\/2025-04-14\/muere-mario-vargas-llosa-gigante-de-las-letras-universales.html\">Mario Vargas Llosa, fallecido en abril<\/a>, y entender su monumental obra. Un libro con cien de esos t\u00e9rminos, glosados por familiares \u2014sus tres hijos\u2014, amigos, escritores, fil\u00f3sofos o cineastas, y una letra, la \u00f1 \u2014sobre cuya historia escribe Mart\u00edn Caparr\u00f3s\u2014, componen el <a href=\"https:\/\/cultura.cervantes.es\/espanya\/es\/diccionario-mario-vargas-llosa.-habit%C3%B3-las-palabras--arequipa\/181199\" target=\"_self\" rel=\"nofollow noopener\" title=\"https:\/\/cultura.cervantes.es\/espanya\/es\/diccionario-mario-vargas-llosa.-habit%C3%B3-las-palabras--arequipa\/181199\">Diccionario Mario Vargas Llosa. Habit\u00f3 las palabras<\/a>. El libro lo publica el Instituto Cervantes con motivo del <a href=\"https:\/\/elpais.com\/noticias\/congreso-internacional-lengua-espanola\/\" target=\"_self\" rel=\"nofollow noopener\" title=\"https:\/\/elpais.com\/noticias\/congreso-internacional-lengua-espanola\/\">X Congreso Internacional de la Lengua Espa\u00f1ola<\/a>, que se celebra del 13 al 17 de octubre en Arequipa, ciudad natal del premio Nobel de Literatura.<\/p>\n<p class=\"\">El diccionario, que se presenta el d\u00eda 14, martes, en la Biblioteca de Mario Vargas Llosa en Arequipa, atraviesa las obras fundamentales de este autor, tambi\u00e9n las otras facetas de su prol\u00edfica trayectoria, como ensayista y periodista, as\u00ed como sus opiniones sobre pol\u00edtica y cultura. E<a href=\"https:\/\/elpais.com\/noticias\/luis-garcia-montero\/\" target=\"_self\" rel=\"nofollow noopener\" title=\"https:\/\/elpais.com\/noticias\/luis-garcia-montero\/\">l director del Cervantes, Luis Garc\u00eda Montero<\/a>, en conversaci\u00f3n telef\u00f3nica, dice que era importante que en el libro \u201cestuviera su familia, que hubiera figuras de la literatura peruana y una presencia de escritores significativos\u201d. \u201cTambi\u00e9n que fueran personas que lo hubieran conocido en distintas etapas de su vida. Todos ellos son lectores que cuentan su experiencia con la literatura de Vargas Llosa para hacerla suya\u201d, a\u00f1ade.<\/p>\n<p>M\u00e1s informaci\u00f3n<\/p>\n<p class=\"\">Garc\u00eda Montero explica por qu\u00e9 escogi\u00f3 para s\u00ed la palabra espect\u00e1culo. \u201cMe interes\u00f3 por la reflexi\u00f3n de Mario en su ensayo La civilizaci\u00f3n del espect\u00e1culo (2012). En \u00e9l plantea cuando una sociedad democr\u00e1tica cambia la representaci\u00f3n profunda de las cosas por una escenificaci\u00f3n fr\u00edvola. Es un libro que me ha ayudado a comprender lo que est\u00e1 pasando con Trump o algunas cosas de la pol\u00edtica en Madrid\u00bb.<\/p>\n<p class=\"\"><a href=\"https:\/\/elpais.com\/babelia\/2021-06-26\/pilar-reyes-para-ser-editora-necesitas-lecturas-curiosidad-y-grandes-dosis-de-optimismo.html\" target=\"_self\" rel=\"nofollow noopener\" title=\"https:\/\/elpais.com\/babelia\/2021-06-26\/pilar-reyes-para-ser-editora-necesitas-lecturas-curiosidad-y-grandes-dosis-de-optimismo.html\">Pilar Reyes<\/a>, directora editorial de Alfaguara, se ocupa del vocablo obra. La del hispanoperuano est\u00e1 compuesta por \u201c20 novelas, 13 ensayos literarios, cuentos, obras de teatro, memorias, ensayos pol\u00edticos, dos libros para ni\u00f1os y una cantidad de columnas de opini\u00f3n que suman miles de p\u00e1ginas\u201d.<\/p>\n<p><img decoding=\"auto\" class=\"_re lazyload a_m-h\" height=\"276\"  width=\"414\"  src=\"https:\/\/www.europesays.com\/es\/wp-content\/uploads\/2025\/10\/SSMNYPN6KNBFXL4X6TIMLJ2Q4I.jpg\" loading=\"lazy\"\/>Mario Vargas Llosa, cuando celebr\u00f3 su 70 cumplea\u00f1os con su familia y amigos, en un restaurante de Lima, en 2006.EFE\/Sergio Urday<\/p>\n<p class=\"\">Por su parte, el <a href=\"https:\/\/elpais.com\/noticias\/santiago-munoz-machado\/\" target=\"_self\" rel=\"nofollow noopener\" title=\"https:\/\/elpais.com\/noticias\/santiago-munoz-machado\/\">director de la Real Academia Espa\u00f1ola (RAE), Santiago Mu\u00f1oz Machado<\/a>, escribe sobre la voz academia, en un art\u00edculo en el que se refiere a las tres de las que Vargas Llosa fue miembro. La peruana, en la que ingres\u00f3 con un discurso que inclu\u00eda su idea central de qu\u00e9 es la literatura, \u201cuna escurridiza verdad hecha de falsedades\u201d. La espa\u00f1ola, en la que dedic\u00f3 su <a href=\"https:\/\/www.rae.es\/sites\/default\/files\/Discurso_Ingreso_Mario_Vargas_Llosa.pdf\" target=\"_self\" rel=\"nofollow noopener\" title=\"https:\/\/www.rae.es\/sites\/default\/files\/Discurso_Ingreso_Mario_Vargas_Llosa.pdf\">discurso a Jos\u00e9 Mart\u00ednez Ruiz, Azor\u00edn<\/a>, y la francesa, donde mostr\u00f3 su gratitud a Flaubert y su Madame Bovary.<\/p>\n<p class=\"\">En este \u201chomenaje coral y panhisp\u00e1nico\u201d, como escribe en el pr\u00f3logo la directora de Cultura, Bibliotecas y Cultura Digital del Cervantes, Raquel Caleya Ca\u00f1a, se le asign\u00f3 al poeta y diplom\u00e1tico <a href=\"https:\/\/www.gob.pe\/institucion\/embajada-del-peru-en-espana\/funcionarios\/96161-alonso-jose-ruiz-rosas-cateriano\" target=\"_self\" rel=\"nofollow noopener\" title=\"https:\/\/www.gob.pe\/institucion\/embajada-del-peru-en-espana\/funcionarios\/96161-alonso-jose-ruiz-rosas-cateriano\">Alonso Ruiz Rosas<\/a> la palabra Arequipa, que tambi\u00e9n es su ciudad natal. Ruiz Rosas recuerda que la familia de Vargas Llosa \u2014que hab\u00eda llegado a la ciudad de los tres volcanes a inicios del siglo XVIII\u2014 se traslad\u00f3 a Cochabamba (Bolivia) cuando \u00e9l era un beb\u00e9 de apenas un a\u00f1o. Con el tiempo, volvi\u00f3 muchas veces y, ya como autor c\u00e9lebre, leg\u00f3 a la ciudad su biblioteca. Cochabamba fue \u201cun ed\u00e9n\u201d para el Vargas Llosa ni\u00f1o, apunta el escritor boliviano Edmundo Paz Sold\u00e1n, que naci\u00f3 all\u00ed.<\/p>\n<p class=\"\">Asimismo, un peque\u00f1o para\u00edso fue <a href=\"https:\/\/elpais.com\/elviajero\/2025-06-18\/que-hacer-24-horas-en-el-barrio-limeno-de-miraflores.html\" target=\"_self\" rel=\"nofollow noopener\" title=\"https:\/\/elpais.com\/elviajero\/2025-06-18\/que-hacer-24-horas-en-el-barrio-limeno-de-miraflores.html\">Miraflores, el barrio de Lima<\/a> al que lleg\u00f3 con su madre con 11 a\u00f1os, cuenta la periodista y escritora <a href=\"https:\/\/elpais.com\/autor\/fietta-jarque\/\" target=\"_self\" rel=\"nofollow noopener\" title=\"https:\/\/elpais.com\/autor\/fietta-jarque\/\">Fietta Jarque<\/a>. Alli pas\u00f3 \u201cuna adolescencia de flirteos, deportes, ir a la playa o a la piscina\u201d. \u201cIr al cine, fumar, bailar\u201d.<\/p>\n<p class=\"\">Ignacio Mart\u00ednez de Pis\u00f3n escribe sobre otra ciudad, Barcelona, en la que se estableci\u00f3 Vargas Llosa en 1970 y con la que forj\u00f3 s\u00f3lidos v\u00ednculos: all\u00ed gan\u00f3 el Premio Biblioteca Breve, \u201cel que lo lanz\u00f3 como novelista\u201d; conoci\u00f3 a su agente literaria, <a href=\"https:\/\/elpais.com\/noticias\/carmen-balcells\/\" target=\"_self\" rel=\"nofollow noopener\" title=\"https:\/\/elpais.com\/noticias\/carmen-balcells\/\">Carmen Balcells<\/a>; a su editor, Carlos Barral, y all\u00ed viv\u00eda su entonces amigo Gabriel Garc\u00eda M\u00e1rquez.<\/p>\n<p><img decoding=\"auto\" class=\"_re lazyload a_m-h\" height=\"277\"  width=\"414\"  src=\"https:\/\/www.europesays.com\/es\/wp-content\/uploads\/2025\/10\/UEFES45N7FATJD4VY4N3XEDDSU.jpg\" loading=\"lazy\"\/>La directora editorial de Alfaguara, Pilar Reyes, interven\u00eda en el homenaje a Vargas Llosa en la Feria del Libro de Madrid, el 31 de mayo de 2025.MOEH ATITAR<\/p>\n<p class=\"\">En la capital catalana convivieron varios de los miembros del boom, voz que dio nombre a \u201cla galaxia de grandes escritores en espa\u00f1ol que publicaron sus mayores obras en los sesenta y setenta\u201d, se\u00f1ala el periodista Xavier Ay\u00e9n. Fueron autores que \u201ccompart\u00edan amistad, el compromiso con la izquierda latinoamericana y una idea trascendente de lo que era la novela\u201d. De paso, Ay\u00e9n recuerda que el primero que us\u00f3 la palabra boom para referirse a este fen\u00f3meno literario fue el periodista Luis Harss en una revista argentina, en 1966.<\/p>\n<p class=\"\">La escritora y acad\u00e9mica <a href=\"https:\/\/www.rae.es\/academico\/carme-riera-guilera\" target=\"_self\" rel=\"nofollow noopener\" title=\"https:\/\/www.rae.es\/academico\/carme-riera-guilera\">Carme Riera<\/a> se ocupa de la palabra catedral, que remite al t\u00edtulo de la novela que a Vargas Llosa m\u00e1s le cost\u00f3 escribir, como \u00e9l mismo reconoci\u00f3, Conversaci\u00f3n en La Catedral (1969), en cuyo comienzo aparece la famosa frase: \u201c\u00bfEn qu\u00e9 momento se hab\u00eda jodido el Per\u00fa?\u201c. Obra ambientada en \u201dun bar restaurante de mala muerte\u00bb, apunta Riera, durante la dictadura del general Odr\u00eda. Dictadura es otro vocablo imprescindible en la literatura vargasllosiana, como subraya <a href=\"https:\/\/elpais.com\/autor\/juan-gabriel-vasquez\/\" target=\"_self\" rel=\"nofollow noopener\" title=\"https:\/\/elpais.com\/autor\/juan-gabriel-vasquez\/\">Juan Gabriel V\u00e1squez<\/a>, para referirse a novelas como La Fiesta del Chivo (sobre la Rep\u00fablica Dominicana de Trujillo) y Tiempos recios (en Guatemala).<\/p>\n<p class=\"\">Sobre su labor en la prensa, el periodista y escritor <a href=\"https:\/\/elpais.com\/noticias\/juan-cruz\/\" target=\"_self\" rel=\"nofollow noopener\" title=\"https:\/\/elpais.com\/noticias\/juan-cruz\/\">Juan Cruz<\/a> destaca la autobiograf\u00eda El pez en el agua (1993), \u201cun libro excepcional\u201d; \u201cun breviario de su modo de abordar este oficio\u201d.<\/p>\n<p><img decoding=\"auto\" class=\"_re lazyload a_m-h\" height=\"186\"  width=\"414\"  src=\"https:\/\/www.europesays.com\/es\/wp-content\/uploads\/2025\/10\/UEYLSTT72RH3HFUYUWFZJWQHQ4.jpg\" loading=\"lazy\"\/>Vargas Llosa, tras recoger la medalla y el diploma que le reconoc\u00edan con el Premio Nobel de Literatura, el 10 de diciembre de 2010.EFE\/Javier Liz\u00f3n<\/p>\n<p class=\"\">En el habla peruana, que tanto dio a conocer el autor del cuento Los jefes, el t\u00e9rmino jefe se refiere \u201ca la autoridad, aplicado tanto al patr\u00f3n como al polic\u00eda\u201d, apunta <a href=\"https:\/\/elpais.com\/noticias\/fernando-iwasaki\/\" target=\"_self\" rel=\"nofollow noopener\" title=\"https:\/\/elpais.com\/noticias\/fernando-iwasaki\/\">Fernando Iwasaki<\/a>, quien enumera algunos jefes de los libros de Vargas Llosa, \u201cque suelen ser crueles, corruptos y abusivos\u201d. De ellos destaca al sargento Lituma, personaje que se repite, de una u otra manera, en obras como La Casa Verde, La t\u00eda Julia y el escribidor o Lituma en los Andes.<\/p>\n<p class=\"\">Morgana Vargas Llosa, hija del escritor, habla en un texto emocionante de lo que signific\u00f3 la palabra madre para su padre. \u201cElla despert\u00f3 su vocaci\u00f3n de lector\u201d. \u201cLa vida y obra de Vargas Llosa no puede comprenderse sin la huella profunda que dej\u00f3 en \u00e9l la relaci\u00f3n con su madre\u201d, agrega. Gonzalo, el hijo mediano, glosa el t\u00e9rmino Per\u00fa, un pa\u00eds que para su padre fue \u201cfuente rica de experiencias y emociones contradictorias\u201d. Adem\u00e1s de \u201csuministrar el material para novelar\u201d. Mientras que el primog\u00e9nito, \u00c1lvaro, se refiere al tiempo, el narrativo, que en la literatura de su padre fund\u00eda \u201cpasado, presente y futuro\u201d.<\/p>\n<p class=\"\">Y para acabar, la palabra risa. El poeta <a href=\"https:\/\/elpais.com\/autor\/benjamin-prado\/1\/\" target=\"_self\" rel=\"nofollow noopener\" title=\"https:\/\/elpais.com\/autor\/benjamin-prado\/1\/\">Benjam\u00edn Prado<\/a> rememora las peculiares carcajadas del Nobel, y \u201cla socarroner\u00eda de Onetti cuando le dijo que no se hab\u00eda podido arreglar los dientes porque el m\u00e9dico le hab\u00eda dicho que los ten\u00eda todos Vargas Llosa\u201d.<\/p>\n","protected":false},"excerpt":{"rendered":"De la a de academia a la z de zozobra \u2014por la infancia sin padre, que no conoci\u00f3&hellip;\n","protected":false},"author":2,"featured_media":164303,"comment_status":"","ping_status":"","sticky":false,"template":"","format":"standard","meta":{"footnotes":""},"categories":[172],"tags":[48448,210,48452,224,48447,209,146,147,25,24,1489,48450,225,671,48449,991,705,48451,23],"class_list":{"0":"post-164302","1":"post","2":"type-post","3":"status-publish","4":"format-standard","5":"has-post-thumbnail","7":"category-libros","8":"tag-arequipa","9":"tag-barcelona","10":"tag-benjamin-prado","11":"tag-books","12":"tag-congreso-lengua-espanola","13":"tag-cultura","14":"tag-entertainment","15":"tag-entretenimiento","16":"tag-es","17":"tag-espana","18":"tag-espanol","19":"tag-instituto-cervantes","20":"tag-libros","21":"tag-literatura","22":"tag-luis-garcia-montero","23":"tag-mario-vargas-llosa","24":"tag-peru","25":"tag-pilar-reyes","26":"tag-spain"},"share_on_mastodon":{"url":"","error":""},"_links":{"self":[{"href":"https:\/\/www.europesays.com\/es\/wp-json\/wp\/v2\/posts\/164302","targetHints":{"allow":["GET"]}}],"collection":[{"href":"https:\/\/www.europesays.com\/es\/wp-json\/wp\/v2\/posts"}],"about":[{"href":"https:\/\/www.europesays.com\/es\/wp-json\/wp\/v2\/types\/post"}],"author":[{"embeddable":true,"href":"https:\/\/www.europesays.com\/es\/wp-json\/wp\/v2\/users\/2"}],"replies":[{"embeddable":true,"href":"https:\/\/www.europesays.com\/es\/wp-json\/wp\/v2\/comments?post=164302"}],"version-history":[{"count":0,"href":"https:\/\/www.europesays.com\/es\/wp-json\/wp\/v2\/posts\/164302\/revisions"}],"wp:featuredmedia":[{"embeddable":true,"href":"https:\/\/www.europesays.com\/es\/wp-json\/wp\/v2\/media\/164303"}],"wp:attachment":[{"href":"https:\/\/www.europesays.com\/es\/wp-json\/wp\/v2\/media?parent=164302"}],"wp:term":[{"taxonomy":"category","embeddable":true,"href":"https:\/\/www.europesays.com\/es\/wp-json\/wp\/v2\/categories?post=164302"},{"taxonomy":"post_tag","embeddable":true,"href":"https:\/\/www.europesays.com\/es\/wp-json\/wp\/v2\/tags?post=164302"}],"curies":[{"name":"wp","href":"https:\/\/api.w.org\/{rel}","templated":true}]}}