{"id":164313,"date":"2025-10-09T04:31:07","date_gmt":"2025-10-09T04:31:07","guid":{"rendered":"https:\/\/www.europesays.com\/es\/164313\/"},"modified":"2025-10-09T04:31:07","modified_gmt":"2025-10-09T04:31:07","slug":"la-gran-industria-exige-prioridad-en-la-conexion-de-nueva-capacidad-electrica-para-sostener-la-competitividad-del-sector","status":"publish","type":"post","link":"https:\/\/www.europesays.com\/es\/164313\/","title":{"rendered":"La gran industria exige prioridad en la conexi\u00f3n de nueva capacidad el\u00e9ctrica para sostener la competitividad del sector"},"content":{"rendered":"<p>Navalpotro ha advertido de los sobrecostes derivados de los servicios de ajuste y los peajes, que penalizan la competitividad de las empresas electrointensivas. En este contexto, ha recordado que la Comisi\u00f3n Europea permite establecer marcos regulatorios espec\u00edficos para sectores con alto consumo energ\u00e9tico, lo que\u00a0 -seg\u00fan el dirigente- deber\u00eda aprovecharse para mitigar las distorsiones actuales del mercado el\u00e9ctrico.<\/p>\n<p>El presidente de AEGE ha defendido adem\u00e1s la necesidad de garantizar precios energ\u00e9ticos estables y desvinculados del gas natural, apostando por contratos basados en tecnolog\u00edas no emisoras y en modelos de compra a largo plazo ajustados al perfil de consumo industrial.<\/p>\n<p>Durante su intervenci\u00f3n, Navalpotro ha hecho hincapi\u00e9 en el papel del Clean Industrial Deal como instrumento estrat\u00e9gico para avanzar en la descarbonizaci\u00f3n y la reindustrializaci\u00f3n europea, y ha urgido a aplicar sus recomendaciones para asegurar energ\u00eda competitiva y sostenible.<\/p>\n<p>\u00abEl reto es doble: descarbonizar y seguir siendo competitivos\u00bb, ha afirmado el presidente de la Asociaci\u00f3n. Sin embargo, advirti\u00f3 que \u00abla fiscalidad energ\u00e9tica actual contin\u00faa lastrando a la industria, y queda a\u00fan un amplio margen de mejora en materia de costes y acceso a la red\u00bb.<\/p>\n<p>El discurso de AEGE se produce en un momento de fuerte presi\u00f3n sobre el sistema el\u00e9ctrico, con un volumen creciente de proyectos de generaci\u00f3n renovable pendientes de conexi\u00f3n y una demanda industrial que busca recuperar tracci\u00f3n tras a\u00f1os de costes elevados y volatilidad en los precios de la energ\u00eda.<\/p>\n<p>\u00a0<\/p>\n","protected":false},"excerpt":{"rendered":"Navalpotro ha advertido de los sobrecostes derivados de los servicios de ajuste y los peajes, que penalizan la&hellip;\n","protected":false},"author":2,"featured_media":164314,"comment_status":"","ping_status":"","sticky":false,"template":"","format":"standard","meta":{"footnotes":""},"categories":[80],"tags":[82,95,94,8109,5498,25,24,48455,23],"class_list":{"0":"post-164313","1":"post","2":"type-post","3":"status-publish","4":"format-standard","5":"has-post-thumbnail","7":"category-economia","8":"tag-business","9":"tag-economia","10":"tag-economy","11":"tag-el-periodismo-de-las-energias-limpias","12":"tag-energias-renovables","13":"tag-es","14":"tag-espana","15":"tag-la-gran-industria-exige-prioridad-en-la-conexion-de-nueva-capacidad-electrica-para-sostener-la-competitividad-del-sector","16":"tag-spain"},"share_on_mastodon":{"url":"","error":""},"_links":{"self":[{"href":"https:\/\/www.europesays.com\/es\/wp-json\/wp\/v2\/posts\/164313","targetHints":{"allow":["GET"]}}],"collection":[{"href":"https:\/\/www.europesays.com\/es\/wp-json\/wp\/v2\/posts"}],"about":[{"href":"https:\/\/www.europesays.com\/es\/wp-json\/wp\/v2\/types\/post"}],"author":[{"embeddable":true,"href":"https:\/\/www.europesays.com\/es\/wp-json\/wp\/v2\/users\/2"}],"replies":[{"embeddable":true,"href":"https:\/\/www.europesays.com\/es\/wp-json\/wp\/v2\/comments?post=164313"}],"version-history":[{"count":0,"href":"https:\/\/www.europesays.com\/es\/wp-json\/wp\/v2\/posts\/164313\/revisions"}],"wp:featuredmedia":[{"embeddable":true,"href":"https:\/\/www.europesays.com\/es\/wp-json\/wp\/v2\/media\/164314"}],"wp:attachment":[{"href":"https:\/\/www.europesays.com\/es\/wp-json\/wp\/v2\/media?parent=164313"}],"wp:term":[{"taxonomy":"category","embeddable":true,"href":"https:\/\/www.europesays.com\/es\/wp-json\/wp\/v2\/categories?post=164313"},{"taxonomy":"post_tag","embeddable":true,"href":"https:\/\/www.europesays.com\/es\/wp-json\/wp\/v2\/tags?post=164313"}],"curies":[{"name":"wp","href":"https:\/\/api.w.org\/{rel}","templated":true}]}}