{"id":164317,"date":"2025-10-09T04:33:22","date_gmt":"2025-10-09T04:33:22","guid":{"rendered":"https:\/\/www.europesays.com\/es\/164317\/"},"modified":"2025-10-09T04:33:22","modified_gmt":"2025-10-09T04:33:22","slug":"estas-son-las-zonas-en-alerta-amarilla","status":"publish","type":"post","link":"https:\/\/www.europesays.com\/es\/164317\/","title":{"rendered":"Estas son las zonas en alerta amarilla"},"content":{"rendered":"<p style=\"\">Andaluc\u00eda se prepara para un importante cambio de tiempo con la llegada de la <strong>dana Alice<\/strong>, un sistema en altura que dejar\u00e1 <strong>lluvias, tormentas y un descenso de las temperaturas <\/strong>en buena parte de la comunidad durante los pr\u00f3ximos d\u00edas. Despu\u00e9s de un inicio  &#8230; de oto\u00f1o marcado por la estabilidad y las altas temperaturas, la <a href=\"https:\/\/www.aemet.es\/es\/eltiempo\/prediccion\/espana?k=and&amp;w=11\" title=\"www.aemet.es\" data-voc-vtm-id=\"in-text-traffic\" data-mrf-link=\"www.aemet.es\" rel=\"nofollow noopener\" target=\"_blank\">Aemet <\/a>ha activado <strong>avisos amarillos <\/strong>por lluvias y tormentas en varias provincias entre el mi\u00e9rcoles y el jueves.<\/p>\n<p class=\"voc-p\" style=\"\">La llegada de esta dana supondr\u00e1 el regreso de la inestabilidad atmosf\u00e9rica al sur peninsular, con un patr\u00f3n t\u00edpico de oto\u00f1o: cielos nubosos, chubascos puntualmente intensos y cambios en el r\u00e9gimen de vientos. Las precipitaciones comenzar\u00e1n de forma m\u00e1s localizada en el <strong>interior oriental<\/strong>, pero se extender\u00e1n en las jornadas siguientes al resto de Andaluc\u00eda, afectando de manera desigual a cada provincia.<\/p>\n<p>\nMi\u00e9rcoles: primeras lluvias y alerta amarilla en Almer\u00eda\n<\/p>\n<p class=\"voc-p\" style=\"\">La jornada del mi\u00e9rcoles comenzar\u00e1 con cielos poco nubosos y algunos bancos de nubes bajas en C\u00e1diz, pero a medida que avance el d\u00eda se desarrollar\u00e1 nubosidad de evoluci\u00f3n en el interior oriental.<\/p>\n<p class=\"voc-p\" style=\"\">Se esperan chubascos y tormentas localmente fuertes en las sierras del nordeste, sobre todo en el interior de<strong> Almer\u00eda, Granada y Ja\u00e9n<\/strong>.<\/p>\n<p class=\"voc-p\" style=\"\">La Aemet ha activado la <strong>alerta amarilla en Almer\u00eda a partir de las 17:00 horas<\/strong>, por precipitaciones que podr\u00edan alcanzar hasta 15 mm en una hora.<\/p>\n<p class=\"voc-p\" style=\"\">Las temperaturas m\u00ednimas se mantendr\u00e1n estables o en ligero ascenso, mientras que las m\u00e1ximas descender\u00e1n en la vertiente atl\u00e1ntica. Los vientos ser\u00e1n flojos y variables, tendiendo a componente oeste por la tarde.<\/p>\n<p>\nJueves: tormentas m\u00e1s extensas y nuevas alertas\n<\/p>\n<p class=\"voc-p\" style=\"\">El jueves, la inestabilidad ir\u00e1 a m\u00e1s. Los cielos presentar\u00e1n nubosidad de evoluci\u00f3n diurna y a partir del mediod\u00eda se esperan <strong>chubascos y tormentas localmente fuertes<\/strong> en el tercio oriental, que podr\u00e1n extenderse de forma m\u00e1s d\u00e9bil a otras sierras del interior.<\/p>\n<blockquote class=\"twitter-tweet\">\n<p lang=\"es\" dir=\"ltr\">Precipitaciones diarias previstas por el miembro de control del modelo del ECMWF (CTRL-IFS) para jueves, viernes, s\u00e1bado y domingo. <a href=\"https:\/\/t.co\/ZprcDryqoj\" rel=\"nofollow\">pic.twitter.com\/ZprcDryqoj<\/a><\/p>\n<p>\u2014 AEMET_Andaluc\u00eda (@AEMET_Andalucia) <a href=\"https:\/\/twitter.com\/AEMET_Andalucia\/status\/1975821270554956247?ref_src=twsrc%5Etfw\" rel=\"nofollow noopener\" target=\"_blank\">October 8, 2025<\/a><\/p><\/blockquote>\n<p class=\"voc-p\" style=\"\">La Aemet ha activado la <strong>alerta amarilla desde las 11:00 horas en zonas de Ja\u00e9n, Granada, Almer\u00eda y C\u00f3rdoba<\/strong>, por precipitaciones intensas acompa\u00f1adas en algunos casos de aparato el\u00e9ctrico.<\/p>\n<p class=\"voc-p\" style=\"\"><strong>Las temperaturas descender\u00e1n <\/strong>en general y soplar\u00e1n vientos flojos a moderados de componente oeste, con poniente ocasionalmente fuerte en el \u00e1rea del Estrecho.<\/p>\n<p>\nViernes: lluvias generalizadas, aunque sin alertas\n<\/p>\n<p class=\"voc-p\" style=\"\">La jornada del viernes estar\u00e1 marcada por cielos muy nubosos en buena parte de la comunidad. Se esperan <strong>chubascos y tormentas generalizados<\/strong>, m\u00e1s intensos durante la tarde y en zonas de sierra, especialmente en el interior oriental.<\/p>\n<p class=\"voc-p\" style=\"\">En el tercio occidental (<strong>Huelva, Sevilla, C\u00e1diz<\/strong>) las temperaturas podr\u00e1n mantenerse o incluso subir ligeramente, mientras que en el resto descender\u00e1n.<\/p>\n<p class=\"voc-p\" style=\"\">Soplar\u00e1n vientos de componente este, <strong>moderados a fuertes en el litoral almeriense y el Estrecho<\/strong>. No hay activadas alertas meteorol\u00f3gicas de momento para este d\u00eda.<\/p>\n<p>\nFin de semana: tiempo m\u00e1s variable pero a\u00fan inestable\n<\/p>\n<p class=\"voc-p\" style=\"\"><strong>El s\u00e1bado se prev\u00e9n intervalos de nubes y chubascos <\/strong>aislados en la mitad sureste, especialmente por la tarde en sierras orientales y el \u00e1rea del Estrecho.<\/p>\n<p class=\"voc-p\" style=\"\">El domingo, los modelos apuntan a intervalos nubosos y posibles tormentas aisladas en zonas de monta\u00f1a. <strong>Las temperaturas tender\u00e1n a mantenerse estables<\/strong> o a subir ligeramente, con vientos del este moderados, m\u00e1s intensos en el litoral almeriense y el Estrecho. A\u00fan es pronto para confirmar avisos oficiales de cara al fin de semana.<\/p>\n<p><script async src=\"https:\/\/platform.twitter.com\/widgets.js\" charset=\"utf-8\"><\/script><\/p>\n","protected":false},"excerpt":{"rendered":"Andaluc\u00eda se prepara para un importante cambio de tiempo con la llegada de la dana Alice, un sistema&hellip;\n","protected":false},"author":2,"featured_media":164318,"comment_status":"","ping_status":"","sticky":false,"template":"","format":"standard","meta":{"footnotes":""},"categories":[8],"tags":[3830,25031,13282,259,17,18,1681,25,24,13,14,3087,11,19,20,5012,6194,9,10,15,16,23,12,21,22,7996],"class_list":{"0":"post-164317","1":"post","2":"type-post","3":"status-publish","4":"format-standard","5":"has-post-thumbnail","7":"category-espana","8":"tag-alerta","9":"tag-alice","10":"tag-amarilla","11":"tag-andalucia","12":"tag-breaking-news","13":"tag-breakingnews","14":"tag-dana","15":"tag-es","16":"tag-espana","17":"tag-featured-news","18":"tag-featurednews","19":"tag-fuertes","20":"tag-headlines","21":"tag-latest-news","22":"tag-latestnews","23":"tag-llega","24":"tag-lluvias","25":"tag-news","26":"tag-noticias","27":"tag-noticias-destacadas","28":"tag-noticiasdestacadas","29":"tag-spain","30":"tag-titulares","31":"tag-ultimas-noticias","32":"tag-ultimasnoticias","33":"tag-zonas"},"share_on_mastodon":{"url":"","error":""},"_links":{"self":[{"href":"https:\/\/www.europesays.com\/es\/wp-json\/wp\/v2\/posts\/164317","targetHints":{"allow":["GET"]}}],"collection":[{"href":"https:\/\/www.europesays.com\/es\/wp-json\/wp\/v2\/posts"}],"about":[{"href":"https:\/\/www.europesays.com\/es\/wp-json\/wp\/v2\/types\/post"}],"author":[{"embeddable":true,"href":"https:\/\/www.europesays.com\/es\/wp-json\/wp\/v2\/users\/2"}],"replies":[{"embeddable":true,"href":"https:\/\/www.europesays.com\/es\/wp-json\/wp\/v2\/comments?post=164317"}],"version-history":[{"count":0,"href":"https:\/\/www.europesays.com\/es\/wp-json\/wp\/v2\/posts\/164317\/revisions"}],"wp:featuredmedia":[{"embeddable":true,"href":"https:\/\/www.europesays.com\/es\/wp-json\/wp\/v2\/media\/164318"}],"wp:attachment":[{"href":"https:\/\/www.europesays.com\/es\/wp-json\/wp\/v2\/media?parent=164317"}],"wp:term":[{"taxonomy":"category","embeddable":true,"href":"https:\/\/www.europesays.com\/es\/wp-json\/wp\/v2\/categories?post=164317"},{"taxonomy":"post_tag","embeddable":true,"href":"https:\/\/www.europesays.com\/es\/wp-json\/wp\/v2\/tags?post=164317"}],"curies":[{"name":"wp","href":"https:\/\/api.w.org\/{rel}","templated":true}]}}