{"id":164321,"date":"2025-10-09T04:35:08","date_gmt":"2025-10-09T04:35:08","guid":{"rendered":"https:\/\/www.europesays.com\/es\/164321\/"},"modified":"2025-10-09T04:35:08","modified_gmt":"2025-10-09T04:35:08","slug":"el-balonmano-a-pie-de-calle","status":"publish","type":"post","link":"https:\/\/www.europesays.com\/es\/164321\/","title":{"rendered":"El balonmano, a pie de calle"},"content":{"rendered":"<p class=\"ft-text\">La Federaci\u00f3n Gallega de Balonmano comenz\u00f3 ayer la instalaci\u00f3n de gradas y pistas en la Praza da Constituci\u00f3n para convertir A Estrada en sede de la Copa 5&#215;5 Balonm\u00e1n na R\u00faa, organizada por la Diputaci\u00f3n de Pontevedra y la propia federaci\u00f3n. La villa se suma as\u00ed a Vigo, Redondela y A Ca\u00f1iza como escenario de este evento que busca acercar el balonmano a la ciudadan\u00eda. El torneo se desarrollar\u00e1 desde ma\u00f1ana hasta el domingo, con horarios de 16.00 a 20.00 el viernes, de 10.00 a 14.00 y de 16.00 a 20.00 el s\u00e1bado, y de 10.00 a 14.00 el domingo, cuando se celebrar\u00e1 la entrega de premios.<\/p>\n<p class=\"ft-text\">La competici\u00f3n est\u00e1 abierta a equipos de entre cinco y ocho jugadores de categor\u00edas benjam\u00edn (nacidos en 2016, 2017 y 2018) y alev\u00edn (2014 y 2015). Todos recibir\u00e1n una equipaci\u00f3n y deber\u00e1n acudir acompa\u00f1ados de un responsable mayor de 16 a\u00f1os.<\/p>\n<p class=\"ft-text\">El concejal de Deportes, Ismael Pena, subray\u00f3 que la cita \u00abes una gran oportunidad para dar visibilidad al balonmano y llevarlo a la calle\u00bb. Conf\u00eda en que el evento \u00absirva de impulso definitivo para asentar este deporte en A Estrada.<\/p>\n","protected":false},"excerpt":{"rendered":"La Federaci\u00f3n Gallega de Balonmano comenz\u00f3 ayer la instalaci\u00f3n de gradas y pistas en la Praza da Constituci\u00f3n&hellip;\n","protected":false},"author":2,"featured_media":164322,"comment_status":"","ping_status":"","sticky":false,"template":"","format":"standard","meta":{"footnotes":""},"categories":[278],"tags":[376,10872,11298,168,25,24,27069,10957,375,12082,23,167],"class_list":{"0":"post-164321","1":"post","2":"type-post","3":"status-publish","4":"format-standard","5":"has-post-thumbnail","7":"category-balonmano","8":"tag-balonmano","9":"tag-calle","10":"tag-constitucion","11":"tag-deportes","12":"tag-es","13":"tag-espana","14":"tag-estrada","15":"tag-fin-de-semana","16":"tag-handball","17":"tag-pie","18":"tag-spain","19":"tag-sports"},"share_on_mastodon":{"url":"","error":""},"_links":{"self":[{"href":"https:\/\/www.europesays.com\/es\/wp-json\/wp\/v2\/posts\/164321","targetHints":{"allow":["GET"]}}],"collection":[{"href":"https:\/\/www.europesays.com\/es\/wp-json\/wp\/v2\/posts"}],"about":[{"href":"https:\/\/www.europesays.com\/es\/wp-json\/wp\/v2\/types\/post"}],"author":[{"embeddable":true,"href":"https:\/\/www.europesays.com\/es\/wp-json\/wp\/v2\/users\/2"}],"replies":[{"embeddable":true,"href":"https:\/\/www.europesays.com\/es\/wp-json\/wp\/v2\/comments?post=164321"}],"version-history":[{"count":0,"href":"https:\/\/www.europesays.com\/es\/wp-json\/wp\/v2\/posts\/164321\/revisions"}],"wp:featuredmedia":[{"embeddable":true,"href":"https:\/\/www.europesays.com\/es\/wp-json\/wp\/v2\/media\/164322"}],"wp:attachment":[{"href":"https:\/\/www.europesays.com\/es\/wp-json\/wp\/v2\/media?parent=164321"}],"wp:term":[{"taxonomy":"category","embeddable":true,"href":"https:\/\/www.europesays.com\/es\/wp-json\/wp\/v2\/categories?post=164321"},{"taxonomy":"post_tag","embeddable":true,"href":"https:\/\/www.europesays.com\/es\/wp-json\/wp\/v2\/tags?post=164321"}],"curies":[{"name":"wp","href":"https:\/\/api.w.org\/{rel}","templated":true}]}}