{"id":164323,"date":"2025-10-09T04:39:11","date_gmt":"2025-10-09T04:39:11","guid":{"rendered":"https:\/\/www.europesays.com\/es\/164323\/"},"modified":"2025-10-09T04:39:11","modified_gmt":"2025-10-09T04:39:11","slug":"los-estragos-de-shanghai-quereis-que-muera-un-tenista","status":"publish","type":"post","link":"https:\/\/www.europesays.com\/es\/164323\/","title":{"rendered":"Los estragos de Shangh\u00e1i: \u201c\u00bfQuer\u00e9is que muera un tenista?\u00bb"},"content":{"rendered":"<p class=\"\">El <b>Masters 1.000 de Shangh\u00e1i<\/b> avanza entre renuncias (la de <b>Carlos Alcaraz<\/b> tras ganar en Tokio), abandonos (el m\u00e1s notable el de <a href=\"https:\/\/as.com\/tenis\/las-condiciones-extremas-revientan-a-sinner-retirado-entre-calambres-n\/\" target=\"_self\" rel=\"nofollow noopener\" title=\"https:\/\/as.com\/tenis\/las-condiciones-extremas-revientan-a-sinner-retirado-entre-calambres-n\/\"><b>Jannik Sinner<\/b> al sufrir calambres<\/a>), sustos (los v\u00f3mitos de <b>Novak Djokovic<\/b> ante Yannick Hanfmann y <a href=\"https:\/\/as.com\/masdeporte\/polideportivo\/el-calor-y-la-humedad-causan-estragos-en-shanghai-es-dificil-respirar-en-la-pista-n\/\" target=\"_self\" rel=\"nofollow noopener\" title=\"https:\/\/as.com\/masdeporte\/polideportivo\/el-calor-y-la-humedad-causan-estragos-en-shanghai-es-dificil-respirar-en-la-pista-n\/\">sus problemas f\u00edsicos contra Jaume Munar<\/a>) y sudor, <b>r\u00edos de sudor en un ambiente agobiante, marcado por m\u00e1s de 30 grados <\/b>de temperatura que forman un magma pegajoso en combinaci\u00f3n con m\u00e1s de <b>un 80% de humedad. <\/b><\/p>\n<p class=\"\">En esas condiciones, hoy jueves se disputar\u00e1n los primeros cuartos de final, los que enfrentar\u00e1n a<b> Holger Rune (11\u00ba) contra Valentin Vacherot (204\u00ba) y a Novak Djokovic frente a Zizou Bergs (44\u00ba), este a las 12:30 (M+)<\/b>. El serbio, a sus 38 a\u00f1os, lucha contra los j\u00f3venes y contra las condiciones extremas. <b>\u201cNo recuerdo haber jugado con una humedad como esta\u201d,<\/b> rememora el campe\u00f3n de 24 grandes. \u201cEsto es igual para todos, pero <b>es brutal cuando tienes un 80% de humedad d\u00eda tras d\u00eda<\/b>, particularmente los que juegan por la ma\u00f1ana, cuando el sol hace que todo sea peor. Para m\u00ed, biol\u00f3gicamente, es m\u00e1s desafiante lidiar con este tipo de cosas\u201d, explica sin elevar tanto la voz como lo han hecho otros.<\/p>\n<p><img decoding=\"async\" src=\"https:\/\/www.europesays.com\/es\/wp-content\/uploads\/2025\/10\/BTRNAHD4MVNZ7B6LCF6OOFIWKQ.jpg\" alt=\"Los estragos de Shangh\u00e1i: \u201c\u00bfQuer\u00e9is que muera un tenista?&quot;\" height=\"4854\" width=\"7281\"   loading=\"lazy\"\/>Jannik Sinner, tras sufrir calambres frente a Tallon Griekspoor.HECTOR RETAMALL\u00edmite<\/p>\n<p class=\"\"><a href=\"https:\/\/as.com\/tenis\/masters_1000\/rune-explota-por-el-calor-en-shanghai-quieres-que-muera-algun-tenista-en-la-pista-f202510-n\/\" target=\"_self\" rel=\"nofollow noopener\" title=\"https:\/\/as.com\/tenis\/masters_1000\/rune-explota-por-el-calor-en-shanghai-quieres-que-muera-algun-tenista-en-la-pista-f202510-n\/\"><b>\u201c\u00bfQuieres que muera alg\u00fan tenista en la pista?\u201d, espet\u00f3 Rune<\/b> <\/a>al juez de silla en su partido frente a Mpetshi Perricard. \u201cCreo que <b>deber\u00edamos tener una regla frente al calor extremo como la hay en los Grand Slams<\/b>, sin duda. Podemos soportar una cierta cantidad de calor porque somos deportistas, estamos en forma, fuertes, tambi\u00e9n a nivel mental&#8230; pero hay un l\u00edmite. <b>Es importante que nos preocupemos de nuestra salud. Tenemos que sobrevivir\u201d, <\/b>aport\u00f3 luego en rueda de prensa sobre un problema que se est\u00e1 viviendo en toda la gira asi\u00e1tica, tambi\u00e9n en torneos <b>WTA como el de Wuhan (China). <\/b><\/p>\n<p class=\"\">A lo que se refer\u00eda el dan\u00e9s es a una norma, como, por ejemplo, la del <b>Open de Australia<\/b>, que elabora un \u00edndice que combina temperatura, radiaci\u00f3n solar, humedad y viento. Cuando se llega al nivel 5,<b> se juega bajo techo y se suspende los partidos en las pistas exteriores. <\/b><\/p>\n<p class=\"\">El franc\u00e9s <b>Arthur Rinderknech <\/b>(54\u00ba), una de las sorpresas que ma\u00f1ana se medir\u00e1 con Felix Auger-Aliassime, aport\u00f3 algo m\u00e1s: \u201cHay mucha <b>contaminaci\u00f3n en las grandes ciudades chinas y no ayuda<\/b>, porque una capa de nubes lo aplasta todo y cuando sale el sol, la temperatura sube por encima de los 30 grados, haciendo muy dif\u00edcil jugar\u201d. <\/p>\n<p>Noticias relacionadas<a href=\"https:\/\/as.com\/tenis\/rinderknech-aprovecha-la-crisis-de-zverev-de-minaur-alarga-su-idilio-en-pista-dura-n\/\" class=\"s_m_w\" title=\"El franc\u00e9s se hizo fuerte pese al calor para remontar ante Zverev y el tenista australiano ya suma 36 victorias en esta superficie tras vencer a Majchrzak.\" data-tb-link=\"\" rel=\"nofollow noopener\" target=\"_blank\"><img decoding=\"async\" src=\"https:\/\/www.europesays.com\/es\/wp-content\/uploads\/2025\/10\/CRVBMDD7EFMF7DENHLNQAREBZE.jpg\" alt=\"Rinderknech aprovecha la crisis de Zverev; De Mi\u00f1aur alarga su idilio en pista dura\" class=\"\" height=\"1\" width=\"1\"   loading=\"lazy\" data-tb-thumbnail=\"\"\/><\/a><a href=\"https:\/\/as.com\/tenis\/alcaraz-tiene-a-tiro-ser-numero-uno-a-final-de-ano-n\/\" class=\"s_m_w\" title=\"Con la retirada de Sinner en tercera ronda de Shangh\u00e1i, el espa\u00f1ol aumenta su ventaja en el ranking ATP y acaricia ser n\u00famero uno al acabar la temporada.\" data-tb-link=\"\" rel=\"nofollow noopener\" target=\"_blank\"><img decoding=\"async\" src=\"https:\/\/www.europesays.com\/es\/wp-content\/uploads\/2025\/10\/CYGORRG5FFNOTDQB6GJEPSYJQM.jpg\" alt=\"Alcaraz tiene a tiro ser n\u00famero uno a final de a\u00f1o\" class=\"\" height=\"1\" width=\"1\"   loading=\"lazy\" data-tb-thumbnail=\"\"\/><\/a><\/p>\n<p class=\"\">Voces que ya han llegado a los o\u00eddos de la <b>ATP, que comunic\u00f3 a Reuters que \u201cse est\u00e1n evaluando medidas<\/b>, incluida la aplicaci\u00f3n de una <b>pol\u00edtica oficial sobre el calor<\/b>, tras consultarlo con jugadores, torneos y m\u00e9dicos\u201d. <\/p>\n<p class=\"\"><b>\u00a1Tus opiniones importan!<\/b> Comenta en los art\u00edculos y suscr\u00edbete gratis a nuestra <a href=\"https:\/\/asfan.as.com\/newsletters\/\" target=\"_blank\" rel=\"nofollow noopener\" title=\"https:\/\/asfan.as.com\/newsletters\/\">newsletter<\/a> y a las alertas informativas en la <a href=\"https:\/\/as.com\/aplicacion-de-as-n\/\" target=\"_blank\" rel=\"nofollow noopener\" title=\"https:\/\/as.com\/aplicacion-de-as-n\/\">App<\/a> o el canal de <a href=\"https:\/\/www.whatsapp.com\/channel\/0029VaAasdA7j6g745nz9M10\" target=\"_blank\" rel=\"nofollow noopener\" title=\"https:\/\/www.whatsapp.com\/channel\/0029VaAasdA7j6g745nz9M10\">WhatsApp<\/a>. \u00bfBuscas licenciar contenido? Haz clic <a href=\"https:\/\/profesional.elpais.com\/soluciones-sindicacion?utm_medium=interno&amp;utm_source=crosslinking&amp;utm_campaign=sindicacion_as_pie_articulos\" target=\"_blank\" rel=\"nofollow noopener\" title=\"https:\/\/profesional.elpais.com\/soluciones-sindicacion?utm_medium=interno&amp;utm_source=crosslinking&amp;utm_campaign=sindicacion_as_pie_articulos\">aqu\u00ed<\/a><\/p>\n","protected":false},"excerpt":{"rendered":"El Masters 1.000 de Shangh\u00e1i avanza entre renuncias (la de Carlos Alcaraz tras ganar en Tokio), abandonos (el&hellip;\n","protected":false},"author":2,"featured_media":164324,"comment_status":"","ping_status":"","sticky":false,"template":"","format":"standard","meta":{"footnotes":""},"categories":[274],"tags":[168,25,24,23,167,327,326],"class_list":{"0":"post-164323","1":"post","2":"type-post","3":"status-publish","4":"format-standard","5":"has-post-thumbnail","7":"category-tenis","8":"tag-deportes","9":"tag-es","10":"tag-espana","11":"tag-spain","12":"tag-sports","13":"tag-tenis","14":"tag-tennis"},"share_on_mastodon":{"url":"","error":""},"_links":{"self":[{"href":"https:\/\/www.europesays.com\/es\/wp-json\/wp\/v2\/posts\/164323","targetHints":{"allow":["GET"]}}],"collection":[{"href":"https:\/\/www.europesays.com\/es\/wp-json\/wp\/v2\/posts"}],"about":[{"href":"https:\/\/www.europesays.com\/es\/wp-json\/wp\/v2\/types\/post"}],"author":[{"embeddable":true,"href":"https:\/\/www.europesays.com\/es\/wp-json\/wp\/v2\/users\/2"}],"replies":[{"embeddable":true,"href":"https:\/\/www.europesays.com\/es\/wp-json\/wp\/v2\/comments?post=164323"}],"version-history":[{"count":0,"href":"https:\/\/www.europesays.com\/es\/wp-json\/wp\/v2\/posts\/164323\/revisions"}],"wp:featuredmedia":[{"embeddable":true,"href":"https:\/\/www.europesays.com\/es\/wp-json\/wp\/v2\/media\/164324"}],"wp:attachment":[{"href":"https:\/\/www.europesays.com\/es\/wp-json\/wp\/v2\/media?parent=164323"}],"wp:term":[{"taxonomy":"category","embeddable":true,"href":"https:\/\/www.europesays.com\/es\/wp-json\/wp\/v2\/categories?post=164323"},{"taxonomy":"post_tag","embeddable":true,"href":"https:\/\/www.europesays.com\/es\/wp-json\/wp\/v2\/tags?post=164323"}],"curies":[{"name":"wp","href":"https:\/\/api.w.org\/{rel}","templated":true}]}}