{"id":164327,"date":"2025-10-09T04:42:10","date_gmt":"2025-10-09T04:42:10","guid":{"rendered":"https:\/\/www.europesays.com\/es\/164327\/"},"modified":"2025-10-09T04:42:10","modified_gmt":"2025-10-09T04:42:10","slug":"seria-un-desafio-lindo-marcar-a-ricky-rubio","status":"publish","type":"post","link":"https:\/\/www.europesays.com\/es\/164327\/","title":{"rendered":"Ser\u00eda un desaf\u00edo lindo marcar a Ricky Rubio"},"content":{"rendered":"<p>            Joaqu\u00edn Rodr\u00edguez: \u00abSer\u00eda un desaf\u00edo lindo marcar a Ricky Rubio\u00bb                <\/p>\n<p>Joaqu\u00edn Rodr\u00edguez: \u00abSer\u00eda un desaf\u00edo lindo marcar a Ricky Rubio\u00bb<\/p>\n<p class=\"paragraph\">La segunda jornada de la Liga Endesa ACB llevar\u00e1 al Casademont Zaragoza hasta Badalona. All\u00ed, este fin de semana, <b>Ricky Rubio regresar\u00e1 a casa con su Joventut despu\u00e9s de haber firmado un soberbio estreno en Granada (18 puntos, 30 de valoraci\u00f3n)<\/b>. Enfrente, su marcador bien podr\u00eda <b>ser Joaqu\u00edn Rodr\u00edguez, que ha firmado un brillante inicio liguero<\/b> con el conjunto aragon\u00e9s. \u201cTodav\u00eda no s\u00e9 a qui\u00e9n voy a marcar, ser\u00eda una desaf\u00edo muy lindo marcar a Ricky. Es muy lindo para la ACB que un jugador de ese nivel vuelva a jugar. Va a ser algo muy bonito\u201d, afirm\u00f3 este mi\u00e9rcoles el exterior uruguayo.<\/p>\n<p>            Conforme a los criterios de<br \/>\n            <a class=\"trustproject_img\" id=\"trustproject_img\" href=\"https:\/\/thetrustproject.org\/\" target=\"_blank\" rel=\"nofollow noopener\" aria-label=\"Trust Project\"><img decoding=\"async\" loading=\"lazy\" src=\"https:\/\/www.heraldo.es\/images\/Trust-Logo-Horizontal.svg\" alt=\"Logo Trust Project\" width=\"200\" height=\"34\"\/><\/a><\/p>\n<p>        <a href=\"https:\/\/www.henneo.com\/\" title=\"Grupo Henneo\" class=\"logo\" rel=\"nofollow noopener\" target=\"_blank\"><br \/>\n            <img decoding=\"async\" src=\"https:\/\/www.heraldo.es\/images\/logo_henneo_gris.svg\" alt=\"Logo Henneo\" width=\"559\" height=\"389\" loading=\"lazy\"\/><br \/>\n        <\/a><\/p>\n<p>\u00a9 HERALDO DE ARAGON EDITORA, S.L.U.<br \/>Tel\u00e9fono 976 765 000 \/ &#8211; P\u00ba. Independencia, 29, 50001 Zaragoza &#8211; CIF: B99288763 &#8211; Inscrita en el Registro Mercantil de Zaragoza al Tomo 3796, Libro 0, Folio 177, Secci\u00f3n 8, Hoja Z-50564<br \/>Queda prohibida toda reproducci\u00f3n sin permiso escrito de la empresa a los efectos del art\u00edculo 32.1, p\u00e1rrafo segundo, de la Ley de Propiedad Intelectual<\/p>\n<p>\n                P\u00ba Independencia, 29, 50001 Zaragoza<br \/> Tel\u00e9fono 976 765 000\n            <\/p>\n<p>                    Actualmente tu navegador no permite ejecutar JavaScript. Para poder disfrutar de nuestro contenido es necesario que lo permita.<br \/>\n                                        <img decoding=\"async\" loading=\"lazy\" alt=\"Heraldo logo\" src=\"https:\/\/dkumiip2e9ary.cloudfront.net\/xalok\/heraldo\/especiales\/hola-de-nuevo\/logo-heraldo.svg\" width=\"215\" height=\"43\"\/><\/p>\n","protected":false},"excerpt":{"rendered":"Joaqu\u00edn Rodr\u00edguez: \u00abSer\u00eda un desaf\u00edo lindo marcar a Ricky Rubio\u00bb Joaqu\u00edn Rodr\u00edguez: \u00abSer\u00eda un desaf\u00edo lindo marcar a&hellip;\n","protected":false},"author":2,"featured_media":164328,"comment_status":"","ping_status":"","sticky":false,"template":"","format":"standard","meta":{"footnotes":""},"categories":[269],"tags":[299,298,168,10897,25,24,8488,23979,416,14346,23,167],"class_list":{"0":"post-164327","1":"post","2":"type-post","3":"status-publish","4":"format-standard","5":"has-post-thumbnail","7":"category-baloncesto","8":"tag-baloncesto","9":"tag-basketball","10":"tag-deportes","11":"tag-desafio","12":"tag-es","13":"tag-espana","14":"tag-joaquin","15":"tag-marcar","16":"tag-rodriguez","17":"tag-rubio","18":"tag-spain","19":"tag-sports"},"share_on_mastodon":{"url":"","error":""},"_links":{"self":[{"href":"https:\/\/www.europesays.com\/es\/wp-json\/wp\/v2\/posts\/164327","targetHints":{"allow":["GET"]}}],"collection":[{"href":"https:\/\/www.europesays.com\/es\/wp-json\/wp\/v2\/posts"}],"about":[{"href":"https:\/\/www.europesays.com\/es\/wp-json\/wp\/v2\/types\/post"}],"author":[{"embeddable":true,"href":"https:\/\/www.europesays.com\/es\/wp-json\/wp\/v2\/users\/2"}],"replies":[{"embeddable":true,"href":"https:\/\/www.europesays.com\/es\/wp-json\/wp\/v2\/comments?post=164327"}],"version-history":[{"count":0,"href":"https:\/\/www.europesays.com\/es\/wp-json\/wp\/v2\/posts\/164327\/revisions"}],"wp:featuredmedia":[{"embeddable":true,"href":"https:\/\/www.europesays.com\/es\/wp-json\/wp\/v2\/media\/164328"}],"wp:attachment":[{"href":"https:\/\/www.europesays.com\/es\/wp-json\/wp\/v2\/media?parent=164327"}],"wp:term":[{"taxonomy":"category","embeddable":true,"href":"https:\/\/www.europesays.com\/es\/wp-json\/wp\/v2\/categories?post=164327"},{"taxonomy":"post_tag","embeddable":true,"href":"https:\/\/www.europesays.com\/es\/wp-json\/wp\/v2\/tags?post=164327"}],"curies":[{"name":"wp","href":"https:\/\/api.w.org\/{rel}","templated":true}]}}